{"id":577109,"date":"2024-11-25T00:16:01","date_gmt":"2024-11-25T04:16:01","guid":{"rendered":"https:\/\/diariodominicano.com\/?p=577109"},"modified":"2026-01-02T18:16:45","modified_gmt":"2026-01-02T22:16:45","slug":"ha-llegado-el-momento-de-poner-fin-al-caos-del-prm","status":"publish","type":"post","link":"https:\/\/diariodominicano.com\/?p=577109","title":{"rendered":"Alcald\u00eda del Distrito Nacional retira chatarras durante operativo en Villa Juana"},"content":{"rendered":"\n<p>El operativo forma parte de las iniciativas que impulsa la alcaldesa Carolina Mej\u00eda  para transformar el DN <\/p>\n\n\n\n<p>Santo Domingo, DN \u2013 Dando r\u00e1pida respuesta a una denuncia, la Alcald\u00eda del Distrito Nacional, a trav\u00e9s de la Direcci\u00f3n de Defensor\u00eda y Uso de Espacios P\u00fablicos, retir\u00f3 cuatro veh\u00edculos en condici\u00f3n de chatarra que se encontraban abandonados en Villa Juana.<\/p>\n\n\n\n<p>El retiro de las chatarras se llev\u00f3 a cabo en la calle Moca del referido sector capitalino, luego de que un oyente hiciera una denuncia en el espacio radial La Z con el Pueblo.<\/p>\n\n\n\n<figure class=\"wp-block-gallery has-nested-images columns-default is-cropped wp-block-gallery-1 is-layout-flex wp-block-gallery-is-layout-flex\">\n<figure class=\"wp-block-image size-large\"><img loading=\"lazy\" decoding=\"async\" width=\"576\" height=\"1024\" data-id=\"577284\" src=\"https:\/\/diariodominicano.com\/wp-content\/uploads\/2024\/11\/Alcaldia-del-DN-retira-chatarras-durante-operativo-en-Villa-Juana-576x1024.jpeg\" alt=\"\" class=\"wp-image-577284\" srcset=\"https:\/\/diariodominicano.com\/wp-content\/uploads\/2024\/11\/Alcaldia-del-DN-retira-chatarras-durante-operativo-en-Villa-Juana-576x1024.jpeg 576w, https:\/\/diariodominicano.com\/wp-content\/uploads\/2024\/11\/Alcaldia-del-DN-retira-chatarras-durante-operativo-en-Villa-Juana-169x300.jpeg 169w, https:\/\/diariodominicano.com\/wp-content\/uploads\/2024\/11\/Alcaldia-del-DN-retira-chatarras-durante-operativo-en-Villa-Juana-768x1365.jpeg 768w, https:\/\/diariodominicano.com\/wp-content\/uploads\/2024\/11\/Alcaldia-del-DN-retira-chatarras-durante-operativo-en-Villa-Juana-864x1536.jpeg 864w, https:\/\/diariodominicano.com\/wp-content\/uploads\/2024\/11\/Alcaldia-del-DN-retira-chatarras-durante-operativo-en-Villa-Juana-816x1451.jpeg 816w, https:\/\/diariodominicano.com\/wp-content\/uploads\/2024\/11\/Alcaldia-del-DN-retira-chatarras-durante-operativo-en-Villa-Juana.jpeg 900w\" sizes=\"auto, (max-width: 576px) 100vw, 576px\" \/><\/figure>\n\n\n\n<figure class=\"wp-block-image size-large\"><img loading=\"lazy\" decoding=\"async\" width=\"768\" height=\"1024\" data-id=\"577283\" src=\"https:\/\/diariodominicano.com\/wp-content\/uploads\/2024\/11\/Alcaldia-del-Distrito-Nacional-retira-chatarras-durante-operativo-Villa-Juana-768x1024.jpeg\" alt=\"\" class=\"wp-image-577283\" srcset=\"https:\/\/diariodominicano.com\/wp-content\/uploads\/2024\/11\/Alcaldia-del-Distrito-Nacional-retira-chatarras-durante-operativo-Villa-Juana-768x1024.jpeg 768w, https:\/\/diariodominicano.com\/wp-content\/uploads\/2024\/11\/Alcaldia-del-Distrito-Nacional-retira-chatarras-durante-operativo-Villa-Juana-225x300.jpeg 225w, https:\/\/diariodominicano.com\/wp-content\/uploads\/2024\/11\/Alcaldia-del-Distrito-Nacional-retira-chatarras-durante-operativo-Villa-Juana-1152x1536.jpeg 1152w, https:\/\/diariodominicano.com\/wp-content\/uploads\/2024\/11\/Alcaldia-del-Distrito-Nacional-retira-chatarras-durante-operativo-Villa-Juana-816x1088.jpeg 816w, https:\/\/diariodominicano.com\/wp-content\/uploads\/2024\/11\/Alcaldia-del-Distrito-Nacional-retira-chatarras-durante-operativo-Villa-Juana.jpeg 1200w\" sizes=\"auto, (max-width: 768px) 100vw, 768px\" \/><\/figure>\n<\/figure>\n\n\n\n<p>La iniciativa, encabezada por el teniente coronel Jos\u00e9 An\u00edbal Sanz Melo, director de Espacios P\u00fablicos, busca mejorar la movilidad peatonal y vehicular, a trav\u00e9s de la promoci\u00f3n de un entorno limpio y ordenado.<\/p>\n\n\n\n<p>Bajo las directrices de la alcaldesa Carolina Mej\u00eda, la Direcci\u00f3n de Defensor\u00eda y Uso de Espacios P\u00fablicos ha fortalecido sus operativos, reafirmando el compromiso del ayuntamiento con transferir bienestar a los ciudadanos a trav\u00e9s de acciones que incluyen el retiro de veh\u00edculos y cierre de negocios que operan de forma ilegal, obstruyendo las aceras.<\/p>\n\n\n\n<figure class=\"wp-block-gallery has-nested-images columns-default is-cropped wp-block-gallery-2 is-layout-flex wp-block-gallery-is-layout-flex\">\n<figure class=\"wp-block-image size-large\"><img loading=\"lazy\" decoding=\"async\" width=\"768\" height=\"1024\" data-id=\"577285\" src=\"https:\/\/diariodominicano.com\/wp-content\/uploads\/2024\/11\/Alcaldia-Distrito-Nacional-retira-chatarras-durante-operativo-en-Villa-Juana-768x1024.jpeg\" alt=\"\" class=\"wp-image-577285\" srcset=\"https:\/\/diariodominicano.com\/wp-content\/uploads\/2024\/11\/Alcaldia-Distrito-Nacional-retira-chatarras-durante-operativo-en-Villa-Juana-768x1024.jpeg 768w, https:\/\/diariodominicano.com\/wp-content\/uploads\/2024\/11\/Alcaldia-Distrito-Nacional-retira-chatarras-durante-operativo-en-Villa-Juana-225x300.jpeg 225w, https:\/\/diariodominicano.com\/wp-content\/uploads\/2024\/11\/Alcaldia-Distrito-Nacional-retira-chatarras-durante-operativo-en-Villa-Juana-1152x1536.jpeg 1152w, https:\/\/diariodominicano.com\/wp-content\/uploads\/2024\/11\/Alcaldia-Distrito-Nacional-retira-chatarras-durante-operativo-en-Villa-Juana-816x1088.jpeg 816w, https:\/\/diariodominicano.com\/wp-content\/uploads\/2024\/11\/Alcaldia-Distrito-Nacional-retira-chatarras-durante-operativo-en-Villa-Juana.jpeg 1200w\" sizes=\"auto, (max-width: 768px) 100vw, 768px\" \/><\/figure>\n<\/figure>\n\n\n\n<p>Anteriormente, el sector de Villa Juana hab\u00eda sido impactado con el retiro de chatarras en la Arturo Logro\u00f1o, Juan Erazo, Marcos Ad\u00f3n y Manuel Ubaldo G\u00f3mez.<\/p>\n\n\n\n<p>Adem\u00e1s, en los \u00faltimos meses se han ejecutado operativos para recuperar espacios p\u00fablicos en Honduras, Manganagua, Ensanche La Paz, Ensanche Quisqueya, Villas Agr\u00edcolas y las avenidas Cayetano Germos\u00e9n y Albert Thomas.<\/p>\n\n\n\n<p><strong>Direccion de Comunicaciones<\/strong><\/p>\n\n\n\n<p><\/p>\n","protected":false},"excerpt":{"rendered":"<p>El operativo forma parte de las iniciativas que impulsa la alcaldesa Carolina Mej\u00eda para transformar el DN Santo Domingo, DN \u2013 Dando r\u00e1pida respuesta a una denuncia, la Alcald\u00eda del Distrito Nacional, a trav\u00e9s de la Direcci\u00f3n de Defensor\u00eda y Uso de Espacios P\u00fablicos, retir\u00f3 cuatro veh\u00edculos en condici\u00f3n de chatarra que se encontraban abandonados [&hellip;]<\/p>\n","protected":false},"author":7,"featured_media":577282,"comment_status":"closed","ping_status":"closed","sticky":false,"template":"","format":"standard","meta":{"footnotes":""},"categories":[22],"tags":[1016],"class_list":["post-577109","post","type-post","status-publish","format-standard","has-post-thumbnail","hentry","category-politica","tag-alcaldia-del-distrito-nacional"],"_links":{"self":[{"href":"https:\/\/diariodominicano.com\/index.php?rest_route=\/wp\/v2\/posts\/577109","targetHints":{"allow":["GET"]}}],"collection":[{"href":"https:\/\/diariodominicano.com\/index.php?rest_route=\/wp\/v2\/posts"}],"about":[{"href":"https:\/\/diariodominicano.com\/index.php?rest_route=\/wp\/v2\/types\/post"}],"author":[{"embeddable":true,"href":"https:\/\/diariodominicano.com\/index.php?rest_route=\/wp\/v2\/users\/7"}],"replies":[{"embeddable":true,"href":"https:\/\/diariodominicano.com\/index.php?rest_route=%2Fwp%2Fv2%2Fcomments&post=577109"}],"version-history":[{"count":2,"href":"https:\/\/diariodominicano.com\/index.php?rest_route=\/wp\/v2\/posts\/577109\/revisions"}],"predecessor-version":[{"id":577288,"href":"https:\/\/diariodominicano.com\/index.php?rest_route=\/wp\/v2\/posts\/577109\/revisions\/577288"}],"wp:featuredmedia":[{"embeddable":true,"href":"https:\/\/diariodominicano.com\/index.php?rest_route=\/wp\/v2\/media\/577282"}],"wp:attachment":[{"href":"https:\/\/diariodominicano.com\/index.php?rest_route=%2Fwp%2Fv2%2Fmedia&parent=577109"}],"wp:term":[{"taxonomy":"category","embeddable":true,"href":"https:\/\/diariodominicano.com\/index.php?rest_route=%2Fwp%2Fv2%2Fcategories&post=577109"},{"taxonomy":"post_tag","embeddable":true,"href":"https:\/\/diariodominicano.com\/index.php?rest_route=%2Fwp%2Fv2%2Ftags&post=577109"}],"curies":[{"name":"wp","href":"https:\/\/api.w.org\/{rel}","templated":true}]}}