{"id":577108,"date":"2024-11-24T19:53:00","date_gmt":"2024-11-24T23:53:00","guid":{"rendered":"https:\/\/diariodominicano.com\/?p=577108"},"modified":"2024-11-24T19:57:54","modified_gmt":"2024-11-24T23:57:54","slug":"bismarck-morales-lanza-su-candidatura-a-la-presidencia-del-circulo-de-locutores-dominicanos","status":"publish","type":"post","link":"https:\/\/diariodominicano.com\/?p=577108","title":{"rendered":"Bismarck Morales lanza su candidatura a la presidencia del C\u00edrculo de Locutores Dominicanos"},"content":{"rendered":"\n<p>Bajo el lema \u201cUnidos para Renacer y Trascender\u201d, el destacado locutor, Bismarck Morales Jim\u00e9nez, present\u00f3 su candidatura a la presidencia del C\u00edrculo de Locutores Dominicanos para el periodo 2024-2027.<\/p>\n\n\n\n<p>Al dirigirse a los presentes, el tambi\u00e9n psic\u00f3logo cl\u00ednico y logoterapeuta Bismarck Morales expres\u00f3: \u201cMe presento ante ustedes con la firme convicci\u00f3n de que juntos podemos llevar nuestra profesi\u00f3n a nuevos horizontes\u201d.<\/p>\n\n\n\n<p>Destac\u00f3 que dentro de su programa de gesti\u00f3n est\u00e1 contemplada la profesionalizaci\u00f3n del sector locutoril, la recuperaci\u00f3n de la premiaci\u00f3n \u201cCabina de la Fama\u201d, el relanzamiento de los premios \u201cMicr\u00f3fono de Oro\u201d, as\u00ed como la adquisici\u00f3n de una frecuencia radial a trav\u00e9s del Indotel.<\/p>\n\n\n\n<figure class=\"wp-block-gallery has-nested-images columns-default is-cropped wp-block-gallery-1 is-layout-flex wp-block-gallery-is-layout-flex\">\n<figure class=\"wp-block-image size-large\"><img loading=\"lazy\" decoding=\"async\" width=\"683\" height=\"1024\" data-id=\"577180\" src=\"https:\/\/diariodominicano.com\/wp-content\/uploads\/2024\/11\/Ana-Daisy-Guerrero-Bismarck-Morales-y-Nancy-Santana-683x1024.jpg\" alt=\"\" class=\"wp-image-577180\" srcset=\"https:\/\/diariodominicano.com\/wp-content\/uploads\/2024\/11\/Ana-Daisy-Guerrero-Bismarck-Morales-y-Nancy-Santana-683x1024.jpg 683w, https:\/\/diariodominicano.com\/wp-content\/uploads\/2024\/11\/Ana-Daisy-Guerrero-Bismarck-Morales-y-Nancy-Santana-200x300.jpg 200w, https:\/\/diariodominicano.com\/wp-content\/uploads\/2024\/11\/Ana-Daisy-Guerrero-Bismarck-Morales-y-Nancy-Santana-768x1151.jpg 768w, https:\/\/diariodominicano.com\/wp-content\/uploads\/2024\/11\/Ana-Daisy-Guerrero-Bismarck-Morales-y-Nancy-Santana-1025x1536.jpg 1025w, https:\/\/diariodominicano.com\/wp-content\/uploads\/2024\/11\/Ana-Daisy-Guerrero-Bismarck-Morales-y-Nancy-Santana-816x1223.jpg 816w, https:\/\/diariodominicano.com\/wp-content\/uploads\/2024\/11\/Ana-Daisy-Guerrero-Bismarck-Morales-y-Nancy-Santana.jpg 1344w\" sizes=\"auto, (max-width: 683px) 100vw, 683px\" \/><figcaption class=\"wp-element-caption\">Ana Daisy Guerrero, Bismarck Morales y Nancy Santana <\/figcaption><\/figure>\n<\/figure>\n\n\n\n<p>Asimismo, manifest\u00f3 que continuar\u00e1 con el plan nacional de pensiones, fortalecer\u00e1 la educaci\u00f3n continua, gestionar\u00e1 \u201cLa Casa del Locutor\u201d y recuperar\u00e1 el local del V Centenario, entre otros.<\/p>\n\n\n\n<p>La plancha que encabeza Bismarck Morales est\u00e1 integrada, adem\u00e1s, por Nancy Santana, Vicepresidente; Giovanni Matos, Secretario General; Aridio Castillo, Secretario de Finanzas; V\u00edctor Pe\u00f1a, Secretario de Organizaci\u00f3n; Sugey De Jes\u00fas Ives, Secretaria de Relaciones Internacionales, y Ana Delfi Ulloa, Secretaria de Relaciones P\u00fablicas.<\/p>\n\n\n\n<figure class=\"wp-block-gallery has-nested-images columns-default is-cropped wp-block-gallery-2 is-layout-flex wp-block-gallery-is-layout-flex\">\n<figure class=\"wp-block-image size-large\"><img loading=\"lazy\" decoding=\"async\" width=\"681\" height=\"1024\" data-id=\"577179\" src=\"https:\/\/diariodominicano.com\/wp-content\/uploads\/2024\/11\/Eddy-Martinez-Manzueta-y-Hilda-Maria-Peguero-681x1024.jpg\" alt=\"\" class=\"wp-image-577179\" srcset=\"https:\/\/diariodominicano.com\/wp-content\/uploads\/2024\/11\/Eddy-Martinez-Manzueta-y-Hilda-Maria-Peguero-681x1024.jpg 681w, https:\/\/diariodominicano.com\/wp-content\/uploads\/2024\/11\/Eddy-Martinez-Manzueta-y-Hilda-Maria-Peguero-200x300.jpg 200w, https:\/\/diariodominicano.com\/wp-content\/uploads\/2024\/11\/Eddy-Martinez-Manzueta-y-Hilda-Maria-Peguero-768x1154.jpg 768w, https:\/\/diariodominicano.com\/wp-content\/uploads\/2024\/11\/Eddy-Martinez-Manzueta-y-Hilda-Maria-Peguero-1022x1536.jpg 1022w, https:\/\/diariodominicano.com\/wp-content\/uploads\/2024\/11\/Eddy-Martinez-Manzueta-y-Hilda-Maria-Peguero-816x1226.jpg 816w, https:\/\/diariodominicano.com\/wp-content\/uploads\/2024\/11\/Eddy-Martinez-Manzueta-y-Hilda-Maria-Peguero.jpg 1164w\" sizes=\"auto, (max-width: 681px) 100vw, 681px\" \/><figcaption class=\"wp-element-caption\">Eddy Mart\u00ednez Manzueta y Hilda Mar\u00eda Peguero <\/figcaption><\/figure>\n<\/figure>\n\n\n\n<p>Adem\u00e1s, incluye a Luis Peralta L\u00f3pez, Secretario de Recreaci\u00f3n y Deportes; Dionys D\u00edaz, Secretario de Asistencia Social; Stephanie Guerrero, Secretaria de Prensa y Propaganda; Luis Alberto Perdomo, Secretario de Educaci\u00f3n y Cultura; Danilo Almanzar, Primer Vocal; Juan Alberto \u00c1vila, Segundo Vocal. El Tribunal Disciplinario qued\u00f3 presidido por Bienvenido Am\u00e9rico Celado, con Rom\u00e1n Ozoria, Gabino Salazar y Carlos Ventura como Consultor Jur\u00eddico.<\/p>\n\n\n\n<figure class=\"wp-block-gallery has-nested-images columns-default is-cropped wp-block-gallery-3 is-layout-flex wp-block-gallery-is-layout-flex\">\n<figure class=\"wp-block-image size-large\"><img loading=\"lazy\" decoding=\"async\" width=\"683\" height=\"1024\" data-id=\"577178\" src=\"https:\/\/diariodominicano.com\/wp-content\/uploads\/2024\/11\/Yolanda-Manan-y-Hector-Herrera-Cabral-683x1024.jpg\" alt=\"\" class=\"wp-image-577178\" srcset=\"https:\/\/diariodominicano.com\/wp-content\/uploads\/2024\/11\/Yolanda-Manan-y-Hector-Herrera-Cabral-683x1024.jpg 683w, https:\/\/diariodominicano.com\/wp-content\/uploads\/2024\/11\/Yolanda-Manan-y-Hector-Herrera-Cabral-200x300.jpg 200w, https:\/\/diariodominicano.com\/wp-content\/uploads\/2024\/11\/Yolanda-Manan-y-Hector-Herrera-Cabral-768x1152.jpg 768w, https:\/\/diariodominicano.com\/wp-content\/uploads\/2024\/11\/Yolanda-Manan-y-Hector-Herrera-Cabral-1024x1536.jpg 1024w, https:\/\/diariodominicano.com\/wp-content\/uploads\/2024\/11\/Yolanda-Manan-y-Hector-Herrera-Cabral-816x1224.jpg 816w, https:\/\/diariodominicano.com\/wp-content\/uploads\/2024\/11\/Yolanda-Manan-y-Hector-Herrera-Cabral.jpg 1311w\" sizes=\"auto, (max-width: 683px) 100vw, 683px\" \/><figcaption class=\"wp-element-caption\">Yolanda Ma\u00f1\u00e1n y H\u00e9ctor Herrera Cabral <\/figcaption><\/figure>\n<\/figure>\n\n\n\n<p>Morales Jim\u00e9nez indic\u00f3 que este equipo de profesionales de la palabra hablada cuenta con la asesor\u00eda de Ana Daisy Guerrero, Joseph B\u00e1ez, Eugenio Mieses, George Rodr\u00edguez, Marisol P\u00e9rez Vda. Rivera, Nikauly de la Mota, Lissette Selman, entre otros.<\/p>\n\n\n\n<figure class=\"wp-block-gallery has-nested-images columns-default is-cropped wp-block-gallery-4 is-layout-flex wp-block-gallery-is-layout-flex\">\n<figure class=\"wp-block-image size-large\"><img loading=\"lazy\" decoding=\"async\" width=\"683\" height=\"1024\" data-id=\"577177\" src=\"https:\/\/diariodominicano.com\/wp-content\/uploads\/2024\/11\/Junior-Jorge-y-Pedro-Vargas-683x1024.jpg\" alt=\"\" class=\"wp-image-577177\" srcset=\"https:\/\/diariodominicano.com\/wp-content\/uploads\/2024\/11\/Junior-Jorge-y-Pedro-Vargas-683x1024.jpg 683w, https:\/\/diariodominicano.com\/wp-content\/uploads\/2024\/11\/Junior-Jorge-y-Pedro-Vargas-200x300.jpg 200w, https:\/\/diariodominicano.com\/wp-content\/uploads\/2024\/11\/Junior-Jorge-y-Pedro-Vargas-768x1152.jpg 768w, https:\/\/diariodominicano.com\/wp-content\/uploads\/2024\/11\/Junior-Jorge-y-Pedro-Vargas-1024x1536.jpg 1024w, https:\/\/diariodominicano.com\/wp-content\/uploads\/2024\/11\/Junior-Jorge-y-Pedro-Vargas-1365x2048.jpg 1365w, https:\/\/diariodominicano.com\/wp-content\/uploads\/2024\/11\/Junior-Jorge-y-Pedro-Vargas-816x1224.jpg 816w, https:\/\/diariodominicano.com\/wp-content\/uploads\/2024\/11\/Junior-Jorge-y-Pedro-Vargas.jpg 1380w\" sizes=\"auto, (max-width: 683px) 100vw, 683px\" \/><figcaption class=\"wp-element-caption\">Junior Jorge y Pedro Vargas <\/figcaption><\/figure>\n<\/figure>\n\n\n\n<p>Aprovech\u00f3 el momento para hacer un llamado a toda la membres\u00eda a que acudan masivamente a votar por la plancha \u201cUnidos para Renacer y Trascender\u201d este domingo 1 de diciembre en la sede del C\u00edrculo de Locutores Dominicanos, ubicada en la calle Santiago no. 556, esquina Pedro Ignacio Espaillat, en el sector de Gascue.<\/p>\n\n\n\n<figure class=\"wp-block-gallery has-nested-images columns-default is-cropped wp-block-gallery-5 is-layout-flex wp-block-gallery-is-layout-flex\">\n<figure class=\"wp-block-image size-large\"><img loading=\"lazy\" decoding=\"async\" width=\"683\" height=\"1024\" data-id=\"577176\" src=\"https:\/\/diariodominicano.com\/wp-content\/uploads\/2024\/11\/Anny-Matos-y-Edison-Cordero-683x1024.jpg\" alt=\"\" class=\"wp-image-577176\" srcset=\"https:\/\/diariodominicano.com\/wp-content\/uploads\/2024\/11\/Anny-Matos-y-Edison-Cordero-683x1024.jpg 683w, https:\/\/diariodominicano.com\/wp-content\/uploads\/2024\/11\/Anny-Matos-y-Edison-Cordero-200x300.jpg 200w, https:\/\/diariodominicano.com\/wp-content\/uploads\/2024\/11\/Anny-Matos-y-Edison-Cordero-768x1151.jpg 768w, https:\/\/diariodominicano.com\/wp-content\/uploads\/2024\/11\/Anny-Matos-y-Edison-Cordero-1025x1536.jpg 1025w, https:\/\/diariodominicano.com\/wp-content\/uploads\/2024\/11\/Anny-Matos-y-Edison-Cordero-816x1223.jpg 816w, https:\/\/diariodominicano.com\/wp-content\/uploads\/2024\/11\/Anny-Matos-y-Edison-Cordero.jpg 1347w\" sizes=\"auto, (max-width: 683px) 100vw, 683px\" \/><figcaption class=\"wp-element-caption\">Anny Matos y Edison Cordero <\/figcaption><\/figure>\n<\/figure>\n\n\n\n<p>La actividad fue llevada a cabo en el sal\u00f3n Dulce Mar\u00eda de \u2018Vargas Catering\u2019, donde se dieron cita renombrados locutores, personalidades y empresarios, y estuvo bajo la conducci\u00f3n del destacado locutor Miguel Susana.<\/p>\n\n\n\n<p>El gesto del senador Fulcar refuerza su compromiso de seguir trabajando por el bienestar de las familias m\u00e1s vulnerables de la provincia Peravia.<\/p>\n\n\n\n<p>Press Media Center &lt;info@pressmediacenter.com&gt;<\/p>\n","protected":false},"excerpt":{"rendered":"<p>Bajo el lema \u201cUnidos para Renacer y Trascender\u201d, el destacado locutor, Bismarck Morales Jim\u00e9nez, present\u00f3 su candidatura a la presidencia del C\u00edrculo de Locutores Dominicanos para el periodo 2024-2027. Al dirigirse a los presentes, el tambi\u00e9n psic\u00f3logo cl\u00ednico y logoterapeuta Bismarck Morales expres\u00f3: \u201cMe presento ante ustedes con la firme convicci\u00f3n de que juntos podemos [&hellip;]<\/p>\n","protected":false},"author":7,"featured_media":577181,"comment_status":"closed","ping_status":"closed","sticky":false,"template":"","format":"standard","meta":{"footnotes":""},"categories":[25],"tags":[1015],"class_list":["post-577108","post","type-post","status-publish","format-standard","has-post-thumbnail","hentry","category-gente","tag-circulo-de-locutores-dominicanos"],"_links":{"self":[{"href":"https:\/\/diariodominicano.com\/index.php?rest_route=\/wp\/v2\/posts\/577108","targetHints":{"allow":["GET"]}}],"collection":[{"href":"https:\/\/diariodominicano.com\/index.php?rest_route=\/wp\/v2\/posts"}],"about":[{"href":"https:\/\/diariodominicano.com\/index.php?rest_route=\/wp\/v2\/types\/post"}],"author":[{"embeddable":true,"href":"https:\/\/diariodominicano.com\/index.php?rest_route=\/wp\/v2\/users\/7"}],"replies":[{"embeddable":true,"href":"https:\/\/diariodominicano.com\/index.php?rest_route=%2Fwp%2Fv2%2Fcomments&post=577108"}],"version-history":[{"count":1,"href":"https:\/\/diariodominicano.com\/index.php?rest_route=\/wp\/v2\/posts\/577108\/revisions"}],"predecessor-version":[{"id":577219,"href":"https:\/\/diariodominicano.com\/index.php?rest_route=\/wp\/v2\/posts\/577108\/revisions\/577219"}],"wp:featuredmedia":[{"embeddable":true,"href":"https:\/\/diariodominicano.com\/index.php?rest_route=\/wp\/v2\/media\/577181"}],"wp:attachment":[{"href":"https:\/\/diariodominicano.com\/index.php?rest_route=%2Fwp%2Fv2%2Fmedia&parent=577108"}],"wp:term":[{"taxonomy":"category","embeddable":true,"href":"https:\/\/diariodominicano.com\/index.php?rest_route=%2Fwp%2Fv2%2Fcategories&post=577108"},{"taxonomy":"post_tag","embeddable":true,"href":"https:\/\/diariodominicano.com\/index.php?rest_route=%2Fwp%2Fv2%2Ftags&post=577108"}],"curies":[{"name":"wp","href":"https:\/\/api.w.org\/{rel}","templated":true}]}}