{"id":577092,"date":"2024-11-24T13:45:58","date_gmt":"2024-11-24T17:45:58","guid":{"rendered":"https:\/\/diariodominicano.com\/?p=577092"},"modified":"2024-11-24T13:46:05","modified_gmt":"2024-11-24T17:46:05","slug":"tiroteo-cerca-de-embajada-israeli-en-jordania-deja-un-agresor-muerto-y-tres-heridos","status":"publish","type":"post","link":"https:\/\/diariodominicano.com\/?p=577092","title":{"rendered":"Tiroteo cerca de embajada israel\u00ed en Jordania deja un agresor muerto y tres heridos"},"content":{"rendered":"\n<p>diariodominicano.com<\/p>\n\n\n\n<p>AM\u00c1N, 24 nov (Xinhua) &#8212; Un hombre armado muri\u00f3 y tres miembros del personal de seguridad resultaron heridos en un tiroteo ocurrido hoy domingo por la ma\u00f1ana cerca de la Embajada israel\u00ed en Jordania, seg\u00fan inform\u00f3 en un comunicado la Direcci\u00f3n de Seguridad P\u00fablica jordana. . De acuerdo con el comunicado, el agresor abri\u00f3 fuego contra una patrulla que operaba cerca de la sede diplom\u00e1tica e intent\u00f3 escapar. La persecuci\u00f3n que se produjo se desemboc\u00f3 en un intercambio de disparos en el cual falleci\u00f3 el atacante. Los heridos, que fueron trasladados a un hospital para recibir tratamiento, se encuentran en estado moderado, indic\u00f3 la misma fuente, y agreg\u00f3 que las investigaciones est\u00e1n en curso.<\/p>\n","protected":false},"excerpt":{"rendered":"<p>diariodominicano.com AM\u00c1N, 24 nov (Xinhua) &#8212; Un hombre armado muri\u00f3 y tres miembros del personal de seguridad resultaron heridos en un tiroteo ocurrido hoy domingo por la ma\u00f1ana cerca de la Embajada israel\u00ed en Jordania, seg\u00fan inform\u00f3 en un comunicado la Direcci\u00f3n de Seguridad P\u00fablica jordana. . De acuerdo con el comunicado, el agresor abri\u00f3 [&hellip;]<\/p>\n","protected":false},"author":5,"featured_media":577093,"comment_status":"closed","ping_status":"closed","sticky":true,"template":"","format":"standard","meta":{"footnotes":""},"categories":[23,27],"tags":[],"class_list":["post-577092","post","type-post","status-publish","format-standard","has-post-thumbnail","hentry","category-internacional","category-portada"],"_links":{"self":[{"href":"https:\/\/diariodominicano.com\/index.php?rest_route=\/wp\/v2\/posts\/577092","targetHints":{"allow":["GET"]}}],"collection":[{"href":"https:\/\/diariodominicano.com\/index.php?rest_route=\/wp\/v2\/posts"}],"about":[{"href":"https:\/\/diariodominicano.com\/index.php?rest_route=\/wp\/v2\/types\/post"}],"author":[{"embeddable":true,"href":"https:\/\/diariodominicano.com\/index.php?rest_route=\/wp\/v2\/users\/5"}],"replies":[{"embeddable":true,"href":"https:\/\/diariodominicano.com\/index.php?rest_route=%2Fwp%2Fv2%2Fcomments&post=577092"}],"version-history":[{"count":1,"href":"https:\/\/diariodominicano.com\/index.php?rest_route=\/wp\/v2\/posts\/577092\/revisions"}],"predecessor-version":[{"id":577094,"href":"https:\/\/diariodominicano.com\/index.php?rest_route=\/wp\/v2\/posts\/577092\/revisions\/577094"}],"wp:featuredmedia":[{"embeddable":true,"href":"https:\/\/diariodominicano.com\/index.php?rest_route=\/wp\/v2\/media\/577093"}],"wp:attachment":[{"href":"https:\/\/diariodominicano.com\/index.php?rest_route=%2Fwp%2Fv2%2Fmedia&parent=577092"}],"wp:term":[{"taxonomy":"category","embeddable":true,"href":"https:\/\/diariodominicano.com\/index.php?rest_route=%2Fwp%2Fv2%2Fcategories&post=577092"},{"taxonomy":"post_tag","embeddable":true,"href":"https:\/\/diariodominicano.com\/index.php?rest_route=%2Fwp%2Fv2%2Ftags&post=577092"}],"curies":[{"name":"wp","href":"https:\/\/api.w.org\/{rel}","templated":true}]}}