{"id":577055,"date":"2024-11-23T23:18:35","date_gmt":"2024-11-24T03:18:35","guid":{"rendered":"https:\/\/diariodominicano.com\/?p=577055"},"modified":"2024-11-23T23:26:21","modified_gmt":"2024-11-24T03:26:21","slug":"benefician-a-cientos-dominicanos-durante-la-septima-jornada-de-bancarizar-es-patria-banreserva","status":"publish","type":"post","link":"https:\/\/diariodominicano.com\/?p=577055","title":{"rendered":"Benefician a cientos dominicanos durante la s\u00e9ptima jornada de \u201cBancarizar es Patria\u201d: Banreserva"},"content":{"rendered":"\n<p>Samuel Pereyra, presidente ejecutivo de Banreservas, en la s\u00e9ptima jornada de Bancarizar es Patria del Banco de Reservas.<\/p>\n\n\n\n<p><em>Durante el evento tambi\u00e9n reconocen labor altruista y comunitaria del doctor Antonio Cruz Jimini\u00e1n<\/em><\/p>\n\n\n\n<p>El Banco de Reservas realiz\u00f3 su s\u00e9ptima jornada \u201cBancarizar es Patria\u201d en el ensanche La Fe, en donde cientos de dominicanos accedieron a productos y servicios financieros con aperturas de cuentas de ahorro y corrientes.<\/p>\n\n\n\n<p>Samuel Pereyra, presidente ejecutivo de Banreservas, manifest\u00f3 que el programa \u201cBancarizar es Patria\u201d es una iniciativa que impulsa el compromiso a democratizar el acceso al sistema financiero nacional de miles de dominicanos que a\u00fan no est\u00e1n bancarizado.<\/p>\n\n\n\n<figure class=\"wp-block-image size-large\"><img loading=\"lazy\" decoding=\"async\" width=\"1024\" height=\"681\" src=\"https:\/\/diariodominicano.com\/wp-content\/uploads\/2024\/11\/Septima-jornada-de-Bancarizar-es-Patria-2-1024x681.jpeg\" alt=\"\" class=\"wp-image-577058\" srcset=\"https:\/\/diariodominicano.com\/wp-content\/uploads\/2024\/11\/Septima-jornada-de-Bancarizar-es-Patria-2-1024x681.jpeg 1024w, https:\/\/diariodominicano.com\/wp-content\/uploads\/2024\/11\/Septima-jornada-de-Bancarizar-es-Patria-2-300x200.jpeg 300w, https:\/\/diariodominicano.com\/wp-content\/uploads\/2024\/11\/Septima-jornada-de-Bancarizar-es-Patria-2-768x511.jpeg 768w, https:\/\/diariodominicano.com\/wp-content\/uploads\/2024\/11\/Septima-jornada-de-Bancarizar-es-Patria-2-1536x1022.jpeg 1536w, https:\/\/diariodominicano.com\/wp-content\/uploads\/2024\/11\/Septima-jornada-de-Bancarizar-es-Patria-2-2048x1362.jpeg 2048w, https:\/\/diariodominicano.com\/wp-content\/uploads\/2024\/11\/Septima-jornada-de-Bancarizar-es-Patria-2-816x543.jpeg 816w\" sizes=\"auto, (max-width: 1024px) 100vw, 1024px\" \/><\/figure>\n\n\n\n<p>Cientos de personas del Ensanche La Fe, Cristo Rey, Villa Juana y otros sectores cercanos participaron en la s\u00e9ptima jornada de Bancarizar es Patria del Banco de Reservas.<\/p>\n\n\n\n<figure class=\"wp-block-image size-large\"><img loading=\"lazy\" decoding=\"async\" width=\"681\" height=\"1024\" src=\"https:\/\/diariodominicano.com\/wp-content\/uploads\/2024\/11\/Septima-jornada-de-Bancarizar-es-Patria-1-681x1024.jpeg\" alt=\"\" class=\"wp-image-577059\" srcset=\"https:\/\/diariodominicano.com\/wp-content\/uploads\/2024\/11\/Septima-jornada-de-Bancarizar-es-Patria-1-681x1024.jpeg 681w, https:\/\/diariodominicano.com\/wp-content\/uploads\/2024\/11\/Septima-jornada-de-Bancarizar-es-Patria-1-200x300.jpeg 200w, https:\/\/diariodominicano.com\/wp-content\/uploads\/2024\/11\/Septima-jornada-de-Bancarizar-es-Patria-1-768x1155.jpeg 768w, https:\/\/diariodominicano.com\/wp-content\/uploads\/2024\/11\/Septima-jornada-de-Bancarizar-es-Patria-1-1022x1536.jpeg 1022w, https:\/\/diariodominicano.com\/wp-content\/uploads\/2024\/11\/Septima-jornada-de-Bancarizar-es-Patria-1-1362x2048.jpeg 1362w, https:\/\/diariodominicano.com\/wp-content\/uploads\/2024\/11\/Septima-jornada-de-Bancarizar-es-Patria-1-816x1227.jpeg 816w, https:\/\/diariodominicano.com\/wp-content\/uploads\/2024\/11\/Septima-jornada-de-Bancarizar-es-Patria-1-scaled.jpeg 1703w\" sizes=\"auto, (max-width: 681px) 100vw, 681px\" \/><\/figure>\n\n\n\n<p>\u201cNo esperamos que sean los dominicanos, quienes nos busquen, somos nosotros los que queremos salir a las calles a buscarlos en donde est\u00e9n, porque de esa forma, estamos convencidos que lograremos construir y mantener una relaci\u00f3n de confianza y cercan\u00eda con todos ustedes, nuestros clientes\u201d, asegur\u00f3 Pereyra.<\/p>\n\n\n\n<p>Garantiz\u00f3 que el objetivo de este programa es convertirse en el principal aliado estrat\u00e9gico de los dominicanos, para ayudarlos a hacer realidad sus sue\u00f1os, empezando por tener una cuenta de ahorros, paso fundamental para el acceso al cr\u00e9dito y todos los beneficios que emanan de \u00e9ste.<\/p>\n\n\n\n<p>Destac\u00f3 que, gracias a esa relaci\u00f3n especial con los clientes, la instituci\u00f3n financiera ha logrado un notable crecimiento de sus activos, pasando de RD$704,633.3 millones en 2020 a RD$1,191,396.9 millones en 2024, d\u00e1ndole m\u00e1s solidez al sistema financiero nacional.<\/p>\n\n\n\n<p>Afirm\u00f3, adem\u00e1s que ese crecimiento se ha logrado gracias a una mayor inclusi\u00f3n financiera, que se ha traducido en un incremento de 10.9% de las cuentas de ahorro en los \u00faltimos 4 a\u00f1os, as\u00ed como una expansi\u00f3n de cuentas corrientes de 154.7% en el mismo plazo de tiempo.<\/p>\n\n\n\n<p>Durante esta s\u00e9ptima jornada de bancarizaci\u00f3n, 78 estudiantes becados del programa Reservas del Futuro, que desarrolla el Voluntariado Banreservas, recibieron charlas sobre educaci\u00f3n financiera y abrieron sus cuentas de ahorro, para entrar formalmente al sistema financiero y optar por los m\u00faltiples beneficios que ofrece.&nbsp;<\/p>\n\n\n\n<figure class=\"wp-block-image size-large\"><img loading=\"lazy\" decoding=\"async\" width=\"1024\" height=\"681\" src=\"https:\/\/diariodominicano.com\/wp-content\/uploads\/2024\/11\/Banreservas-entrega-reconocimiento-al-doctor-Cruz-Jiminian-1024x681.jpeg\" alt=\"\" class=\"wp-image-577061\" srcset=\"https:\/\/diariodominicano.com\/wp-content\/uploads\/2024\/11\/Banreservas-entrega-reconocimiento-al-doctor-Cruz-Jiminian-1024x681.jpeg 1024w, https:\/\/diariodominicano.com\/wp-content\/uploads\/2024\/11\/Banreservas-entrega-reconocimiento-al-doctor-Cruz-Jiminian-300x200.jpeg 300w, https:\/\/diariodominicano.com\/wp-content\/uploads\/2024\/11\/Banreservas-entrega-reconocimiento-al-doctor-Cruz-Jiminian-768x511.jpeg 768w, https:\/\/diariodominicano.com\/wp-content\/uploads\/2024\/11\/Banreservas-entrega-reconocimiento-al-doctor-Cruz-Jiminian-1536x1022.jpeg 1536w, https:\/\/diariodominicano.com\/wp-content\/uploads\/2024\/11\/Banreservas-entrega-reconocimiento-al-doctor-Cruz-Jiminian-2048x1362.jpeg 2048w, https:\/\/diariodominicano.com\/wp-content\/uploads\/2024\/11\/Banreservas-entrega-reconocimiento-al-doctor-Cruz-Jiminian-816x543.jpeg 816w\" sizes=\"auto, (max-width: 1024px) 100vw, 1024px\" \/><\/figure>\n\n\n\n<p>E<strong>l presidente ejecutivo de Banreservas, Samuel Pereyra, le entrega un reconocimiento al doctor Antonio Cruz Jimini\u00e1n, junto a Ysidro Garc\u00eda, vicepresidente senior de Negocios; Noelia Garc\u00eda de Pereyra, presidenta del Voluntariado Banreservas; Alfredo Pacheco, presidente de la C\u00e1mara de Diputados; Carolina Mej\u00eda, alcaldesa del Distrito; y Jos\u00e9 Almonte, vicepresidente ejecutivo Administrativo, durante la s\u00e9ptima jornada de Bancarizar es Patria.<\/strong><\/p>\n\n\n\n<p><strong>Reconocimiento:<\/strong><\/p>\n\n\n\n<p>En este evento de inclusi\u00f3n financiera, el doctor Antonio Cruz Jimini\u00e1n fue reconocido por su labor altruista y comunitaria, entrega que cont\u00f3 con la participaci\u00f3n de Alfredo Pacheco, presidente de la C\u00e1mara de Diputados.<\/p>\n\n\n\n<p>Al hablar durante el acto de reconocimiento, el legislador resalt\u00f3 las cualidades humanas y profesionales del galeno, quien durante d\u00e9cadas ha puesto su profesi\u00f3n al servicio de la comunidad.<\/p>\n\n\n\n<p>En la actividad tambi\u00e9n estuvieron Carolina Mej\u00eda, alcaldesa del Ayuntamiento del Distrito Nacional; legisladores, funcionarios del gobierno y ejecutivos de Banreservas y sus empresas filiales.<\/p>\n\n\n\n<p><strong>Bancarizar es Patria<\/strong> se ha realizado en Villa Juana, Distrito Nacional; Sabana Perdida, Santo Domingo Norte; Pueblo Nuevo, Santiago; San Crist\u00f3bal, Hig\u00fcey; San Carlos, Distrito Nacional; y Ensanche La Fe, Distrito Nacional.<\/p>\n\n\n\n<p>CMelgen@banreservas.com<\/p>\n\n\n\n<p><strong><em>Vicepresidencia de Relaciones P\u00fablicas. Noviembre, 2024.<\/em><\/strong><strong><\/strong><\/p>\n","protected":false},"excerpt":{"rendered":"<p>Samuel Pereyra, presidente ejecutivo de Banreservas, en la s\u00e9ptima jornada de Bancarizar es Patria del Banco de Reservas. Durante el evento tambi\u00e9n reconocen labor altruista y comunitaria del doctor Antonio Cruz Jimini\u00e1n El Banco de Reservas realiz\u00f3 su s\u00e9ptima jornada \u201cBancarizar es Patria\u201d en el ensanche La Fe, en donde cientos de dominicanos accedieron a [&hellip;]<\/p>\n","protected":false},"author":28,"featured_media":577056,"comment_status":"closed","ping_status":"closed","sticky":true,"template":"","format":"standard","meta":{"footnotes":""},"categories":[36,18],"tags":[],"class_list":["post-577055","post","type-post","status-publish","format-standard","has-post-thumbnail","hentry","category-hombresmujeresycosas","category-economia"],"_links":{"self":[{"href":"https:\/\/diariodominicano.com\/index.php?rest_route=\/wp\/v2\/posts\/577055","targetHints":{"allow":["GET"]}}],"collection":[{"href":"https:\/\/diariodominicano.com\/index.php?rest_route=\/wp\/v2\/posts"}],"about":[{"href":"https:\/\/diariodominicano.com\/index.php?rest_route=\/wp\/v2\/types\/post"}],"author":[{"embeddable":true,"href":"https:\/\/diariodominicano.com\/index.php?rest_route=\/wp\/v2\/users\/28"}],"replies":[{"embeddable":true,"href":"https:\/\/diariodominicano.com\/index.php?rest_route=%2Fwp%2Fv2%2Fcomments&post=577055"}],"version-history":[{"count":3,"href":"https:\/\/diariodominicano.com\/index.php?rest_route=\/wp\/v2\/posts\/577055\/revisions"}],"predecessor-version":[{"id":577064,"href":"https:\/\/diariodominicano.com\/index.php?rest_route=\/wp\/v2\/posts\/577055\/revisions\/577064"}],"wp:featuredmedia":[{"embeddable":true,"href":"https:\/\/diariodominicano.com\/index.php?rest_route=\/wp\/v2\/media\/577056"}],"wp:attachment":[{"href":"https:\/\/diariodominicano.com\/index.php?rest_route=%2Fwp%2Fv2%2Fmedia&parent=577055"}],"wp:term":[{"taxonomy":"category","embeddable":true,"href":"https:\/\/diariodominicano.com\/index.php?rest_route=%2Fwp%2Fv2%2Fcategories&post=577055"},{"taxonomy":"post_tag","embeddable":true,"href":"https:\/\/diariodominicano.com\/index.php?rest_route=%2Fwp%2Fv2%2Ftags&post=577055"}],"curies":[{"name":"wp","href":"https:\/\/api.w.org\/{rel}","templated":true}]}}