{"id":57703,"date":"2020-10-31T23:12:15","date_gmt":"2020-10-31T23:12:15","guid":{"rendered":"http:\/\/diariodominicano.ddns.net\/?p=57703"},"modified":"2020-10-31T23:12:15","modified_gmt":"2020-10-31T23:12:15","slug":"iglesia-de-dios-dice-503-aniversario-de-la-reforma-protestante-motiva-a-las-entidades-a-continuar-su-mision-de-producir-cambios-sociales-y-morales","status":"publish","type":"post","link":"https:\/\/diariodominicano.com\/?p=57703","title":{"rendered":"Iglesia de Dios dice: 503 aniversario de la Reforma Protestante motiva a las entidades a continuar su misi\u00f3n de producir cambios sociales y morales &#13;"},"content":{"rendered":"<p><body><\/p>\n<p><img decoding=\"async\" src=\"img3\/obispo.jpeg\" \/>  <\/p>\n<p><strong>Diariodominicano.com<\/strong><\/p>\n<p><strong>Iglesia de Dios dice: 503 aniversario de la Reforma Protestante motiva a las entidades a continuar su misi\u00f3n de producir cambios sociales y morales <\/strong><\/p>\n<p><strong> <\/strong><\/p>\n<\/p>\n<p><strong>Santo Domingo. <\/strong>El Concilio de la Iglesia de Dios en Rep. Dom, sostiene que las iglesias protestantes y evang\u00e9licas debe continuar fortaleciendo la misi\u00f3n de en mundo que experimenta distintas transformaciones de la sociedad dominicana e influencia por problem\u00e1ticas de \u00edndole morales y social muchas veces importadas.<\/p>\n<\/p>\n<p>El obispo de la denominaci\u00f3n Mauro Vargas, explico que esp\u00edritu que llev\u00f3 a la reforma nos debe motivar e inspirar a continuar reform\u00e1ndonos, y evitar el riesgo de cristalizarnos en el acontecimiento hist\u00f3rico y el hecho meramente conmemorativo, sino establecer una pr\u00e1ctica pastoral social y comunitaria que responda a las necesidades de las familias dominicanas que hoy se ve \u00abbombardeada\u00bb por ideolog\u00edas que quieren hacerla desaparecer.<\/p>\n<\/p>\n<p>Sostuvo que la celebraci\u00f3n de los 503 a\u00f1os de la Reforma Protestante nos invita a repensar no solo la historia y la filosof\u00eda, sino el lugar de la religi\u00f3n y su papel transformador de la sociedad.  Que hoy corresponde a pastores y feligres\u00eda de este siglo XXI seguir promoviendo los cambios generados por este movimiento social religioso que deben ser conservados en el tiempo.<\/p>\n<\/p>\n<p>\u00abComo protestantes y evang\u00e9licos, esta fecha debe movernos a estar abiertos, a transitar con el evangelio mediante un di\u00e1logo que promueva las buenas noticias del Reino de Dios, atrevernos a transformar y enriquecer nuestros propios conocimientos y pr\u00e1cticas dentro de la misi\u00f3n de la iglesia y generar mensajes de fe esperanza en medio de tanta incertidumbre, e inversi\u00f3n de valores sociales\u00bb. A\u00f1adi\u00f3 Mauro Vargas.<\/p>\n<\/p>\n<p>Para comunidad evang\u00e9lica en Rep\u00fablica Dominicana, la Iglesia de Dios junto a su cuerpo pastoral representado a nivel de las 32 provincias del pa\u00eds, es suma importancia resaltar que la Reforma Protestante es un fen\u00f3meno que ha trascendido los siglos, con consecuencias filos\u00f3ficas, teol\u00f3gicas, pol\u00edticas, econ\u00f3micas y culturales.<\/p>\n<\/p>\n<p>La celebraci\u00f3n del aniversario de la Reforma Protestante el 31 de octubre, coincide en la Rep\u00fablica Dominicana, con el D\u00eda Nacional de la Comunidad Evang\u00e9lica y Protestante mediante la ley 331-09, en reconocimiento al trabajo socio-espiritual de las congregaciones evang\u00e9licas en nuestro pa\u00eds.<\/p>\n<\/p>\n<h6> 2020-10-31 23:12:15 <\/h6>\n<p><!--\n<link rel=\"stylesheet\" href=\"css\/bootstrap.min.css\">\n\n\n<ul class=\"pagination\">\n\t    \n\t\n\n<li >\n\t<a href='?page_no=94'>Previous<\/a>\n\t<\/li>\n\n\n       \n    \n\n<li><a href='?page_no=1'>1<\/a><\/li>\n\n\n\n<li><a href='?page_no=2'>2<\/a><\/li>\n\n\n\n<li><a>...<\/a><\/li>\n\n\n\n<li><a href='?page_no=93'>93<\/a><\/li>\n\n\n\n<li><a href='?page_no=94'>94<\/a><\/li>\n\n\n\n<li class='active'><a>95<\/a><\/li>\n\n\n\n<li><a href='?page_no=96'>96<\/a><\/li>\n\n\n\n<li><a href='?page_no=97'>97<\/a><\/li>\n\n\n\n<li><a>...<\/a><\/li>\n\n\n\n<li><a href='?page_no=22911'>22911<\/a><\/li>\n\n\n\n<li><a href='?page_no=22912'>22912<\/a><\/li>\n\n    \n\t\n\n<li >\n\t<a href='?page_no=96'>Next<\/a>\n\t<\/li>\n\n\n    \n\n<li><a href='?page_no=22912'>Last &rsaquo;&rsaquo;<\/a><\/li>\n\n<\/ul>\n\n\n--><br \/>\n<\/body><\/p>\n","protected":false},"excerpt":{"rendered":"<p>Diariodominicano.com Iglesia de Dios dice: 503 aniversario de la Reforma Protestante motiva a las entidades a continuar su misi\u00f3n de producir cambios sociales y morales Santo Domingo. El Concilio de la Iglesia de Dios en Rep. Dom, sostiene que las iglesias protestantes y evang\u00e9licas debe continuar fortaleciendo la misi\u00f3n de en mundo que experimenta distintas [&hellip;]<\/p>\n","protected":false},"author":3,"featured_media":0,"comment_status":"open","ping_status":"open","sticky":false,"template":"","format":"standard","meta":{"footnotes":""},"categories":[21],"tags":[],"class_list":["post-57703","post","type-post","status-publish","format-standard","hentry","category-cultura"],"_links":{"self":[{"href":"https:\/\/diariodominicano.com\/index.php?rest_route=\/wp\/v2\/posts\/57703","targetHints":{"allow":["GET"]}}],"collection":[{"href":"https:\/\/diariodominicano.com\/index.php?rest_route=\/wp\/v2\/posts"}],"about":[{"href":"https:\/\/diariodominicano.com\/index.php?rest_route=\/wp\/v2\/types\/post"}],"author":[{"embeddable":true,"href":"https:\/\/diariodominicano.com\/index.php?rest_route=\/wp\/v2\/users\/3"}],"replies":[{"embeddable":true,"href":"https:\/\/diariodominicano.com\/index.php?rest_route=%2Fwp%2Fv2%2Fcomments&post=57703"}],"version-history":[{"count":0,"href":"https:\/\/diariodominicano.com\/index.php?rest_route=\/wp\/v2\/posts\/57703\/revisions"}],"wp:attachment":[{"href":"https:\/\/diariodominicano.com\/index.php?rest_route=%2Fwp%2Fv2%2Fmedia&parent=57703"}],"wp:term":[{"taxonomy":"category","embeddable":true,"href":"https:\/\/diariodominicano.com\/index.php?rest_route=%2Fwp%2Fv2%2Fcategories&post=57703"},{"taxonomy":"post_tag","embeddable":true,"href":"https:\/\/diariodominicano.com\/index.php?rest_route=%2Fwp%2Fv2%2Ftags&post=57703"}],"curies":[{"name":"wp","href":"https:\/\/api.w.org\/{rel}","templated":true}]}}