{"id":577008,"date":"2024-11-23T22:06:59","date_gmt":"2024-11-24T02:06:59","guid":{"rendered":"https:\/\/diariodominicano.com\/?p=577008"},"modified":"2024-11-23T22:07:05","modified_gmt":"2024-11-24T02:07:05","slug":"las-ordenes-de-la-corte-penal-internacional-son-vinculantes-y-la-ue-no-puede-elegir-borrell","status":"publish","type":"post","link":"https:\/\/diariodominicano.com\/?p=577008","title":{"rendered":"Las \u00f3rdenes de la Corte Penal Internacional son vinculantes y la UE no puede elegir: Borrell"},"content":{"rendered":"\n<p>El alto representante de la UE para pol\u00edtica exterior, Josep Borrell, durante una conferencia en Nicosia, Chipre, el 23 de noviembre de 2024.<\/p>\n\n\n\n<p>noviembre 23, 2024<\/p>\n\n\n\n<ul class=\"wp-block-list\">\n<li><a href=\"https:\/\/www.vozdeamerica.com\/author\/reuters\/riv_i\">Reuters<\/a><\/li>\n<\/ul>\n\n\n\n<ul class=\"wp-block-list\">\n<li><a href=\"https:\/\/facebook.com\/sharer.php?u=https%3a%2f%2fwww.vozdeamerica.com%2fa%2flas-ordenes-de-la-corte-penal-internacional-son-vinculantes-y-la-ue-no-puede-elegir-borrell%2f7874564.html\" target=\"_blank\" rel=\"noreferrer noopener\"><\/a><\/li>\n\n\n\n<li><a href=\"https:\/\/twitter.com\/share?url=https%3a%2f%2fwww.vozdeamerica.com%2fa%2flas-ordenes-de-la-corte-penal-internacional-son-vinculantes-y-la-ue-no-puede-elegir-borrell%2f7874564.html&amp;text=Las+%c3%b3rdenes+de+la+Corte+Penal+Internacional+son+vinculantes+y+la+UE+no+puede+elegir%3a+Borrell\" target=\"_blank\" rel=\"noreferrer noopener\"><\/a><\/li>\n\n\n\n<li><\/li>\n\n\n\n<li><a href=\"mailto:?body=https%3a%2f%2fwww.vozdeamerica.com%2fa%2flas-ordenes-de-la-corte-penal-internacional-son-vinculantes-y-la-ue-no-puede-elegir-borrell%2f7874564.html&amp;subject=Las%20%C3%B3rdenes%20de%20la%20Corte%20Penal%20Internacional%20son%20vinculantes%20y%20la%20UE%20no%20puede%20elegir:%20Borrell\"><\/a><\/li>\n<\/ul>\n\n\n\n<p><a href=\"https:\/\/www.vozdeamerica.com\/a\/las-ordenes-de-la-corte-penal-internacional-son-vinculantes-y-la-ue-no-puede-elegir-borrell\/7874564.html#comments\">&nbsp;Vea comentarios<\/a><\/p>\n\n\n\n<p>Todos los Estados miembros de la UE son signatarios del Estatuto de Roma, tratado fundacional de la CPI y por ende est\u00e1n obligados a cumplir una orden de detenci\u00f3n al primer ministro israel\u00ed Benjam\u00edn Netanyahu, dijo el jefe de pol\u00edtica exterior Josep Borrell.<\/p>\n\n\n\n<p>NICOSIA \u2014&nbsp;<\/p>\n\n\n\n<p>Los gobiernos de la Uni\u00f3n Europea no pueden elegir si ejecutan o no las \u00f3rdenes de detenci\u00f3n dictadas por la Corte Penal Internacional (CPI) contra dos l\u00edderes pol\u00edticos israel\u00edes y un comandante de Ham\u00e1s, dijo el s\u00e1bado el responsable de Pol\u00edtica Exterior de la UE, Josep Borrell.<\/p>\n\n\n\n<p>La CPI dict\u00f3 las \u00f3rdenes el jueves contra el primer ministro israel\u00ed, Benjam\u00edn Netanyahu, su exministro de Defensa Yoav Gallant y el dirigente de Ham\u00e1s Ibrahim Al-Masri, por presuntos cr\u00edmenes contra la humanidad.<\/p>\n\n\n\n<p>Todos los Estados miembros de la UE son signatarios del Estatuto de Roma, tratado fundacional de la CPI.<\/p>\n\n\n\n<p>Varios Estados de la UE han dicho que cumplir\u00e1n sus compromisos en virtud del Estatuto si es necesario, pero el primer ministro h\u00fangaro, Viktor Orban, invit\u00f3 a Netanyahu a visitar su pa\u00eds, asegur\u00e1ndole que no correr\u00eda ning\u00fan riesgo si lo hiciera.<\/p>\n\n\n\n<p><a href=\"https:\/\/www.vozdeamerica.com\/a\/la-corte-penal-internacional-emite-ordenes-de-arresto-contra-netanyahu-y-mandos-de-hamas\/7871838.html\"><\/a><\/p>\n\n\n\n<p><a href=\"https:\/\/www.vozdeamerica.com\/a\/la-corte-penal-internacional-emite-ordenes-de-arresto-contra-netanyahu-y-mandos-de-hamas\/7871838.html\">Tambi\u00e9n lea<\/a><\/p>\n\n\n\n<h4 class=\"wp-block-heading\"><a href=\"https:\/\/www.vozdeamerica.com\/a\/la-corte-penal-internacional-emite-ordenes-de-arresto-contra-netanyahu-y-mandos-de-hamas\/7871838.html\">La Corte Penal Internacional emite \u00f3rdenes de arresto contra Netanyahu y mandos de Ham\u00e1s<\/a><\/h4>\n\n\n\n<p>\u00abLos Estados que firmaron la Convenci\u00f3n de Roma est\u00e1n obligados a aplicar la decisi\u00f3n del Tribunal. No es opcional\u00bb, dijo Borrell, el principal diplom\u00e1tico de la UE, durante una visita a Chipre para un taller de activistas por la paz israel\u00edes y palestinos.<\/p>\n\n\n\n<p>Las mismas obligaciones son tambi\u00e9n vinculantes para los pa\u00edses que aspiran a ingresar en la UE, afirm\u00f3.<\/p>\n\n\n\n<p>\u00abSer\u00eda muy gracioso que los reci\u00e9n llegados tengan una obligaci\u00f3n que los miembros actuales no cumplan\u00bb, dijo a Reuters.<\/p>\n\n\n\n<p>Estados Unidos rechaz\u00f3 la decisi\u00f3n de la CPI e Israel dijo que la medida de la CPI era antisemita.<\/p>\n\n\n\n<p>\u00abCada vez que alguien discrepa de la pol\u00edtica de un gobierno israel\u00ed, se le acusa de antisemitismo\u00bb, dijo Borrell, cuyo mandato como responsable de pol\u00edtica exterior de la UE finaliza este mes.<\/p>\n\n\n\n<p><video poster=\"https:\/\/gdb.voanews.com\/6ee7c5e8-9bc1-4326-81ea-04d631676e45_w650_r1.jpg\" src=\"blob:https:\/\/www.vozdeamerica.com\/a897a3a7-810c-4c38-9680-cce7ab2562ce\" height=\"381\" width=\"676\"><\/video><\/p>\n\n\n\n<h5 class=\"wp-block-heading\"><a href=\"https:\/\/www.vozdeamerica.com\/a\/las-ordenes-de-la-corte-penal-internacional-son-vinculantes-y-la-ue-no-puede-elegir-borrell\/7872444.html\" target=\"_blank\" rel=\"noreferrer noopener\">\u00bfQu\u00e9 significa la orden de arresto contra Netanyahu emitida por la Corte Penal Internacional?<\/a><\/h5>\n\n\n\n<hr class=\"wp-block-separator has-alpha-channel-opacity\"\/>\n\n\n\n<ul class=\"wp-block-list\">\n<li><a href=\"https:\/\/facebook.com\/sharer.php?u=https%3a%2f%2fwww.vozdeamerica.com%2fa%2f7872444.html\" target=\"_blank\" rel=\"noreferrer noopener\">Comparta en Facebook<\/a><\/li>\n\n\n\n<li><a href=\"https:\/\/twitter.com\/share?url=https%3a%2f%2fwww.vozdeamerica.com%2fa%2f7872444.html&amp;text=%c2%bfQu%c3%a9+significa+la+orden+de+arresto+contra+Netanyahu+emitida+por+la+Corte+Penal+Internacional%3f\" target=\"_blank\" rel=\"noreferrer noopener\">Comparta en Twitter<\/a><\/li>\n<\/ul>\n\n\n\n<hr class=\"wp-block-separator has-alpha-channel-opacity\"\/>\n\n\n\n<p><a href=\"https:\/\/www.vozdeamerica.com\/embed\/player\/Article\/7872444.html?type=video&amp;FullScreenMode=True\" target=\"_blank\" rel=\"noreferrer noopener\"><\/a><\/p>\n\n\n\n<p>&nbsp;Descargar&nbsp;<\/p>\n\n\n\n<p>\u00abTengo derecho a criticar las decisiones del gobierno israel\u00ed, sea Netanyahu u otro, sin que se me acuse de antisemitismo. Esto no es aceptable. Ya basta\u00bb, agreg\u00f3.<\/p>\n\n\n\n<p>La campa\u00f1a de 13 meses de Israel en Gaza ha matado a unos 44.000 palestinos y desplazado a casi toda la poblaci\u00f3n del enclave, al tiempo que ha creado una crisis humanitaria, han dicho las autoridades de Gaza.<\/p>\n\n\n\n<p>Israel comenz\u00f3 su ofensiva tras el ataque dirigido por Ham\u00e1s del 7 de octubre de 2023, en el que murieron 1.200 personas en el sur de Israel y m\u00e1s de 250 fueron tomadas como rehenes, seg\u00fan ha declarado Israel.<\/p>\n\n\n\n<p>En su decisi\u00f3n, los jueces de la CPI afirmaron que hab\u00eda motivos razonables para creer que Netanyahu y Gallant eran penalmente responsables de actos como asesinato, persecuci\u00f3n y uso de la hambruna como arma de guerra en el marco de un \u00abataque generalizado y sistem\u00e1tico contra la poblaci\u00f3n civil de Gaza\u00bb.<\/p>\n","protected":false},"excerpt":{"rendered":"<p>El alto representante de la UE para pol\u00edtica exterior, Josep Borrell, durante una conferencia en Nicosia, Chipre, el 23 de noviembre de 2024. noviembre 23, 2024 &nbsp;Vea comentarios Todos los Estados miembros de la UE son signatarios del Estatuto de Roma, tratado fundacional de la CPI y por ende est\u00e1n obligados a cumplir una orden [&hellip;]<\/p>\n","protected":false},"author":28,"featured_media":577009,"comment_status":"closed","ping_status":"closed","sticky":true,"template":"","format":"standard","meta":{"footnotes":""},"categories":[23,24],"tags":[],"class_list":["post-577008","post","type-post","status-publish","format-standard","has-post-thumbnail","hentry","category-internacional","category-justicia-y-derecho"],"_links":{"self":[{"href":"https:\/\/diariodominicano.com\/index.php?rest_route=\/wp\/v2\/posts\/577008","targetHints":{"allow":["GET"]}}],"collection":[{"href":"https:\/\/diariodominicano.com\/index.php?rest_route=\/wp\/v2\/posts"}],"about":[{"href":"https:\/\/diariodominicano.com\/index.php?rest_route=\/wp\/v2\/types\/post"}],"author":[{"embeddable":true,"href":"https:\/\/diariodominicano.com\/index.php?rest_route=\/wp\/v2\/users\/28"}],"replies":[{"embeddable":true,"href":"https:\/\/diariodominicano.com\/index.php?rest_route=%2Fwp%2Fv2%2Fcomments&post=577008"}],"version-history":[{"count":1,"href":"https:\/\/diariodominicano.com\/index.php?rest_route=\/wp\/v2\/posts\/577008\/revisions"}],"predecessor-version":[{"id":577010,"href":"https:\/\/diariodominicano.com\/index.php?rest_route=\/wp\/v2\/posts\/577008\/revisions\/577010"}],"wp:featuredmedia":[{"embeddable":true,"href":"https:\/\/diariodominicano.com\/index.php?rest_route=\/wp\/v2\/media\/577009"}],"wp:attachment":[{"href":"https:\/\/diariodominicano.com\/index.php?rest_route=%2Fwp%2Fv2%2Fmedia&parent=577008"}],"wp:term":[{"taxonomy":"category","embeddable":true,"href":"https:\/\/diariodominicano.com\/index.php?rest_route=%2Fwp%2Fv2%2Fcategories&post=577008"},{"taxonomy":"post_tag","embeddable":true,"href":"https:\/\/diariodominicano.com\/index.php?rest_route=%2Fwp%2Fv2%2Ftags&post=577008"}],"curies":[{"name":"wp","href":"https:\/\/api.w.org\/{rel}","templated":true}]}}