{"id":576933,"date":"2024-11-23T18:34:53","date_gmt":"2024-11-23T22:34:53","guid":{"rendered":"https:\/\/diariodominicano.com\/?p=576933"},"modified":"2024-11-23T18:34:55","modified_gmt":"2024-11-23T22:34:55","slug":"isfodosu-sella-su-compromiso-con-la-conservacion-del-medioambiente-a-traves-de-su-programa-campus-verde","status":"publish","type":"post","link":"https:\/\/diariodominicano.com\/?p=576933","title":{"rendered":"ISFODOSU sella su compromiso con la conservaci\u00f3n del medioambiente a trav\u00e9s de su programa Campus Verde"},"content":{"rendered":"\n<p><em>La entidad formadora se comprometi\u00f3 a desarrollar las acciones del programa que abarca todas las dimensiones de la vida universitaria desde la infraestructura f\u00edsica hasta las actividades acad\u00e9micas y la vida estudiantil<\/em><\/p>\n\n\n\n<p><strong>Santo Domingo.<\/strong>&#8211; El Instituto Superior de Formaci\u00f3n Docente Salom\u00e9 Ure\u00f1a, ISFODOSU, present\u00f3 ante toda su comunidad acad\u00e9mica su programa Campus Verde, con el que sella su compromiso con el medio ambiente.<\/p>\n\n\n\n<p>El acto de lanzamiento del programa fue encabezado por la rectora del ISFODOSU, Dra. Nurys del Carmen Gonz\u00e1lez, quien destac\u00f3 la importancia crucial de que toda la sociedad se una en beneficio del medioambiente.<\/p>\n\n\n\n<figure class=\"wp-block-gallery has-nested-images columns-default is-cropped wp-block-gallery-1 is-layout-flex wp-block-gallery-is-layout-flex\">\n<figure class=\"wp-block-image size-large\"><img loading=\"lazy\" decoding=\"async\" width=\"1024\" height=\"683\" data-id=\"576945\" src=\"https:\/\/diariodominicano.com\/wp-content\/uploads\/2024\/11\/ISFODOSU-sella-su-compromiso-con-la-conservacion-del-medioambiente-a-traves-programa-Campus-Verde-1024x683.jpeg\" alt=\"\" class=\"wp-image-576945\" srcset=\"https:\/\/diariodominicano.com\/wp-content\/uploads\/2024\/11\/ISFODOSU-sella-su-compromiso-con-la-conservacion-del-medioambiente-a-traves-programa-Campus-Verde-1024x683.jpeg 1024w, https:\/\/diariodominicano.com\/wp-content\/uploads\/2024\/11\/ISFODOSU-sella-su-compromiso-con-la-conservacion-del-medioambiente-a-traves-programa-Campus-Verde-300x200.jpeg 300w, https:\/\/diariodominicano.com\/wp-content\/uploads\/2024\/11\/ISFODOSU-sella-su-compromiso-con-la-conservacion-del-medioambiente-a-traves-programa-Campus-Verde-768x512.jpeg 768w, https:\/\/diariodominicano.com\/wp-content\/uploads\/2024\/11\/ISFODOSU-sella-su-compromiso-con-la-conservacion-del-medioambiente-a-traves-programa-Campus-Verde-1536x1024.jpeg 1536w, https:\/\/diariodominicano.com\/wp-content\/uploads\/2024\/11\/ISFODOSU-sella-su-compromiso-con-la-conservacion-del-medioambiente-a-traves-programa-Campus-Verde-2048x1365.jpeg 2048w, https:\/\/diariodominicano.com\/wp-content\/uploads\/2024\/11\/ISFODOSU-sella-su-compromiso-con-la-conservacion-del-medioambiente-a-traves-programa-Campus-Verde-816x544.jpeg 816w\" sizes=\"auto, (max-width: 1024px) 100vw, 1024px\" \/><\/figure>\n<\/figure>\n\n\n\n<p>\u201cEl desarrollo de este proyecto responde al reconocimiento del momento cr\u00edtico que vive la humanidad por la amenaza del cambio clim\u00e1tico a nivel global que cada vez sentimos m\u00e1s cercano y se palpa la fragilidad y vulnerabilidad de los ecosistemas, lo que nos confirma,\u00a0como lo evidencian investigaciones recientes, la necesidad de cambiar el rumbo de muchas de nuestras acciones que da\u00f1an el medio ambiente\u201d, destac\u00f3 la Rectora.<\/p>\n\n\n\n<figure class=\"wp-block-gallery has-nested-images columns-default is-cropped wp-block-gallery-2 is-layout-flex wp-block-gallery-is-layout-flex\">\n<figure class=\"wp-block-image size-large\"><img loading=\"lazy\" decoding=\"async\" width=\"1024\" height=\"683\" data-id=\"576944\" src=\"https:\/\/diariodominicano.com\/wp-content\/uploads\/2024\/11\/ISFODOSU-sella-compromiso-con-la-conservacion-del-medioambiente-a-traves-de-su-programa-Campus-Verde-1024x683.jpeg\" alt=\"\" class=\"wp-image-576944\" srcset=\"https:\/\/diariodominicano.com\/wp-content\/uploads\/2024\/11\/ISFODOSU-sella-compromiso-con-la-conservacion-del-medioambiente-a-traves-de-su-programa-Campus-Verde-1024x683.jpeg 1024w, https:\/\/diariodominicano.com\/wp-content\/uploads\/2024\/11\/ISFODOSU-sella-compromiso-con-la-conservacion-del-medioambiente-a-traves-de-su-programa-Campus-Verde-300x200.jpeg 300w, https:\/\/diariodominicano.com\/wp-content\/uploads\/2024\/11\/ISFODOSU-sella-compromiso-con-la-conservacion-del-medioambiente-a-traves-de-su-programa-Campus-Verde-768x512.jpeg 768w, https:\/\/diariodominicano.com\/wp-content\/uploads\/2024\/11\/ISFODOSU-sella-compromiso-con-la-conservacion-del-medioambiente-a-traves-de-su-programa-Campus-Verde-1536x1024.jpeg 1536w, https:\/\/diariodominicano.com\/wp-content\/uploads\/2024\/11\/ISFODOSU-sella-compromiso-con-la-conservacion-del-medioambiente-a-traves-de-su-programa-Campus-Verde-2048x1365.jpeg 2048w, https:\/\/diariodominicano.com\/wp-content\/uploads\/2024\/11\/ISFODOSU-sella-compromiso-con-la-conservacion-del-medioambiente-a-traves-de-su-programa-Campus-Verde-816x544.jpeg 816w\" sizes=\"auto, (max-width: 1024px) 100vw, 1024px\" \/><\/figure>\n<\/figure>\n\n\n\n<p>La Dra. Gonz\u00e1lez explic\u00f3 frente a una representaci\u00f3n de colaboradores, profesores y estudiantes de la Rector\u00eda y los seis recintos del ISFODOSU ubicados en las provincias de Santo Domingo, Santiago, San Pedro de Macor\u00eds y San Juan, que el programa Campus Verde se sustenta en los principales tratados y acuerdos nacionales e internacionales referidos al medio ambiente\u00a0como son los Objetivos de Desarrollo Sostenible, ODS, la Carta de la Tierra, la Ley General sobre el Medio Ambiente y Recursos Naturales 64-00, la Cumbre sobre la Transformaci\u00f3n de la Educaci\u00f3n (UNESCO, 2022); la Enc\u00edclica Laudato Si, la Estrategia Nacional de Desarrollo, entre otros.<\/p>\n\n\n\n<figure class=\"wp-block-gallery has-nested-images columns-default is-cropped wp-block-gallery-3 is-layout-flex wp-block-gallery-is-layout-flex\">\n<figure class=\"wp-block-image size-large\"><img loading=\"lazy\" decoding=\"async\" width=\"1024\" height=\"683\" data-id=\"576942\" src=\"https:\/\/diariodominicano.com\/wp-content\/uploads\/2024\/11\/ISFODOSU-sella-su-compromiso-con-la-conservacion-del-medioambiente-traves-de-su-programa-Campus-Verde-1024x683.jpeg\" alt=\"\" class=\"wp-image-576942\" srcset=\"https:\/\/diariodominicano.com\/wp-content\/uploads\/2024\/11\/ISFODOSU-sella-su-compromiso-con-la-conservacion-del-medioambiente-traves-de-su-programa-Campus-Verde-1024x683.jpeg 1024w, https:\/\/diariodominicano.com\/wp-content\/uploads\/2024\/11\/ISFODOSU-sella-su-compromiso-con-la-conservacion-del-medioambiente-traves-de-su-programa-Campus-Verde-300x200.jpeg 300w, https:\/\/diariodominicano.com\/wp-content\/uploads\/2024\/11\/ISFODOSU-sella-su-compromiso-con-la-conservacion-del-medioambiente-traves-de-su-programa-Campus-Verde-768x512.jpeg 768w, https:\/\/diariodominicano.com\/wp-content\/uploads\/2024\/11\/ISFODOSU-sella-su-compromiso-con-la-conservacion-del-medioambiente-traves-de-su-programa-Campus-Verde-1536x1024.jpeg 1536w, https:\/\/diariodominicano.com\/wp-content\/uploads\/2024\/11\/ISFODOSU-sella-su-compromiso-con-la-conservacion-del-medioambiente-traves-de-su-programa-Campus-Verde-2048x1365.jpeg 2048w, https:\/\/diariodominicano.com\/wp-content\/uploads\/2024\/11\/ISFODOSU-sella-su-compromiso-con-la-conservacion-del-medioambiente-traves-de-su-programa-Campus-Verde-816x544.jpeg 816w\" sizes=\"auto, (max-width: 1024px) 100vw, 1024px\" \/><\/figure>\n<\/figure>\n\n\n\n<p>Indic\u00f3 que este programa constituye uno de los ejes en los que fundament\u00f3 su gesti\u00f3n al frente del ISFODOSU, que inici\u00f3 en abril de 2021, y enfatiz\u00f3 las acciones que se han venido realizando desde antes del acto de lanzamiento como son el desarrollo de un modelo educativo innovador que reivindica la toma de conciencia y las responsabilidades sobre el medio ambiente; un dise\u00f1o curricular de la oferta de formaci\u00f3n con enfoque de sostenibilidad; unas pr\u00e1cticas de gesti\u00f3n administrativa dirigidas al ahorro y conservaci\u00f3n de agua y energ\u00eda, entre otras.<\/p>\n\n\n\n<figure class=\"wp-block-gallery has-nested-images columns-default is-cropped wp-block-gallery-4 is-layout-flex wp-block-gallery-is-layout-flex\">\n<figure class=\"wp-block-image size-large\"><img loading=\"lazy\" decoding=\"async\" width=\"1024\" height=\"683\" data-id=\"576941\" src=\"https:\/\/diariodominicano.com\/wp-content\/uploads\/2024\/11\/ISFODOSU-sella-su-compromiso-con-la-conservacion-del-medioambiente-a-traves-de-su-programa-Campus-Verde-1024x683.jpeg\" alt=\"\" class=\"wp-image-576941\" srcset=\"https:\/\/diariodominicano.com\/wp-content\/uploads\/2024\/11\/ISFODOSU-sella-su-compromiso-con-la-conservacion-del-medioambiente-a-traves-de-su-programa-Campus-Verde-1024x683.jpeg 1024w, https:\/\/diariodominicano.com\/wp-content\/uploads\/2024\/11\/ISFODOSU-sella-su-compromiso-con-la-conservacion-del-medioambiente-a-traves-de-su-programa-Campus-Verde-300x200.jpeg 300w, https:\/\/diariodominicano.com\/wp-content\/uploads\/2024\/11\/ISFODOSU-sella-su-compromiso-con-la-conservacion-del-medioambiente-a-traves-de-su-programa-Campus-Verde-768x512.jpeg 768w, https:\/\/diariodominicano.com\/wp-content\/uploads\/2024\/11\/ISFODOSU-sella-su-compromiso-con-la-conservacion-del-medioambiente-a-traves-de-su-programa-Campus-Verde-1536x1024.jpeg 1536w, https:\/\/diariodominicano.com\/wp-content\/uploads\/2024\/11\/ISFODOSU-sella-su-compromiso-con-la-conservacion-del-medioambiente-a-traves-de-su-programa-Campus-Verde-2048x1365.jpeg 2048w, https:\/\/diariodominicano.com\/wp-content\/uploads\/2024\/11\/ISFODOSU-sella-su-compromiso-con-la-conservacion-del-medioambiente-a-traves-de-su-programa-Campus-Verde-816x544.jpeg 816w\" sizes=\"auto, (max-width: 1024px) 100vw, 1024px\" \/><\/figure>\n<\/figure>\n\n\n\n<p>Los ejes que conforman el programa, que se coordinada desde la Vicerrector\u00eda de Desarrollo e Innovaci\u00f3n que dirige la maestra Milta Lora, abarcan todas las dimensiones de la vida universitaria desde la infraestructura f\u00edsica hasta las actividades acad\u00e9micas, como la docencia y la investigaci\u00f3n; as\u00ed como la vida estudiantil y la relaci\u00f3n con la comunidad.<\/p>\n\n\n\n<p>De su lado, el coordinador del Programa Campus Verde del ISFODOSU, maestro Casimiro Maldonado, explic\u00f3 el proceso de levantamiento para el diagn\u00f3stico que se elabor\u00f3 previo a definir las acciones que se ejecutar\u00e1n dentro del programa.<\/p>\n\n\n\n<p>Durante el lanzamiento, estudiantes de Educaci\u00f3n Art\u00edstica y Educaci\u00f3n F\u00edsica, del Recinto Eugenio Mar\u00eda de Hostos: Chistofer Marte, Yoannielis S\u00e1nchez, Daribel Adames, Marcos Encarnaci\u00f3n,&nbsp;\u2060Emanuel Berroa y&nbsp;\u2060Crismeili Rivera, protagonizaron la obra teatral \u201cCampus Verde ISFODOSU\u201d, con el fin de sensibilizar a trav\u00e9s del arte, la raz\u00f3n de ser de este proyecto, dirigida y adaptada por la maestra Ana Coronado.<\/p>\n\n\n\n<p>Al evento asistieron personalidades de entidades relacionadas con el medio ambiente, vicerrectores, directores, profesores, colaboradores y estudiantes del ISFODOSU.<\/p>\n\n\n\n<p>Roger Leon Sanchez <a href=\"mailto:roger.leon@isfodosu.edu.do\">roger.leon@isfodosu.edu.do<\/a> <\/p>\n","protected":false},"excerpt":{"rendered":"<p>La entidad formadora se comprometi\u00f3 a desarrollar las acciones del programa que abarca todas las dimensiones de la vida universitaria desde la infraestructura f\u00edsica hasta las actividades acad\u00e9micas y la vida estudiantil Santo Domingo.&#8211; El Instituto Superior de Formaci\u00f3n Docente Salom\u00e9 Ure\u00f1a, ISFODOSU, present\u00f3 ante toda su comunidad acad\u00e9mica su programa Campus Verde, con el [&hellip;]<\/p>\n","protected":false},"author":7,"featured_media":576940,"comment_status":"closed","ping_status":"closed","sticky":false,"template":"","format":"standard","meta":{"footnotes":""},"categories":[36],"tags":[551],"class_list":["post-576933","post","type-post","status-publish","format-standard","has-post-thumbnail","hentry","category-hombresmujeresycosas","tag-isfodosu"],"_links":{"self":[{"href":"https:\/\/diariodominicano.com\/index.php?rest_route=\/wp\/v2\/posts\/576933","targetHints":{"allow":["GET"]}}],"collection":[{"href":"https:\/\/diariodominicano.com\/index.php?rest_route=\/wp\/v2\/posts"}],"about":[{"href":"https:\/\/diariodominicano.com\/index.php?rest_route=\/wp\/v2\/types\/post"}],"author":[{"embeddable":true,"href":"https:\/\/diariodominicano.com\/index.php?rest_route=\/wp\/v2\/users\/7"}],"replies":[{"embeddable":true,"href":"https:\/\/diariodominicano.com\/index.php?rest_route=%2Fwp%2Fv2%2Fcomments&post=576933"}],"version-history":[{"count":1,"href":"https:\/\/diariodominicano.com\/index.php?rest_route=\/wp\/v2\/posts\/576933\/revisions"}],"predecessor-version":[{"id":576946,"href":"https:\/\/diariodominicano.com\/index.php?rest_route=\/wp\/v2\/posts\/576933\/revisions\/576946"}],"wp:featuredmedia":[{"embeddable":true,"href":"https:\/\/diariodominicano.com\/index.php?rest_route=\/wp\/v2\/media\/576940"}],"wp:attachment":[{"href":"https:\/\/diariodominicano.com\/index.php?rest_route=%2Fwp%2Fv2%2Fmedia&parent=576933"}],"wp:term":[{"taxonomy":"category","embeddable":true,"href":"https:\/\/diariodominicano.com\/index.php?rest_route=%2Fwp%2Fv2%2Fcategories&post=576933"},{"taxonomy":"post_tag","embeddable":true,"href":"https:\/\/diariodominicano.com\/index.php?rest_route=%2Fwp%2Fv2%2Ftags&post=576933"}],"curies":[{"name":"wp","href":"https:\/\/api.w.org\/{rel}","templated":true}]}}