{"id":576741,"date":"2024-11-23T01:02:42","date_gmt":"2024-11-23T05:02:42","guid":{"rendered":"https:\/\/diariodominicano.com\/?p=576741"},"modified":"2024-11-23T01:03:26","modified_gmt":"2024-11-23T05:03:26","slug":"quienes-ganaran-el-viii-premio-del-observatorio-de-periodismo-digital-2024","status":"publish","type":"post","link":"https:\/\/diariodominicano.com\/?p=576741","title":{"rendered":"\u00bfQui\u00e9nes ganar\u00e1n el VIII Premio del Observatorio de Periodismo Digital 2024?"},"content":{"rendered":"\n<p>La interrogante: \u00bfQui\u00e9n recibir\u00e1 el Gran Premio de Periodismo Digital Dominicano de 2024<\/p>\n\n\n\n<p>Servicio de prensa <\/p>\n\n\n\n<p>El martes pr\u00f3ximo 26 de este mes de noviembre, se entrega del Observatorio de Medios Digitales la octava edici\u00f3n del Premio Nacional de Periodismo Digital, en ceremonial a efectuarse en la Sala Aida Bonnelly, del Teatro Nacional, por parte por lo cual en<strong> <\/strong>los corrillos period\u00edsticos circulan la pregunta: \u00bfQui\u00e9nes ganar\u00e1n el trofeo?<\/p>\n\n\n\n<p>La periodista y educadora en periodismo, Cristal Acevedo ha trabajado en la coordinaci\u00f3n del Premio con la intenci\u00f3n de reafirmar la l\u00ednea del galard\u00f3n orientado a hombres y mujeres del periodismo en los nuevos medios electr\u00f3nicos de comunicaci\u00f3n.<\/p>\n\n\n\n<p>Acevedo, investigadora y capacitadora de periodistas y comunicadores en el pa\u00eds ofreciendo talleres a muchos de quienes hoy tienen excelentes portales digitales e inciden en diversas formas<strong> <\/strong>de comunicaci\u00f3n en las redes sociales.<\/p>\n\n\n\n<p>La primera entrega del Premio de Periodismo Digital del Observatorio, se verific\u00f3 en 2017, y desde entonces se ha realizado anualmente. Un jurado de expertos que incluye profesores de comunicaci\u00f3n, periodistas en ejercicio y asesores medi\u00e1ticos.<\/p>\n\n\n\n<p>Las categor\u00edas vigentes para el Premio, este 2024, son: periodista digital del a\u00f1o, mejor peri\u00f3dico nativo digital, mejor reportaje en digital, mejor proyecto de innovaci\u00f3n en medios digitales, mejor programa de medios digitales y mejor versi\u00f3n digital de un medio impreso.&nbsp;<\/p>\n\n\n\n<p>Adem\u00e1s, mejor peri\u00f3dico digital de salud, mejor peri\u00f3dico digital de deportes, mejor peri\u00f3dico digital de espect\u00e1culos, mejor peri\u00f3dico digital de turismo, mejor peri\u00f3dico digital de sociales y mejor peri\u00f3dico digital de econom\u00eda.<\/p>\n\n\n\n<p>\u200b<\/p>\n\n\n\n<p>Ser\u00e1n reconocidas tambi\u00e9n, las categor\u00edas mejor peri\u00f3dico digital del Sur, mejor peri\u00f3dico digital del Cibao, mejor peri\u00f3dico digital del Este, mejor peri\u00f3dico digital de Santo Domingo Norte, mejor peri\u00f3dico digital de Santo Domingo Oeste, mejor peri\u00f3dico digital de Santo Domingo Este y mejor periodista en redes sociales. Otras categor\u00edas a ser premiadas son mejor nuevo medio digital, mejor podcast, mejor contenido difundido en digital y mejor dise\u00f1o Web.<\/p>\n\n\n\n<p>Como cada a\u00f1o, el Observatorio de Medios Digitales Dominicanos otorgar\u00e1 el galard\u00f3n denominado \u00abGran Premio Nacional de Periodismo Digital\u00bb, el cual ser\u00e1 entregado a un periodista que cuente con amplia trayectoria en medios digitales.<\/p>\n\n\n\n<p><strong>Nominados a Premio del Observatorio de Periodismo Digital&nbsp; 2024<\/strong><\/p>\n\n\n\n<p><strong>Periodista digital del a\u00f1o<\/strong><\/p>\n\n\n\n<p>Joan Santana<\/p>\n\n\n\n<p>Miguel \u00c1ngel Herrera<\/p>\n\n\n\n<p>Ricardo Oviedo<\/p>\n\n\n\n<p>Shaddai Carolina Eves Feliz&nbsp;&nbsp;<\/p>\n\n\n\n<p><strong>Mejor peri\u00f3dico nativo digital<\/strong><\/p>\n\n\n\n<p>deultimominuto.net<\/p>\n\n\n\n<p>elpregonerord.com<\/p>\n\n\n\n<p>enredadord.com<\/p>\n\n\n\n<p>hackeandoelsistema.net<\/p>\n\n\n\n<p>pinceldigital.do&nbsp;<\/p>\n\n\n\n<p><strong>Mejor reportaje en digital<\/strong><\/p>\n\n\n\n<p>Distribuci\u00f3n, el tal\u00f3n de Aquiles del cine dominicano \/ <strong>Karla Alc\u00e1ntara,<\/strong> acento.com.do<\/p>\n\n\n\n<p>Elmiranda de la Cruz, \u201cel c\u00e1ncer de mama me derrib\u00f3 m\u00e1s no me destruy\u00f3\u201d, <strong>Mar\u00eda Ramos<\/strong> \/ elcaribe.com.do<\/p>\n\n\n\n<p>La pesca como engranaje econ\u00f3mico y sost\u00e9n del turismo dominicano\/ <strong>Mar\u00eda Jim\u00e9nez<\/strong> \/ elnuevodiario.com.do<\/p>\n\n\n\n<p>R\u00edos de Hig\u00fcey languidecen entre pl\u00e1sticos y aguas residuales\/ <strong>Mayerlin Mart\u00ednez<\/strong> \/ mdigitalrd.com<\/p>\n\n\n\n<p>Oro en San Juan, \u00bfdesarrollo o amenaza ambiental? \/ <strong>Lorian Cuevas<\/strong>\/ elavancemedia.com.<\/p>\n\n\n\n<p><strong>Mejor proyecto de innovaci\u00f3n en medios digitales<\/strong><\/p>\n\n\n\n<p>diarioagropecuario.com<\/p>\n\n\n\n<p>Editoriales de multimedios Panorama<\/p>\n\n\n\n<p>En menos de un minuto&nbsp;<\/p>\n\n\n\n<p>inmobiliario.do&nbsp;<\/p>\n\n\n\n<p><strong>Mejor programa de medios digitales<\/strong><\/p>\n\n\n\n<p>Finanzas con humor en YouTube<\/p>\n\n\n\n<p>Con la doctora Controversia de El Nuevo Diario<\/p>\n\n\n\n<p>Conecta2 con Ana Inoa de Xtra86.net<\/p>\n\n\n\n<p>Enfrentados de El Nuevo Diario<\/p>\n\n\n\n<p><strong>Mejor versi\u00f3n digital de un medio impreso<\/strong><\/p>\n\n\n\n<p>Diario Libre<\/p>\n\n\n\n<p>El Nuevo Diario<\/p>\n\n\n\n<p>Peri\u00f3dico Hoy<\/p>\n\n\n\n<p>List\u00edn Diario&nbsp;<\/p>\n\n\n\n<p><strong>Mejor peri\u00f3dico digital de salud<\/strong><\/p>\n\n\n\n<p>actualidadmedica.com.do<\/p>\n\n\n\n<p>diariodesalud.com.do<\/p>\n\n\n\n<p>resumendesalud.net<\/p>\n\n\n\n<p>saludnews.net&nbsp;<\/p>\n\n\n\n<p><strong>Mejor peri\u00f3dico digital de deportes<\/strong><\/p>\n\n\n\n<p>Impactodeportivord.com<\/p>\n\n\n\n<p>futboltotalrd.com<\/p>\n\n\n\n<p>momentodeportivord.com&nbsp;<\/p>\n\n\n\n<p>piodeportes.com&nbsp;<\/p>\n\n\n\n<p><strong>Mejor peri\u00f3dico digital de espect\u00e1culos<\/strong><\/p>\n\n\n\n<p>fuegoalalata.do<\/p>\n\n\n\n<p>herrerafarandula.net<\/p>\n\n\n\n<p>luminariastv.com<\/p>\n\n\n\n<p>masvip.com.do&nbsp;<\/p>\n\n\n\n<p><strong>Mejor peri\u00f3dico digital de turismo<\/strong><\/p>\n\n\n\n<p>infoturdominicano.com<\/p>\n\n\n\n<p>recorriendoconsalvador.com<\/p>\n\n\n\n<p>touringdominicanrepublic.com<\/p>\n\n\n\n<p>visitantes.do&nbsp;<\/p>\n\n\n\n<p><strong>Mejor peri\u00f3dico digital de econom\u00eda<\/strong><\/p>\n\n\n\n<p>eldinero.com.do<\/p>\n\n\n\n<p>lasfinanzasrd.com<\/p>\n\n\n\n<p>rdtributa.com.do<\/p>\n\n\n\n<p>ritmoeconomico.com&nbsp;<\/p>\n\n\n\n<p><strong>Mejor peri\u00f3dico digital del Sur<\/strong><\/p>\n\n\n\n<p>avanceprovincial.com.do&nbsp;<\/p>\n\n\n\n<p>diariovision.do<\/p>\n\n\n\n<p>lalupadelsur.com<\/p>\n\n\n\n<p>ocoaenred.com<\/p>\n\n\n\n<p><strong>Mejor peri\u00f3dico digital del Cibao&nbsp;<\/strong><\/p>\n\n\n\n<p>eljacaguero.com.do<\/p>\n\n\n\n<p>elnaguero.com<\/p>\n\n\n\n<p>tenarenses.com<\/p>\n\n\n\n<p>tuvozrd.com&nbsp;<\/p>\n\n\n\n<p><strong>Mejor peri\u00f3dico digital del Este&nbsp;<\/strong><\/p>\n\n\n\n<p>bavarodigital.net<\/p>\n\n\n\n<p>juniornoticias.com&nbsp;<\/p>\n\n\n\n<p>viphatomayor.com<\/p>\n\n\n\n<p>&nbsp;yamasadigital.com&nbsp;&nbsp;&nbsp;<\/p>\n\n\n\n<p><strong>Mejor periodista en redes sociales&nbsp;<\/strong><\/p>\n\n\n\n<p>Ram\u00f3n Tolentino<\/p>\n\n\n\n<p>Ricardo Nieves<\/p>\n\n\n\n<p>Roberto Cavada<\/p>\n\n\n\n<p>Nuria Piera<\/p>\n\n\n\n<p><strong>Mejor nuevo medio digital&nbsp;<\/strong><\/p>\n\n\n\n<p>elavancemedia.com<\/p>\n\n\n\n<p>elnavegadord.com<\/p>\n\n\n\n<p>eltestigo.do&nbsp;<\/p>\n\n\n\n<p>panorama.com.do<\/p>\n\n\n\n<p>saturno.com.do<\/p>\n\n\n\n<p><strong>Mejor podcast&nbsp;<\/strong><\/p>\n\n\n\n<p>Azul podcast<\/p>\n\n\n\n<p>Cu\u00e9ntame m\u00e1s podcast<\/p>\n\n\n\n<p>El nuevo diario podcast<\/p>\n\n\n\n<p>Pesos pesados podcast<\/p>\n\n\n\n<p><strong>Mejor dise\u00f1o Web&nbsp;<\/strong><\/p>\n\n\n\n<p>eltestigo.do<\/p>\n\n\n\n<p>deultimominuto.net<\/p>\n\n\n\n<p>diariodelpais.com<\/p>\n\n\n\n<p>panorama.com.do<\/p>\n\n\n\n<p><strong>Jose Rafael Paula Sosa<\/strong><strong> <\/strong><strong>&lt;<\/strong><a href=\"mailto:joserafael.sosa@gmail.com\"><strong>joserafael.sosa@gmail.com<\/strong><\/a><strong>&gt;&nbsp;<\/strong><\/p>\n","protected":false},"excerpt":{"rendered":"<p>La interrogante: \u00bfQui\u00e9n recibir\u00e1 el Gran Premio de Periodismo Digital Dominicano de 2024 Servicio de prensa El martes pr\u00f3ximo 26 de este mes de noviembre, se entrega del Observatorio de Medios Digitales la octava edici\u00f3n del Premio Nacional de Periodismo Digital, en ceremonial a efectuarse en la Sala Aida Bonnelly, del Teatro Nacional, por parte [&hellip;]<\/p>\n","protected":false},"author":7,"featured_media":576745,"comment_status":"closed","ping_status":"closed","sticky":false,"template":"","format":"standard","meta":{"footnotes":""},"categories":[25],"tags":[1004],"class_list":["post-576741","post","type-post","status-publish","format-standard","has-post-thumbnail","hentry","category-gente","tag-viii-premio-del-observatorio-de-periodismo-digital-2024"],"_links":{"self":[{"href":"https:\/\/diariodominicano.com\/index.php?rest_route=\/wp\/v2\/posts\/576741","targetHints":{"allow":["GET"]}}],"collection":[{"href":"https:\/\/diariodominicano.com\/index.php?rest_route=\/wp\/v2\/posts"}],"about":[{"href":"https:\/\/diariodominicano.com\/index.php?rest_route=\/wp\/v2\/types\/post"}],"author":[{"embeddable":true,"href":"https:\/\/diariodominicano.com\/index.php?rest_route=\/wp\/v2\/users\/7"}],"replies":[{"embeddable":true,"href":"https:\/\/diariodominicano.com\/index.php?rest_route=%2Fwp%2Fv2%2Fcomments&post=576741"}],"version-history":[{"count":1,"href":"https:\/\/diariodominicano.com\/index.php?rest_route=\/wp\/v2\/posts\/576741\/revisions"}],"predecessor-version":[{"id":576788,"href":"https:\/\/diariodominicano.com\/index.php?rest_route=\/wp\/v2\/posts\/576741\/revisions\/576788"}],"wp:featuredmedia":[{"embeddable":true,"href":"https:\/\/diariodominicano.com\/index.php?rest_route=\/wp\/v2\/media\/576745"}],"wp:attachment":[{"href":"https:\/\/diariodominicano.com\/index.php?rest_route=%2Fwp%2Fv2%2Fmedia&parent=576741"}],"wp:term":[{"taxonomy":"category","embeddable":true,"href":"https:\/\/diariodominicano.com\/index.php?rest_route=%2Fwp%2Fv2%2Fcategories&post=576741"},{"taxonomy":"post_tag","embeddable":true,"href":"https:\/\/diariodominicano.com\/index.php?rest_route=%2Fwp%2Fv2%2Ftags&post=576741"}],"curies":[{"name":"wp","href":"https:\/\/api.w.org\/{rel}","templated":true}]}}