{"id":576739,"date":"2024-11-22T15:26:08","date_gmt":"2024-11-22T19:26:08","guid":{"rendered":"https:\/\/diariodominicano.com\/?p=576739"},"modified":"2024-11-22T15:26:15","modified_gmt":"2024-11-22T19:26:15","slug":"fiscalia-de-samana-logra-condena-de-15-anos-contra-hombre-por-trafico-de-drogas","status":"publish","type":"post","link":"https:\/\/diariodominicano.com\/?p=576739","title":{"rendered":"Fiscal\u00eda de Saman\u00e1 logra condena de 15 a\u00f1os contra hombre por tr\u00e1fico de drogas"},"content":{"rendered":"\n<p>diariodominicano.com<\/p>\n\n\n\n<p><strong>Saman\u00e1, R. D.,<\/strong>\u2002<strong>22 de noviembre, 2024.-<\/strong>\u00a0La Fiscal\u00eda de Saman\u00e1 logr\u00f3 una condena de 15 a\u00f1os de prisi\u00f3n, en contra de un hombre por tr\u00e1fico de drogas y sustancias controladas.<\/p>\n\n\n\n<p>La sentencia fue dictada por el Tribunal Colegiado de esta jurisdicci\u00f3n, que integran los jueces Edward Jos\u00e9 Soto Soto, Martha Mireya Indira Javier Cedano y Ruth Esther Garc\u00eda Cruz, en contra de Flavio Cesar King, quien cumplir\u00e1 la condena en la c\u00e1rcel p\u00fablica de la provincia de Saman\u00e1.<\/p>\n\n\n\n<p>King fue arrestado el 20 de diciembre del a\u00f1o 2019, por los agentes de la Direcci\u00f3n Nacional De Control de Drogas (DNCD), mientras realizaban un operativo en la calle principal del Barrio Panchito, en la provincia Saman\u00e1.<\/p>\n\n\n\n<p>Al ser detenido y luego de hacerle la advertencia de lugar, los agentes procedieron a revisarlo, ocup\u00e1ndole en el hombro derecho, una carterita tipo maricona de color crema con negro, marca Mossimo, conteniendo en su interior, una funda pl\u00e1stica de color azul con rayas transparentes, conteniendo en su interior cincuenta y ocho (58) porciones de un polvo blanco, que luego de ser analizada por el Instituto Nacional De Ciencias Forenses (INACIF) resulto ser coca\u00edna clorhidratada, con un peso de ciento dieciocho punto treinta y dos (118.32) gramos.<\/p>\n\n\n\n<p>Tambi\u00e9n le fue ocupada otra funda pl\u00e1stica de color negro con rayas transparentes, la cual conten\u00eda ochenta y siete (87) porciones de marihuana, con un peso de setenta y ocho punto veintid\u00f3s (78.22) gramos, un pote color blanco con una tapa de color rojo, conteniendo en su interior la cantidad de ciento diez (110) porciones de crack con un peso de diez punto diecisiete (10.17) gramos.<\/p>\n\n\n\n<p>El procesado, adem\u00e1s, portaba una pistola calibre 45, color negro plateado, cacha color marr\u00f3n serie No.C236443 marca no legible, con un cargador de la misma y seis capsulas.<\/p>\n\n\n\n<p>Los fiscales Luis Omar Garc\u00eda, Daniel Misael Rijo y Marlene Rodr\u00edguez demostraron que King falt\u00f3 a las normas establecidas en los tipos penales 4D, 5A, 6A, 28 y 75 p\u00e1rrafo II de la Ley 50-88, que sanciona el uso y tr\u00e1fico de drogas y sustancias controladas en la Rep\u00fablica Dominicana y los art\u00edculos 66 y 67 de la Ley 631-16 que regula el porte ilegal de arma.<\/p>\n\n\n\n<p><strong>Direcci\u00f3n General de Comunicaci\u00f3n, Prensa, y RRPP<\/strong><strong><\/strong><\/p>\n\n\n\n<p>Ministerio P\u00fablico.&nbsp;R.D.<\/p>\n\n\n\n<p>Viernes, 22 de noviembre de 2024<\/p>\n","protected":false},"excerpt":{"rendered":"<p>diariodominicano.com Saman\u00e1, R. D.,\u200222 de noviembre, 2024.-\u00a0La Fiscal\u00eda de Saman\u00e1 logr\u00f3 una condena de 15 a\u00f1os de prisi\u00f3n, en contra de un hombre por tr\u00e1fico de drogas y sustancias controladas. La sentencia fue dictada por el Tribunal Colegiado de esta jurisdicci\u00f3n, que integran los jueces Edward Jos\u00e9 Soto Soto, Martha Mireya Indira Javier Cedano y [&hellip;]<\/p>\n","protected":false},"author":5,"featured_media":576746,"comment_status":"closed","ping_status":"closed","sticky":true,"template":"","format":"standard","meta":{"footnotes":""},"categories":[24,27],"tags":[],"class_list":["post-576739","post","type-post","status-publish","format-standard","has-post-thumbnail","hentry","category-justicia-y-derecho","category-portada"],"_links":{"self":[{"href":"https:\/\/diariodominicano.com\/index.php?rest_route=\/wp\/v2\/posts\/576739","targetHints":{"allow":["GET"]}}],"collection":[{"href":"https:\/\/diariodominicano.com\/index.php?rest_route=\/wp\/v2\/posts"}],"about":[{"href":"https:\/\/diariodominicano.com\/index.php?rest_route=\/wp\/v2\/types\/post"}],"author":[{"embeddable":true,"href":"https:\/\/diariodominicano.com\/index.php?rest_route=\/wp\/v2\/users\/5"}],"replies":[{"embeddable":true,"href":"https:\/\/diariodominicano.com\/index.php?rest_route=%2Fwp%2Fv2%2Fcomments&post=576739"}],"version-history":[{"count":1,"href":"https:\/\/diariodominicano.com\/index.php?rest_route=\/wp\/v2\/posts\/576739\/revisions"}],"predecessor-version":[{"id":576747,"href":"https:\/\/diariodominicano.com\/index.php?rest_route=\/wp\/v2\/posts\/576739\/revisions\/576747"}],"wp:featuredmedia":[{"embeddable":true,"href":"https:\/\/diariodominicano.com\/index.php?rest_route=\/wp\/v2\/media\/576746"}],"wp:attachment":[{"href":"https:\/\/diariodominicano.com\/index.php?rest_route=%2Fwp%2Fv2%2Fmedia&parent=576739"}],"wp:term":[{"taxonomy":"category","embeddable":true,"href":"https:\/\/diariodominicano.com\/index.php?rest_route=%2Fwp%2Fv2%2Fcategories&post=576739"},{"taxonomy":"post_tag","embeddable":true,"href":"https:\/\/diariodominicano.com\/index.php?rest_route=%2Fwp%2Fv2%2Ftags&post=576739"}],"curies":[{"name":"wp","href":"https:\/\/api.w.org\/{rel}","templated":true}]}}