{"id":576734,"date":"2024-11-22T15:14:56","date_gmt":"2024-11-22T19:14:56","guid":{"rendered":"https:\/\/diariodominicano.com\/?p=576734"},"modified":"2024-11-22T15:15:05","modified_gmt":"2024-11-22T19:15:05","slug":"covid-19-puede-elevar-el-riesgo-de-problemas-cardiacos-durante-anos-muestra-estudio","status":"publish","type":"post","link":"https:\/\/diariodominicano.com\/?p=576734","title":{"rendered":"COVID-19 puede elevar el riesgo de problemas card\u00edacos durante a\u00f1os, muestra estudio"},"content":{"rendered":"\n<p>diariodominicano.com<\/p>\n\n\n\n<p>NUEVA YORK, 22 nov (Xinhua) &#8212; Los cient\u00edficos han sabido casi desde el inicio de la pandemia que la infecci\u00f3n por COVID-19 incrementa el riesgo de problemas card\u00edacos, y un n\u00famero creciente de investigaciones actualmente sugiere que este riesgo puede durar hasta mucho. Despu\u00e9s de que la infecci\u00f3n haya desaparecido, de acuerdo con un nuevo estudio. El estudio, realizado a cabo por investigadores de la Universidad del Sur de California y de la Cl\u00ednica Cleveland, encontr\u00f3 que una infecci\u00f3n por COVID-19 duplica el riesgo de sufrir un evento cardiovascular grave hasta tres a\u00f1os despu\u00e9s. Adem\u00e1s, el estudio descubri\u00f3 que las infecciones lo bastante graves como para requerir hospitalizaci\u00f3n aumentan la probabilidad de eventos card\u00edacos, inform\u00f3 hoy viernes el peri\u00f3dico The New York Times. \u00abMuchas personas est\u00e1n en mucho mayor riesgo de un ataque card\u00edaco que antes\u00bb, dijo David Goff, director de la divisi\u00f3n de ciencias cardiovasculares en el Instituto Nacional del Coraz\u00f3n, los Pulmones y la Sangre, que proporcion\u00f3 el financiamiento para el estudio. \u00abY las enfermedades card\u00edacas ya eran la principal causa de muerte en nuestro planeta antes de la pandemia. De ah\u00ed que esto sea realmente preocupante\u00bb. \u00abAnte el volumen de evidencia que ahora vincula a la COVID-19 con inflamaci\u00f3n card\u00edaca, insuficiencia card\u00edaca, arritmias y otros des\u00f3rdenes cardiovasculares, los expertos dicen que los m\u00e9dicos deben examinar m\u00e1s detenidamente el historial de COVID de los pacientes\u00bb, indic\u00f3 el informe. Las personas que sufrieron una severa infecci\u00f3n \u00abdeben ser consideradas en alto riesgo de futuros eventos cardiovasculares\u00bb, dijo Stanley Hazen, presidente del departamento de ciencias cardiovasculares y metab\u00f3licas de la Cl\u00ednica Cleveland y uno de los autores del nuevo estudio.<\/p>\n","protected":false},"excerpt":{"rendered":"<p>diariodominicano.com NUEVA YORK, 22 nov (Xinhua) &#8212; Los cient\u00edficos han sabido casi desde el inicio de la pandemia que la infecci\u00f3n por COVID-19 incrementa el riesgo de problemas card\u00edacos, y un n\u00famero creciente de investigaciones actualmente sugiere que este riesgo puede durar hasta mucho. Despu\u00e9s de que la infecci\u00f3n haya desaparecido, de acuerdo con un [&hellip;]<\/p>\n","protected":false},"author":5,"featured_media":576735,"comment_status":"closed","ping_status":"closed","sticky":true,"template":"","format":"standard","meta":{"footnotes":""},"categories":[23,27],"tags":[],"class_list":["post-576734","post","type-post","status-publish","format-standard","has-post-thumbnail","hentry","category-internacional","category-portada"],"_links":{"self":[{"href":"https:\/\/diariodominicano.com\/index.php?rest_route=\/wp\/v2\/posts\/576734","targetHints":{"allow":["GET"]}}],"collection":[{"href":"https:\/\/diariodominicano.com\/index.php?rest_route=\/wp\/v2\/posts"}],"about":[{"href":"https:\/\/diariodominicano.com\/index.php?rest_route=\/wp\/v2\/types\/post"}],"author":[{"embeddable":true,"href":"https:\/\/diariodominicano.com\/index.php?rest_route=\/wp\/v2\/users\/5"}],"replies":[{"embeddable":true,"href":"https:\/\/diariodominicano.com\/index.php?rest_route=%2Fwp%2Fv2%2Fcomments&post=576734"}],"version-history":[{"count":1,"href":"https:\/\/diariodominicano.com\/index.php?rest_route=\/wp\/v2\/posts\/576734\/revisions"}],"predecessor-version":[{"id":576736,"href":"https:\/\/diariodominicano.com\/index.php?rest_route=\/wp\/v2\/posts\/576734\/revisions\/576736"}],"wp:featuredmedia":[{"embeddable":true,"href":"https:\/\/diariodominicano.com\/index.php?rest_route=\/wp\/v2\/media\/576735"}],"wp:attachment":[{"href":"https:\/\/diariodominicano.com\/index.php?rest_route=%2Fwp%2Fv2%2Fmedia&parent=576734"}],"wp:term":[{"taxonomy":"category","embeddable":true,"href":"https:\/\/diariodominicano.com\/index.php?rest_route=%2Fwp%2Fv2%2Fcategories&post=576734"},{"taxonomy":"post_tag","embeddable":true,"href":"https:\/\/diariodominicano.com\/index.php?rest_route=%2Fwp%2Fv2%2Ftags&post=576734"}],"curies":[{"name":"wp","href":"https:\/\/api.w.org\/{rel}","templated":true}]}}