{"id":576671,"date":"2024-11-22T13:01:24","date_gmt":"2024-11-22T17:01:24","guid":{"rendered":"https:\/\/diariodominicano.com\/?p=576671"},"modified":"2024-11-22T13:07:26","modified_gmt":"2024-11-22T17:07:26","slug":"trump-elige-a-pam-bondi-como-candidata-a-fiscal-general-tras-retirada-de-matt-gaetz","status":"publish","type":"post","link":"https:\/\/diariodominicano.com\/?p=576671","title":{"rendered":"Trump elige a Pam Bondi como candidata a fiscal general, tras retirada de Matt Gaetz"},"content":{"rendered":"\n<p>diariodominicano.com<\/p>\n\n\n\n<p>WASHINGTON, 22 nov (Xinhua) &#8212; El presidente electo de Estados Unidos, Donald Trump, anunci\u00f3 el jueves que ha elegido a Pam Bondi, exfiscal general del estado de Florida, como candidata al puesto de fiscal general del pa\u00eds, en sustituci\u00f3n de Matt Gaetz, quien se retir\u00f3 de la candidatura. En el anuncio, realizado en su red social \u00abTruth Social\u00bb, Trump elogi\u00f3 a Bondi por su trabajo en la lucha contra el narcotr\u00e1fico y las sobredosis de fentanilo mientras se desempe\u00f1aba como la primera mujer fiscal general de Florida, y agreg\u00f3 que fue por esa raz\u00f3n que le pidi\u00f3 a Bondi que sirviera en la Comisi\u00f3n de Abuso de Drogas y Opioides durante su primer mandato. La nominaci\u00f3n de Bondi se produjo el mismo d\u00eda en que Gaetz, el anterior candidato de Trump para el puesto de fiscal general, se retir\u00f3 del proceso de consideraci\u00f3n. Lo que ha trascendido en los \u00faltimos d\u00edas sobre la supuesta conducta sexual inapropiada del excongresista de Florida ha hecho que su candidatura a fiscal general de Estados Unidos sea tan pol\u00e9mica que sus posibilidades de obtener suficientes votos republicanos en el Senado para superar el proceso de confirmaci\u00f3n fueron escasas.<\/p>\n","protected":false},"excerpt":{"rendered":"<p>diariodominicano.com WASHINGTON, 22 nov (Xinhua) &#8212; El presidente electo de Estados Unidos, Donald Trump, anunci\u00f3 el jueves que ha elegido a Pam Bondi, exfiscal general del estado de Florida, como candidata al puesto de fiscal general del pa\u00eds, en sustituci\u00f3n de Matt Gaetz, quien se retir\u00f3 de la candidatura. En el anuncio, realizado en su [&hellip;]<\/p>\n","protected":false},"author":5,"featured_media":576672,"comment_status":"closed","ping_status":"closed","sticky":true,"template":"","format":"standard","meta":{"footnotes":""},"categories":[23,27],"tags":[],"class_list":["post-576671","post","type-post","status-publish","format-standard","has-post-thumbnail","hentry","category-internacional","category-portada"],"_links":{"self":[{"href":"https:\/\/diariodominicano.com\/index.php?rest_route=\/wp\/v2\/posts\/576671","targetHints":{"allow":["GET"]}}],"collection":[{"href":"https:\/\/diariodominicano.com\/index.php?rest_route=\/wp\/v2\/posts"}],"about":[{"href":"https:\/\/diariodominicano.com\/index.php?rest_route=\/wp\/v2\/types\/post"}],"author":[{"embeddable":true,"href":"https:\/\/diariodominicano.com\/index.php?rest_route=\/wp\/v2\/users\/5"}],"replies":[{"embeddable":true,"href":"https:\/\/diariodominicano.com\/index.php?rest_route=%2Fwp%2Fv2%2Fcomments&post=576671"}],"version-history":[{"count":1,"href":"https:\/\/diariodominicano.com\/index.php?rest_route=\/wp\/v2\/posts\/576671\/revisions"}],"predecessor-version":[{"id":576673,"href":"https:\/\/diariodominicano.com\/index.php?rest_route=\/wp\/v2\/posts\/576671\/revisions\/576673"}],"wp:featuredmedia":[{"embeddable":true,"href":"https:\/\/diariodominicano.com\/index.php?rest_route=\/wp\/v2\/media\/576672"}],"wp:attachment":[{"href":"https:\/\/diariodominicano.com\/index.php?rest_route=%2Fwp%2Fv2%2Fmedia&parent=576671"}],"wp:term":[{"taxonomy":"category","embeddable":true,"href":"https:\/\/diariodominicano.com\/index.php?rest_route=%2Fwp%2Fv2%2Fcategories&post=576671"},{"taxonomy":"post_tag","embeddable":true,"href":"https:\/\/diariodominicano.com\/index.php?rest_route=%2Fwp%2Fv2%2Ftags&post=576671"}],"curies":[{"name":"wp","href":"https:\/\/api.w.org\/{rel}","templated":true}]}}