{"id":576472,"date":"2024-11-21T19:40:41","date_gmt":"2024-11-21T23:40:41","guid":{"rendered":"https:\/\/diariodominicano.com\/?p=576472"},"modified":"2024-11-21T23:31:12","modified_gmt":"2024-11-22T03:31:12","slug":"festival-internacional-de-teatro-para-la-infancia-y-la-juventud-con-una-extraordinaria-cartelera-para-el-disfrute-de-toda-la-familia","status":"publish","type":"post","link":"https:\/\/diariodominicano.com\/?p=576472","title":{"rendered":"Festival Internacional de Teatro para la Infancia y la Juventud con una extraordinaria cartelera para el disfrute de toda la familia"},"content":{"rendered":"\n<p><em>\u00abEl Flautista de Hamel\u00edn\u00bb, \u00abRat\u00f3s, el tejido del tiempo\u00bb, \u00abHistoria de burros\u201d, \u201cCantares de cigarra\u201d, \u00abEl circo de las maravillas\u00bb, \u201cEl camino de MuM\u201d, son las obras que conforman la programaci\u00f3n del 15 FITIJ dirigido al p\u00fablico escolar y familiar aportando diversi\u00f3n a todos los que asisten a las diferentes funciones que se realizan en varios teatros y espacios alternativos de la ciudad hasta este domingo 24 de noviembre.<\/em><\/p>\n\n\n\n<p><strong>Santo Domingo, noviembre 2024.<\/strong>&nbsp;La d\u00e9cimo quinta edici\u00f3n<strong>&nbsp;<\/strong>del Festival Internacional para la Infancia y la Juventud (FITIJ-RD 2024), que organiza la Fundaci\u00f3n Teatro C\u00facara-M\u00e1cara, contin\u00faa desarroll\u00e1ndose con una asistencia masiva de p\u00fablico escolar de diferentes centros educativos, a las funciones especiales, de lunes a viernes, y los fines de semana para p\u00fablico familiar.<\/p>\n\n\n\n<p>Este festival, que se inaugur\u00f3 el pasado mi\u00e9rcoles 13, a las 10:30 am, en la Sala Manuel Rueda, con la presentaci\u00f3n de la obra\u00a0<strong><em>\u201cLas Preciosas Rid\u00edculas\u201d,<\/em><\/strong>\u00a0en una adaptaci\u00f3n de Marco Altuve, a la pieza original escrita por Moliere en el siglo XVII, est\u00e1 dedicado a Espa\u00f1a, como pa\u00eds de honor.<\/p>\n\n\n\n<figure class=\"wp-block-gallery has-nested-images columns-default is-cropped wp-block-gallery-1 is-layout-flex wp-block-gallery-is-layout-flex\">\n<figure class=\"wp-block-image size-large\"><img loading=\"lazy\" decoding=\"async\" width=\"1024\" height=\"572\" data-id=\"576488\" src=\"https:\/\/diariodominicano.com\/wp-content\/uploads\/2024\/11\/Agrupacion-espanola-que-participo-en-la-inauguracion-del-FITIJ-2024-1024x572.jpg\" alt=\"\" class=\"wp-image-576488\" srcset=\"https:\/\/diariodominicano.com\/wp-content\/uploads\/2024\/11\/Agrupacion-espanola-que-participo-en-la-inauguracion-del-FITIJ-2024-1024x572.jpg 1024w, https:\/\/diariodominicano.com\/wp-content\/uploads\/2024\/11\/Agrupacion-espanola-que-participo-en-la-inauguracion-del-FITIJ-2024-300x168.jpg 300w, https:\/\/diariodominicano.com\/wp-content\/uploads\/2024\/11\/Agrupacion-espanola-que-participo-en-la-inauguracion-del-FITIJ-2024-768x429.jpg 768w, https:\/\/diariodominicano.com\/wp-content\/uploads\/2024\/11\/Agrupacion-espanola-que-participo-en-la-inauguracion-del-FITIJ-2024-816x456.jpg 816w, https:\/\/diariodominicano.com\/wp-content\/uploads\/2024\/11\/Agrupacion-espanola-que-participo-en-la-inauguracion-del-FITIJ-2024.jpg 1115w\" sizes=\"auto, (max-width: 1024px) 100vw, 1024px\" \/><\/figure>\n<\/figure>\n\n\n\n<p>Durante el acto inaugural tomaron la palabra el se\u00f1or Jes\u00fas Oyamburu, director del Centro Cultural de Espa\u00f1a en Santo Domingo, quien al agradecer a los organizadores la dedicatoria del festival a su pa\u00eds, resalt\u00f3 el valor que tiene la cultura para el desarrollo de los pueblos. Dijo que su instituci\u00f3n seguir\u00e1 brindado su respaldo a la organizaci\u00f3n del FITIJ, un importante evento teatral del pa\u00eds.<\/p>\n\n\n\n<p>Tambi\u00e9n estuvieron presentes los integrantes de otras compa\u00f1\u00edas como Br\u00fajula Teatro a Cuerda, de Argentina y del Ba\u00fal de la Fantas\u00eda de Colombia. El teatro de las Estaciones, de Cuba, es otra de las compa\u00f1\u00edas tambi\u00e9n participaron en esta entrega del FITIJ 2024.<\/p>\n\n\n\n<figure class=\"wp-block-gallery has-nested-images columns-default is-cropped wp-block-gallery-2 is-layout-flex wp-block-gallery-is-layout-flex\">\n<figure class=\"wp-block-image size-large\"><img loading=\"lazy\" decoding=\"async\" width=\"836\" height=\"602\" data-id=\"576487\" src=\"https:\/\/diariodominicano.com\/wp-content\/uploads\/2024\/11\/Basilio-Nova-junto-a-los-infantes-que-asistieron-a-funcion-de-El-flautista-de-Hamelin.jpg\" alt=\"\" class=\"wp-image-576487\" srcset=\"https:\/\/diariodominicano.com\/wp-content\/uploads\/2024\/11\/Basilio-Nova-junto-a-los-infantes-que-asistieron-a-funcion-de-El-flautista-de-Hamelin.jpg 836w, https:\/\/diariodominicano.com\/wp-content\/uploads\/2024\/11\/Basilio-Nova-junto-a-los-infantes-que-asistieron-a-funcion-de-El-flautista-de-Hamelin-300x216.jpg 300w, https:\/\/diariodominicano.com\/wp-content\/uploads\/2024\/11\/Basilio-Nova-junto-a-los-infantes-que-asistieron-a-funcion-de-El-flautista-de-Hamelin-768x553.jpg 768w, https:\/\/diariodominicano.com\/wp-content\/uploads\/2024\/11\/Basilio-Nova-junto-a-los-infantes-que-asistieron-a-funcion-de-El-flautista-de-Hamelin-816x588.jpg 816w\" sizes=\"auto, (max-width: 836px) 100vw, 836px\" \/><\/figure>\n<\/figure>\n\n\n\n<p>En sus palabras, Basilio Nova, director general y art\u00edstico, afirm\u00f3 que para esta d\u00e9cimo quinta edici\u00f3n del FITIJ recibieron 156 solicitudes de participaci\u00f3n de agrupaciones de m\u00e1s de 40 pa\u00edses de todo el mundo, y de entre esas escogieron cinco espect\u00e1culos internacionales y dos de la agrupaci\u00f3n anfitriona, el Teatro C\u00facara-M\u00e1cara, que mostrar\u00e1 en el 15 FITIJ sus dos \u00faltimas creaciones: \u201cCantares de Cigarra\u201d y \u201cEl Flautista de Hamelin\u201d.<\/p>\n\n\n\n<figure class=\"wp-block-gallery has-nested-images columns-default is-cropped wp-block-gallery-3 is-layout-flex wp-block-gallery-is-layout-flex\">\n<figure class=\"wp-block-image size-large\"><img loading=\"lazy\" decoding=\"async\" width=\"825\" height=\"596\" data-id=\"576486\" src=\"https:\/\/diariodominicano.com\/wp-content\/uploads\/2024\/11\/Basilio-Nova-en-su-interpretacion-de-El-Flautista-de-Hamelin.jpg\" alt=\"\" class=\"wp-image-576486\" srcset=\"https:\/\/diariodominicano.com\/wp-content\/uploads\/2024\/11\/Basilio-Nova-en-su-interpretacion-de-El-Flautista-de-Hamelin.jpg 825w, https:\/\/diariodominicano.com\/wp-content\/uploads\/2024\/11\/Basilio-Nova-en-su-interpretacion-de-El-Flautista-de-Hamelin-300x217.jpg 300w, https:\/\/diariodominicano.com\/wp-content\/uploads\/2024\/11\/Basilio-Nova-en-su-interpretacion-de-El-Flautista-de-Hamelin-768x555.jpg 768w, https:\/\/diariodominicano.com\/wp-content\/uploads\/2024\/11\/Basilio-Nova-en-su-interpretacion-de-El-Flautista-de-Hamelin-816x589.jpg 816w\" sizes=\"auto, (max-width: 825px) 100vw, 825px\" \/><\/figure>\n<\/figure>\n\n\n\n<p>\u201cLo que quiero decir, es que, gracias a la cantidad de propuestas recibidas, pudimos escoger lo mejor para el p\u00fablico dominicano y comprobar, una vez m\u00e1s, que nuestro FITIJ-RD se ha mundializado, pues ya no es un evento regional, sino mundial que cada a\u00f1o recibe solicitudes de compa\u00f1\u00edas de varios pa\u00edses y continentes\u2026 hasta de \u00c1frica, llegaron postulaciones\u201d.<\/p>\n\n\n\n<figure class=\"wp-block-gallery has-nested-images columns-default is-cropped wp-block-gallery-4 is-layout-flex wp-block-gallery-is-layout-flex\">\n<figure class=\"wp-block-image size-large\"><img loading=\"lazy\" decoding=\"async\" width=\"833\" height=\"625\" data-id=\"576485\" src=\"https:\/\/diariodominicano.com\/wp-content\/uploads\/2024\/11\/Alumnos-de-centros-educativos-asisten-a-la-edicion-15-FITIJ-en-la-Sala-Manuel-Rueda.jpg\" alt=\"\" class=\"wp-image-576485\" srcset=\"https:\/\/diariodominicano.com\/wp-content\/uploads\/2024\/11\/Alumnos-de-centros-educativos-asisten-a-la-edicion-15-FITIJ-en-la-Sala-Manuel-Rueda.jpg 833w, https:\/\/diariodominicano.com\/wp-content\/uploads\/2024\/11\/Alumnos-de-centros-educativos-asisten-a-la-edicion-15-FITIJ-en-la-Sala-Manuel-Rueda-300x225.jpg 300w, https:\/\/diariodominicano.com\/wp-content\/uploads\/2024\/11\/Alumnos-de-centros-educativos-asisten-a-la-edicion-15-FITIJ-en-la-Sala-Manuel-Rueda-768x576.jpg 768w, https:\/\/diariodominicano.com\/wp-content\/uploads\/2024\/11\/Alumnos-de-centros-educativos-asisten-a-la-edicion-15-FITIJ-en-la-Sala-Manuel-Rueda-816x612.jpg 816w\" sizes=\"auto, (max-width: 833px) 100vw, 833px\" \/><\/figure>\n<\/figure>\n\n\n\n<p><strong>La programaci\u00f3n que sigue hasta este domingo 24<\/strong><\/p>\n\n\n\n<p>El festival incluye 33 funciones programadas en varias salas y espacios alternativos y de centros educativos.<\/p>\n\n\n\n<p>El mi\u00e9rcoles 20 de noviembre, a las 10:30 a.m., se presentar\u00e1 en Nova Teatro la obra&nbsp;<strong>\u00abEl Flautista de Hamel\u00edn\u00bb,<\/strong>&nbsp;de los hermanos Grimm, que combinaci\u00f3n de actuaci\u00f3n, narraci\u00f3n oral, t\u00edteres y teatro de sombra, en una moderna versi\u00f3n del afamado cl\u00e1sico. Con dicha obra el director Basilio Nova celebra su 50 aniversario en las tablas. La misma ser\u00e1 repetida el jueves 21 y el viernes 22 de noviembre, en Nova Teatro, ubicado en la calle Benigno Filomeno de Rojas No. 54, Zona Universitaria.<\/p>\n\n\n\n<p>La obra&nbsp;<strong>\u00abEl circo de las maravillas\u00bb<\/strong>&nbsp;de la compa\u00f1\u00eda El Ba\u00fal de la Fantas\u00eda, ser\u00e1 presentada este jueves 21 y viernes 22 de noviembre, a las 10:30 a.m., en la Sala la Dram\u00e1tica del Palacio de Bellas Artes, y, a las 7:00 p.m., en el Centro Cultural de Espa\u00f1a, totalmente gratis y abierta al p\u00fablico.<\/p>\n\n\n\n<p><strong>\u00abHistoria de burros\u00bb,&nbsp;<\/strong><strong>que llega desde Cuba a cargo del Teatro de Las Estaciones,<\/strong><strong>&nbsp;<\/strong>sube a escena desde el martes 19 al viernes 22 de noviembre, a las 10:30 a.m., en la sala Otto Coro del Teatro Guloya, ubicado en la calle Arzobispo Portes No. 205, Ciudad Colonial.<\/p>\n\n\n\n<p><strong>Funciones del fin de semana<\/strong><\/p>\n\n\n\n<p>El 15 FITIJ-RD 2024 finalizar\u00e1 con dos encantadores espect\u00e1culos para el disfrute de toda la familia, en NOVA Teatro, ubicado en la calle Benigno Filomeno de Rojas 54, de la zona universitaria.<\/p>\n\n\n\n<p>S\u00e1bado 23 de noviembre, a las 6:30 pm en NOVA Teatro se presentar\u00e1&nbsp;<strong>\u00abRat\u00f3s, el tejido del tiempo\u00bb,<\/strong>&nbsp;de El Ba\u00fal de la Fantas\u00eda, Colombia.<\/p>\n\n\n\n<p>El domingo 24 a las 6:30 pm, en NOVA Teatro, ser\u00e1 el gran cierre del 15 FITIJ-RD con la presentaci\u00f3n de la obra&nbsp;<strong>\u201cHistoria de Burros\u201d,<\/strong>&nbsp;que desde Cuba trae el Teatro de las Estaciones.&nbsp;<\/p>\n\n\n\n<p>Basilio Nova, director general y art\u00edstico del FITIJ, y la productora Ana Jim\u00e9nez afirman que esta edici\u00f3n, que tiene por lema \u00ab15 a\u00f1os volando con la imaginaci\u00f3n\u00bb, ha superado sus expectativas.<\/p>\n\n\n\n<p>\u201cInvitamos a las familias dominicanas a participar en este festival dedicado a Espa\u00f1a\u00bb. Les recordamos que estas obras tienen mensajes enfocados en valores tan importantes como el amor, la solidaridad y la perseverancia\u201d, expresaron los productores del FITIJ.<\/p>\n\n\n\n<p><strong>Para reservar y comprar las boletas<\/strong><\/p>\n\n\n\n<p>Las familias interesadas en asistir a las funciones del FITIJ 2024 pueden comunicarse a los tel\u00e9fonos 809-364-0802 o al m\u00f3vil con WhatsApp 809-696-9989. Tambi\u00e9n, pueden solicitar m\u00e1s informaci\u00f3n escribiendo al correo electr\u00f3nico:&nbsp;<a href=\"mailto:teatrocucaramacararepdom@gmail.com\" rel=\"noreferrer noopener\" target=\"_blank\">teatrocucaramacararepdom@gmail.com<\/a>, o visitando:&nbsp;<a href=\"https:\/\/www.teatrocucaramacarard.com\/\" rel=\"noreferrer noopener\" target=\"_blank\">https:\/\/www.teatrocucaramacarard.com<\/a>.<\/p>\n\n\n\n<p><strong>Mar\u00eda Mercedes<\/strong>\u00a0&lt;sonrie210@yahoo.es> <\/p>\n","protected":false},"excerpt":{"rendered":"<p>\u00abEl Flautista de Hamel\u00edn\u00bb, \u00abRat\u00f3s, el tejido del tiempo\u00bb, \u00abHistoria de burros\u201d, \u201cCantares de cigarra\u201d, \u00abEl circo de las maravillas\u00bb, \u201cEl camino de MuM\u201d, son las obras que conforman la programaci\u00f3n del 15 FITIJ dirigido al p\u00fablico escolar y familiar aportando diversi\u00f3n a todos los que asisten a las diferentes funciones que se realizan en [&hellip;]<\/p>\n","protected":false},"author":7,"featured_media":576484,"comment_status":"closed","ping_status":"open","sticky":true,"template":"","format":"standard","meta":{"footnotes":""},"categories":[21,25],"tags":[969],"class_list":["post-576472","post","type-post","status-publish","format-standard","has-post-thumbnail","hentry","category-cultura","category-gente","tag-festival-internacional-de-teatro"],"_links":{"self":[{"href":"https:\/\/diariodominicano.com\/index.php?rest_route=\/wp\/v2\/posts\/576472","targetHints":{"allow":["GET"]}}],"collection":[{"href":"https:\/\/diariodominicano.com\/index.php?rest_route=\/wp\/v2\/posts"}],"about":[{"href":"https:\/\/diariodominicano.com\/index.php?rest_route=\/wp\/v2\/types\/post"}],"author":[{"embeddable":true,"href":"https:\/\/diariodominicano.com\/index.php?rest_route=\/wp\/v2\/users\/7"}],"replies":[{"embeddable":true,"href":"https:\/\/diariodominicano.com\/index.php?rest_route=%2Fwp%2Fv2%2Fcomments&post=576472"}],"version-history":[{"count":1,"href":"https:\/\/diariodominicano.com\/index.php?rest_route=\/wp\/v2\/posts\/576472\/revisions"}],"predecessor-version":[{"id":576489,"href":"https:\/\/diariodominicano.com\/index.php?rest_route=\/wp\/v2\/posts\/576472\/revisions\/576489"}],"wp:featuredmedia":[{"embeddable":true,"href":"https:\/\/diariodominicano.com\/index.php?rest_route=\/wp\/v2\/media\/576484"}],"wp:attachment":[{"href":"https:\/\/diariodominicano.com\/index.php?rest_route=%2Fwp%2Fv2%2Fmedia&parent=576472"}],"wp:term":[{"taxonomy":"category","embeddable":true,"href":"https:\/\/diariodominicano.com\/index.php?rest_route=%2Fwp%2Fv2%2Fcategories&post=576472"},{"taxonomy":"post_tag","embeddable":true,"href":"https:\/\/diariodominicano.com\/index.php?rest_route=%2Fwp%2Fv2%2Ftags&post=576472"}],"curies":[{"name":"wp","href":"https:\/\/api.w.org\/{rel}","templated":true}]}}