{"id":576424,"date":"2024-11-21T15:57:03","date_gmt":"2024-11-21T19:57:03","guid":{"rendered":"https:\/\/diariodominicano.com\/?p=576424"},"modified":"2024-11-22T01:46:00","modified_gmt":"2024-11-22T05:46:00","slug":"dominicana-compite-en-festival-de-huelva-de-cine-iberoamericano","status":"publish","type":"post","link":"https:\/\/diariodominicano.com\/?p=576424","title":{"rendered":"Dominicana compite en Festival de Huelva de Cine Iberoamericano"},"content":{"rendered":"\n<p>diariodominicano.com<\/p>\n\n\n\n<p>Santo Domingo, 21 nov (Prensa Latina) Rep\u00fablica Dominicana participa en el Festival de Cine de Huelva, que hasta ma\u00f1ana presenta en la ciudad andaluza 147 producciones tambi\u00e9n de Brasil, M\u00e9xico, Argentina, Chile, Colombia, Costa Rica y Espa\u00f1a, inform\u00f3 hoy CineDominicano.<\/p>\n\n\n\n<p>En esta 50 edici\u00f3n del Festival, Quisqueya compite en la Secci\u00f3n Oficial y destaca por su presencia en las actividades del certamen.<\/p>\n\n\n\n<p>Entre las producciones locales que intervienen en el programa Residencia de Cine, figura el proyecto \u201cLa Voz Dominicana\u201d, dirigido por Oliver Olivo.<\/p>\n\n\n\n<p>En la Secci\u00f3n Oficial de Largometrajes, 13 pel\u00edculas concursan por el Col\u00f3n de Oro, dotado con 20 mil euros.<\/p>\n\n\n\n<p>Entre ellas destaca \u201cLa bachata de Bi\u00f3nico\u201d, que representa a Rep\u00fablica Dominicana, junto a obras de Brasil, Argentina, Costa Rica, M\u00e9xico y Espa\u00f1a.<\/p>\n\n\n\n<p>La selecci\u00f3n de este a\u00f1o, seg\u00fan el director del festival, Manuel Mart\u00edn, busca reflejar \u201cla diversidad del cine iberoamericano, sin priorizar una tem\u00e1tica com\u00fan\u201d.<\/p>\n\n\n\n<p>Producciones como \u201cM\u00e9xico 86\u201d, de C\u00e9sar D\u00edaz, y \u201cEl cuento del lobo\u201d, de Norberto L\u00f3pez Amado (Espa\u00f1a), completan el programa.<\/p>\n\n\n\n<p>Cinedominicano se\u00f1al\u00f3 que en su 50 edici\u00f3n, el festival incorpora la nueva secci\u00f3n competitiva Acento, dedicada a largometrajes espa\u00f1oles. Entre ellos, destaca el debut como directora de Paz Vega con \u201cRita\u201d, quien ser\u00e1 homenajeada con el Premio Luz, junto a Mar\u00eda Le\u00f3n y Rub\u00e9n Cortada.<\/p>\n\n\n\n<p>Desde su creaci\u00f3n en 1974, el Festival de Huelva ha sido pionero en la promoci\u00f3n del cine latinoamericano en Europa.<\/p>\n\n\n\n<p>Este a\u00f1o no solo celebra su historia, sino tambi\u00e9n su apuesta por el futuro, consolid\u00e1ndose como una plataforma clave para el intercambio cultural, agreg\u00f3 la fuente.<\/p>\n\n\n\n<p>mem\/mpv<\/p>\n","protected":false},"excerpt":{"rendered":"<p>diariodominicano.com Santo Domingo, 21 nov (Prensa Latina) Rep\u00fablica Dominicana participa en el Festival de Cine de Huelva, que hasta ma\u00f1ana presenta en la ciudad andaluza 147 producciones tambi\u00e9n de Brasil, M\u00e9xico, Argentina, Chile, Colombia, Costa Rica y Espa\u00f1a, inform\u00f3 hoy CineDominicano. En esta 50 edici\u00f3n del Festival, Quisqueya compite en la Secci\u00f3n Oficial y destaca [&hellip;]<\/p>\n","protected":false},"author":5,"featured_media":576437,"comment_status":"closed","ping_status":"closed","sticky":true,"template":"","format":"standard","meta":{"footnotes":""},"categories":[21,36,25],"tags":[],"class_list":["post-576424","post","type-post","status-publish","format-standard","has-post-thumbnail","hentry","category-cultura","category-hombresmujeresycosas","category-gente"],"_links":{"self":[{"href":"https:\/\/diariodominicano.com\/index.php?rest_route=\/wp\/v2\/posts\/576424","targetHints":{"allow":["GET"]}}],"collection":[{"href":"https:\/\/diariodominicano.com\/index.php?rest_route=\/wp\/v2\/posts"}],"about":[{"href":"https:\/\/diariodominicano.com\/index.php?rest_route=\/wp\/v2\/types\/post"}],"author":[{"embeddable":true,"href":"https:\/\/diariodominicano.com\/index.php?rest_route=\/wp\/v2\/users\/5"}],"replies":[{"embeddable":true,"href":"https:\/\/diariodominicano.com\/index.php?rest_route=%2Fwp%2Fv2%2Fcomments&post=576424"}],"version-history":[{"count":1,"href":"https:\/\/diariodominicano.com\/index.php?rest_route=\/wp\/v2\/posts\/576424\/revisions"}],"predecessor-version":[{"id":576439,"href":"https:\/\/diariodominicano.com\/index.php?rest_route=\/wp\/v2\/posts\/576424\/revisions\/576439"}],"wp:featuredmedia":[{"embeddable":true,"href":"https:\/\/diariodominicano.com\/index.php?rest_route=\/wp\/v2\/media\/576437"}],"wp:attachment":[{"href":"https:\/\/diariodominicano.com\/index.php?rest_route=%2Fwp%2Fv2%2Fmedia&parent=576424"}],"wp:term":[{"taxonomy":"category","embeddable":true,"href":"https:\/\/diariodominicano.com\/index.php?rest_route=%2Fwp%2Fv2%2Fcategories&post=576424"},{"taxonomy":"post_tag","embeddable":true,"href":"https:\/\/diariodominicano.com\/index.php?rest_route=%2Fwp%2Fv2%2Ftags&post=576424"}],"curies":[{"name":"wp","href":"https:\/\/api.w.org\/{rel}","templated":true}]}}