{"id":576375,"date":"2024-11-21T15:20:58","date_gmt":"2024-11-21T19:20:58","guid":{"rendered":"https:\/\/diariodominicano.com\/?p=576375"},"modified":"2024-11-21T15:21:00","modified_gmt":"2024-11-21T19:21:00","slug":"unapec-da-apertura-al-viii-congreso-iberoamericano-de-comunicacion-4-0-perspectiva-y-desafios","status":"publish","type":"post","link":"https:\/\/diariodominicano.com\/?p=576375","title":{"rendered":"UNAPEC da apertura al VIII Congreso Iberoamericano de Comunicaci\u00f3n 4.0: Perspectiva y Desaf\u00edos"},"content":{"rendered":"\n<p><em>Este magno evento est\u00e1 concebido como un espacio propio para el debate constructivo y contempor\u00e1neo sobre los temas que acontecen en el \u00e1mbito profesional y acad\u00e9micos los cuales favorecer\u00e1n el desarrollo de nuevos concepto e ideas emprendedoras para la innovaci\u00f3n de nuevas expectativas y proyectos que contribuyan a la generaci\u00f3n de recursos socioecon\u00f3micos y de desarrollo conceptuales en el \u00e1mbito de la comunicaci\u00f3n de la 4ta Revoluci\u00f3n Industrial en la era contempor\u00e1nea.<\/em><\/p>\n\n\n\n<p><strong>Santo Domingo, 2024<\/strong>.\u00a0M\u00e1s de doces representantes de naciones de Iberoam\u00e9rica se dar\u00e1n cita del 20 al 22 de noviembre durante el VIII Congreso Iberoamericano de Comunicaci\u00f3n 4.0: Perspectiva y Desaf\u00edos, que tendr\u00e1 como pa\u00eds anfitri\u00f3n Rep\u00fablica Dominicana, bajo la organizaci\u00f3n de la Universidad APEC (UNAPEC), a trav\u00e9s de la Escuela de Artes y Comunicaciones, de la Facultad de Humanidades.<\/p>\n\n\n\n<figure class=\"wp-block-gallery has-nested-images columns-default is-cropped wp-block-gallery-1 is-layout-flex wp-block-gallery-is-layout-flex\">\n<figure class=\"wp-block-image size-large\"><img loading=\"lazy\" decoding=\"async\" width=\"1024\" height=\"682\" data-id=\"576402\" src=\"https:\/\/diariodominicano.com\/wp-content\/uploads\/2024\/11\/El-decano-de-la-Facultad-de-Humanidades-el-Licdo.-Alejandro-Moscoso-Segarra-1024x682.jpg\" alt=\"\" class=\"wp-image-576402\" srcset=\"https:\/\/diariodominicano.com\/wp-content\/uploads\/2024\/11\/El-decano-de-la-Facultad-de-Humanidades-el-Licdo.-Alejandro-Moscoso-Segarra-1024x682.jpg 1024w, https:\/\/diariodominicano.com\/wp-content\/uploads\/2024\/11\/El-decano-de-la-Facultad-de-Humanidades-el-Licdo.-Alejandro-Moscoso-Segarra-300x200.jpg 300w, https:\/\/diariodominicano.com\/wp-content\/uploads\/2024\/11\/El-decano-de-la-Facultad-de-Humanidades-el-Licdo.-Alejandro-Moscoso-Segarra-768x512.jpg 768w, https:\/\/diariodominicano.com\/wp-content\/uploads\/2024\/11\/El-decano-de-la-Facultad-de-Humanidades-el-Licdo.-Alejandro-Moscoso-Segarra-816x544.jpg 816w, https:\/\/diariodominicano.com\/wp-content\/uploads\/2024\/11\/El-decano-de-la-Facultad-de-Humanidades-el-Licdo.-Alejandro-Moscoso-Segarra.jpg 1280w\" sizes=\"auto, (max-width: 1024px) 100vw, 1024px\" \/><\/figure>\n<\/figure>\n\n\n\n<p>El acto de inauguraci\u00f3n, que tuvo lugar en el sal\u00f3n La Mancha, del Hotel Barcel\u00f3, estuvo encabezado por el\u00a0rector de la Universidad APEC, Unapec,\u00a0<strong>Dr. Franklyn Holgu\u00edn Hach\u00e9<\/strong>; el decano de la Facultad de Humanidades, el\u00a0<strong>Licdo.<\/strong>\u00a0<strong>Alejandro Moscoso Segarra<\/strong>, la\u00a0<strong>Licda. Alicia \u00c1lvarez<\/strong>, directora de la Escuela de Artes y Comunicaci\u00f3n, la\u00a0<strong>Licda. Elsa Mar\u00eda Moquete<\/strong>, vicerrectora Acad\u00e9mica en funciones, la\u00a0<strong>Licda. Ros\u00e1ngela S\u00e1nchez Valdez<\/strong>, vicerrectora Administrativa Financiera.<\/p>\n\n\n\n<figure class=\"wp-block-gallery has-nested-images columns-default is-cropped wp-block-gallery-2 is-layout-flex wp-block-gallery-is-layout-flex\">\n<figure class=\"wp-block-image size-large\"><img loading=\"lazy\" decoding=\"async\" width=\"1024\" height=\"682\" data-id=\"576404\" src=\"https:\/\/diariodominicano.com\/wp-content\/uploads\/2024\/11\/El-rector-de-la-Universidad-APEC-Unapec-Dr.-Franklyn-Holguin-Hache-junto-a-de-la-academia-e-invitados-1024x682.jpg\" alt=\"\" class=\"wp-image-576404\" srcset=\"https:\/\/diariodominicano.com\/wp-content\/uploads\/2024\/11\/El-rector-de-la-Universidad-APEC-Unapec-Dr.-Franklyn-Holguin-Hache-junto-a-de-la-academia-e-invitados-1024x682.jpg 1024w, https:\/\/diariodominicano.com\/wp-content\/uploads\/2024\/11\/El-rector-de-la-Universidad-APEC-Unapec-Dr.-Franklyn-Holguin-Hache-junto-a-de-la-academia-e-invitados-300x200.jpg 300w, https:\/\/diariodominicano.com\/wp-content\/uploads\/2024\/11\/El-rector-de-la-Universidad-APEC-Unapec-Dr.-Franklyn-Holguin-Hache-junto-a-de-la-academia-e-invitados-768x512.jpg 768w, https:\/\/diariodominicano.com\/wp-content\/uploads\/2024\/11\/El-rector-de-la-Universidad-APEC-Unapec-Dr.-Franklyn-Holguin-Hache-junto-a-de-la-academia-e-invitados-816x544.jpg 816w, https:\/\/diariodominicano.com\/wp-content\/uploads\/2024\/11\/El-rector-de-la-Universidad-APEC-Unapec-Dr.-Franklyn-Holguin-Hache-junto-a-de-la-academia-e-invitados.jpg 1280w\" sizes=\"auto, (max-width: 1024px) 100vw, 1024px\" \/><\/figure>\n<\/figure>\n\n\n\n<p>A la actividad, Tambi\u00e9n asistieron el\u00a0<strong>Dr. Rafael Gonz\u00e1lez Pardo<\/strong>, presidente de la Federaci\u00f3n Latinoamericana de Facultades de Comunicaci\u00f3n Social, FELAFACS, el<strong>\u00a0<\/strong><strong>Licdo. Aurelio Henr\u00edquez Mendoza<\/strong>, presidente del Colegio Dominicano de Periodistas, la\u00a0<strong>Sra. Yubelkis Ram\u00edrez<\/strong>, vicepresidente de Marketing del Banco de Reservas,\u00a0la\u00a0<strong>Sra. Marianna Vargas Gurilieva<\/strong>, directora general de la Direcci\u00f3n General de Cine, el\u00a0<strong>Sr. Miguel Franjul,\u00a0<\/strong>director del List\u00edn Diario,<\/p>\n\n\n\n<figure class=\"wp-block-gallery has-nested-images columns-default is-cropped wp-block-gallery-3 is-layout-flex wp-block-gallery-is-layout-flex\">\n<figure class=\"wp-block-image size-large\"><img loading=\"lazy\" decoding=\"async\" width=\"1024\" height=\"682\" data-id=\"576403\" src=\"https:\/\/diariodominicano.com\/wp-content\/uploads\/2024\/11\/El-rector-de-la-Universidad-APEC-Unapec-Dr.-Franklyn-Holguin-Hache-1024x682.jpg\" alt=\"\" class=\"wp-image-576403\" srcset=\"https:\/\/diariodominicano.com\/wp-content\/uploads\/2024\/11\/El-rector-de-la-Universidad-APEC-Unapec-Dr.-Franklyn-Holguin-Hache-1024x682.jpg 1024w, https:\/\/diariodominicano.com\/wp-content\/uploads\/2024\/11\/El-rector-de-la-Universidad-APEC-Unapec-Dr.-Franklyn-Holguin-Hache-300x200.jpg 300w, https:\/\/diariodominicano.com\/wp-content\/uploads\/2024\/11\/El-rector-de-la-Universidad-APEC-Unapec-Dr.-Franklyn-Holguin-Hache-768x512.jpg 768w, https:\/\/diariodominicano.com\/wp-content\/uploads\/2024\/11\/El-rector-de-la-Universidad-APEC-Unapec-Dr.-Franklyn-Holguin-Hache-816x544.jpg 816w, https:\/\/diariodominicano.com\/wp-content\/uploads\/2024\/11\/El-rector-de-la-Universidad-APEC-Unapec-Dr.-Franklyn-Holguin-Hache.jpg 1280w\" sizes=\"auto, (max-width: 1024px) 100vw, 1024px\" \/><\/figure>\n<\/figure>\n\n\n\n<p>Como conferencistas invitados en este congreso participar\u00e1n&nbsp;<strong>Don Agust\u00edn Medina<\/strong>, el&nbsp;<strong>Dr. Rafael Gonz\u00e1lez Pardo<\/strong>, el&nbsp;<strong>Sr. Diego Vainesman<\/strong>, el&nbsp;<strong>Licdo. Eduardo Valc\u00e1rcel<\/strong>, el&nbsp;<strong>Sr. Antonio Goicochea Gil<\/strong>, el&nbsp;<strong>Sr. Arian Garc\u00eda Garc\u00eda<\/strong>, la&nbsp;<strong>Sra. Maricha Mart\u00ednez<\/strong>, la&nbsp;<strong>Sra. Leila Baptaglin<\/strong>, el&nbsp;<strong>Sr. Vilso Junior Chierentin<\/strong>&nbsp;y el<strong>&nbsp;Sr. Rafael de los Santos<\/strong>, mejor conocido como Poteleche.<\/p>\n\n\n\n<p>En su discurso, el decano de la Facultad de Humanidades, el Licdo. Alejandro Moscoso inform\u00f3 que el Octavo Encuentro Iberoamericano de Comunicaci\u00f3n. 4.0, tiene como objetivo fundamental generar an\u00e1lisis e intercambio de ideas sobre el impacto que ha tenido la comunicaci\u00f3n en todas las \u00e1reas del conocimiento en estos tiempos, adem\u00e1s de ver sus desaf\u00edo y perspectivas.<\/p>\n\n\n\n<p>\u2018\u2019este siglo ha sido impactado por lo que se ha denominado la Cuarta Revoluci\u00f3n Industrial, por eso el t\u00edtulo del congreso: \u201cComunicaci\u00f3n 4.0.\u201d. Esta revoluci\u00f3n se considera la de m\u00e1s importancia de todas las revoluciones tecnol\u00f3gicas. Al respecto, fue el economista Klaus Schwab, autor del libro La cuarta revoluci\u00f3n industrial quien acu\u00f1\u00f3 este t\u00e9rmino\u201d, indic\u00f3 Moscoso.<\/p>\n\n\n\n<p>El decano de la Facultad de Humanidades de UNAPEC, entiende que \u201cla sociedad nunca deja de cambiar y nunca dejamos de aprender, por esa raz\u00f3n nuestro sistema educativo estar\u00e1 siempre bajo una presi\u00f3n constante para integrar novedosas ideas que inspiren a las nuevas generaciones y, precisamente, un espacio como este, nos permite mantenernos al d\u00eda en el \u00e1rea del conocimiento\u201d.<\/p>\n\n\n\n<p>Conforme a los anfitriones, el mundo vive&nbsp;un momento crucial, marcado por la Cuarta Revoluci\u00f3n Industrial, que transforma profundamente la manera en que vivimos, trabajamos y nos comunicamos.<\/p>\n\n\n\n<p>En esencia, estiman que la era nos plantea retos \u00e9ticos y sociales, siendo uno de ellos el fen\u00f3meno de la posverdad, donde las emociones y creencias personales, m\u00e1s que los hechos objetivos, influyen en la opini\u00f3n p\u00fablica.<\/p>\n\n\n\n<p>&lt;&lt; Y es precisamente en este contexto, que la Comunicaci\u00f3n 4.0 emerge como una respuesta estrat\u00e9gica a los desaf\u00edos de un ecosistema digital en el que la inteligencia artificial, la automatizaci\u00f3n y la personalizaci\u00f3n, est\u00e1n redefiniendo las relaciones humanas y organizacionales &gt;&gt;, se\u00f1al\u00f3 la doctora \u00c1lvarez, al pronunciar las palabras de apertura.<\/p>\n\n\n\n<p>Resalt\u00f3, que la Comunicaci\u00f3n 4.0 nos desaf\u00eda, tanto a innovar en las formas, como a reafirmar los valores fundamentales de la profesi\u00f3n: &lt;&lt; la veracidad, la \u00e9tica y el compromiso con las audiencias &gt;&gt;.<\/p>\n\n\n\n<p>Puso de relieve que el Octavo Congreso Iberoamericano de Comunicaci\u00f3n es una oportunidad \u00fanica para reflexionar sobre c\u00f3mo enfrentamos los desaf\u00edos en el \u00e1rea, y c\u00f3mo se puede construir una comunicaci\u00f3n m\u00e1s responsable e inclusiva.<\/p>\n\n\n\n<p>&lt;&lt; En un mundo hiperconectado, la responsabilidad de los comunicadores es mayor que nunca: debemos ser guardianes de la verdad, promotores del pensamiento cr\u00edtico y arquitectos de puentes que fomenten el entendimiento y la cohesi\u00f3n social &gt;&gt;, acent\u00fao la directora de la Escuela de Artes y Comunicaci\u00f3n.<\/p>\n\n\n\n<p>Durante tres d\u00edas, los participantes disfrutar\u00e1n de un amplio programa de ejes tem\u00e1ticos entre los que figuran, Comunicaci\u00f3n Arte y Cultura; Comunicaci\u00f3n Digital; Comunicaci\u00f3n Estrat\u00e9gica; Dise\u00f1o y Comunicaci\u00f3n y Dise\u00f1o -Producci\u00f3n -Industria. Tambi\u00e9n Publicidad y Sociedad; Cinematograf\u00eda e Industrias Culturales y Creativas, y Periodismo en la Era Digital, dentro de 27 conferencias presenciales, 6 conferencias virtuales y un panel de cierre titulado \u00abComunicaci\u00f3n 4.0\u00bb.<\/p>\n\n\n\n<p>Las conferencias magistrales estar\u00e1n a cargo del espa\u00f1ol, Agust\u00edn Medina, uno de los publicitarios espa\u00f1oles m\u00e1s importantes de los \u00faltimos 40 a\u00f1os, presidente y fundador de la Asociaci\u00f3n de directores Creativos (ADC), quien disertar\u00e1 sobre el tema&nbsp;<em>La verdad sobre las redes sociales y la publicidad digital<\/em>; y Rafael Gonz\u00e1lez, oriundo de Colombia, quien abordar\u00e1 la&nbsp;<em>Comunicaci\u00f3n y tecnolog\u00eda, una autopista para la reflexi\u00f3n.<\/em><\/p>\n\n\n\n<p>El encuentro reunir\u00e1 a destacados profesionales de la comunicaci\u00f3n y expertos en educaci\u00f3n superior, tanto a nivel nacional como internacional, fomentando un espacio de di\u00e1logo e intercambio de ideas, conceptos y experiencias sobre las innovaciones y tendencias de la Comunicaci\u00f3n 4.0. responder\u00e1 a las demandas socioculturales y econ\u00f3micas de los nuevos escenarios de comunicaci\u00f3n, permitiendo establecer las prioridades en la evoluci\u00f3n de la comunicaci\u00f3n del siglo XXI a trav\u00e9s de la participaci\u00f3n de diversos actores del sector profesional y acad\u00e9mico.<\/p>\n\n\n\n<p><strong>Yakauris Brunilda Suero Tavarez<\/strong>\u00a0&lt;yakauris23@hotmail.com> <\/p>\n","protected":false},"excerpt":{"rendered":"<p>Este magno evento est\u00e1 concebido como un espacio propio para el debate constructivo y contempor\u00e1neo sobre los temas que acontecen en el \u00e1mbito profesional y acad\u00e9micos los cuales favorecer\u00e1n el desarrollo de nuevos concepto e ideas emprendedoras para la innovaci\u00f3n de nuevas expectativas y proyectos que contribuyan a la generaci\u00f3n de recursos socioecon\u00f3micos y de [&hellip;]<\/p>\n","protected":false},"author":7,"featured_media":576405,"comment_status":"closed","ping_status":"closed","sticky":false,"template":"","format":"standard","meta":{"footnotes":""},"categories":[36],"tags":[986,985],"class_list":["post-576375","post","type-post","status-publish","format-standard","has-post-thumbnail","hentry","category-hombresmujeresycosas","tag-congreso-iberoamericano-de-comunicacion-4-0","tag-unapec"],"_links":{"self":[{"href":"https:\/\/diariodominicano.com\/index.php?rest_route=\/wp\/v2\/posts\/576375","targetHints":{"allow":["GET"]}}],"collection":[{"href":"https:\/\/diariodominicano.com\/index.php?rest_route=\/wp\/v2\/posts"}],"about":[{"href":"https:\/\/diariodominicano.com\/index.php?rest_route=\/wp\/v2\/types\/post"}],"author":[{"embeddable":true,"href":"https:\/\/diariodominicano.com\/index.php?rest_route=\/wp\/v2\/users\/7"}],"replies":[{"embeddable":true,"href":"https:\/\/diariodominicano.com\/index.php?rest_route=%2Fwp%2Fv2%2Fcomments&post=576375"}],"version-history":[{"count":1,"href":"https:\/\/diariodominicano.com\/index.php?rest_route=\/wp\/v2\/posts\/576375\/revisions"}],"predecessor-version":[{"id":576406,"href":"https:\/\/diariodominicano.com\/index.php?rest_route=\/wp\/v2\/posts\/576375\/revisions\/576406"}],"wp:featuredmedia":[{"embeddable":true,"href":"https:\/\/diariodominicano.com\/index.php?rest_route=\/wp\/v2\/media\/576405"}],"wp:attachment":[{"href":"https:\/\/diariodominicano.com\/index.php?rest_route=%2Fwp%2Fv2%2Fmedia&parent=576375"}],"wp:term":[{"taxonomy":"category","embeddable":true,"href":"https:\/\/diariodominicano.com\/index.php?rest_route=%2Fwp%2Fv2%2Fcategories&post=576375"},{"taxonomy":"post_tag","embeddable":true,"href":"https:\/\/diariodominicano.com\/index.php?rest_route=%2Fwp%2Fv2%2Ftags&post=576375"}],"curies":[{"name":"wp","href":"https:\/\/api.w.org\/{rel}","templated":true}]}}