{"id":576363,"date":"2024-11-21T11:53:09","date_gmt":"2024-11-21T15:53:09","guid":{"rendered":"https:\/\/diariodominicano.com\/?p=576363"},"modified":"2024-11-21T12:02:35","modified_gmt":"2024-11-21T16:02:35","slug":"emiratos-arabes-unidos-y-estados-unidos-analizan-acontecimientos-en-medio-oriente","status":"publish","type":"post","link":"https:\/\/diariodominicano.com\/?p=576363","title":{"rendered":"Emiratos \u00c1rabes Unidos y Estados Unidos analizan acontecimientos en Medio Oriente"},"content":{"rendered":"\n<p>diariodominicano.com<\/p>\n\n\n\n<p>ABU DHABI, 21 nov (Xinhua) &#8212; El jeque Abdullah bin Zayed Al Nahyan, viceprimer ministro y canciller de Emiratos \u00c1rabes Unidos (EAU), mantuvo hoy jueves conversaciones con el secretario de Estado estadounidense, Antony Blinken, donde analizaron la evoluci\u00f3n de la situaci\u00f3n en el Medio Oriente. En una llamada telef\u00f3nica, los dos diplom\u00e1ticos hablaron de los esfuerzos internacionales para asegurar un alto el fuego sostenible que garantice la protecci\u00f3n de los civiles en Gaza, inform\u00f3 la agencia oficial de noticias emirat\u00ed WAM. Las conversaciones tambi\u00e9n abordan la mejora de las respuestas humanitarias a las necesidades de los civiles en Gaza, as\u00ed como las preocupaciones regionales, incluidos los acontecimientos en el L\u00edbano y las implicaciones humanitarias de la situaci\u00f3n en Sud\u00e1n. Seg\u00fan WAM, Emiratos \u00c1rabes Unidos han liderado iniciativas pol\u00edticas y humanitarias para apoyar a los palestinos, y encabeza un esfuerzo \u00e1rabe en las Naciones Unidas para abordar las consecuencias humanitarias de la escalada militar en el L\u00edbano.<\/p>\n\n\n\n<p>#Emiratos \u00c1rabes Unidos y Estados Unidos\u2003 #Medio Oriente <\/p>\n","protected":false},"excerpt":{"rendered":"<p>diariodominicano.com ABU DHABI, 21 nov (Xinhua) &#8212; El jeque Abdullah bin Zayed Al Nahyan, viceprimer ministro y canciller de Emiratos \u00c1rabes Unidos (EAU), mantuvo hoy jueves conversaciones con el secretario de Estado estadounidense, Antony Blinken, donde analizaron la evoluci\u00f3n de la situaci\u00f3n en el Medio Oriente. En una llamada telef\u00f3nica, los dos diplom\u00e1ticos hablaron de [&hellip;]<\/p>\n","protected":false},"author":5,"featured_media":576367,"comment_status":"closed","ping_status":"closed","sticky":true,"template":"","format":"standard","meta":{"footnotes":""},"categories":[23,27],"tags":[],"class_list":["post-576363","post","type-post","status-publish","format-standard","has-post-thumbnail","hentry","category-internacional","category-portada"],"_links":{"self":[{"href":"https:\/\/diariodominicano.com\/index.php?rest_route=\/wp\/v2\/posts\/576363","targetHints":{"allow":["GET"]}}],"collection":[{"href":"https:\/\/diariodominicano.com\/index.php?rest_route=\/wp\/v2\/posts"}],"about":[{"href":"https:\/\/diariodominicano.com\/index.php?rest_route=\/wp\/v2\/types\/post"}],"author":[{"embeddable":true,"href":"https:\/\/diariodominicano.com\/index.php?rest_route=\/wp\/v2\/users\/5"}],"replies":[{"embeddable":true,"href":"https:\/\/diariodominicano.com\/index.php?rest_route=%2Fwp%2Fv2%2Fcomments&post=576363"}],"version-history":[{"count":3,"href":"https:\/\/diariodominicano.com\/index.php?rest_route=\/wp\/v2\/posts\/576363\/revisions"}],"predecessor-version":[{"id":576374,"href":"https:\/\/diariodominicano.com\/index.php?rest_route=\/wp\/v2\/posts\/576363\/revisions\/576374"}],"wp:featuredmedia":[{"embeddable":true,"href":"https:\/\/diariodominicano.com\/index.php?rest_route=\/wp\/v2\/media\/576367"}],"wp:attachment":[{"href":"https:\/\/diariodominicano.com\/index.php?rest_route=%2Fwp%2Fv2%2Fmedia&parent=576363"}],"wp:term":[{"taxonomy":"category","embeddable":true,"href":"https:\/\/diariodominicano.com\/index.php?rest_route=%2Fwp%2Fv2%2Fcategories&post=576363"},{"taxonomy":"post_tag","embeddable":true,"href":"https:\/\/diariodominicano.com\/index.php?rest_route=%2Fwp%2Fv2%2Ftags&post=576363"}],"curies":[{"name":"wp","href":"https:\/\/api.w.org\/{rel}","templated":true}]}}