{"id":576205,"date":"2024-11-21T01:24:31","date_gmt":"2024-11-21T05:24:31","guid":{"rendered":"https:\/\/diariodominicano.com\/?p=576205"},"modified":"2024-11-21T01:24:35","modified_gmt":"2024-11-21T05:24:35","slug":"wilfredo-lozano-diserta-sobre-el-pensamiento-politico-de-jose-francisco-pena-gomez-en-la-uasd","status":"publish","type":"post","link":"https:\/\/diariodominicano.com\/?p=576205","title":{"rendered":"Wilfredo Lozano diserta sobre el pensamiento pol\u00edtico de Jos\u00e9 Francisco Pe\u00f1a G\u00f3mez en la UASD"},"content":{"rendered":"\n<p><strong>Santo Domingo, Rep\u00fablica Dominicana \u2013 19 de noviembre de 2024 \u2013<\/strong>&nbsp;El soci\u00f3logo y acad\u00e9mico Wilfredo Lozano ofreci\u00f3 la conferencia magistral titulada \u00abSocialdemocracia y acci\u00f3n de masas: Pe\u00f1a G\u00f3mez en la construcci\u00f3n de la democracia dominicana\u00bb, organizada por la Fundaci\u00f3n Friedrich Ebert (FES) y la Facultad de Ciencias Econ\u00f3micas y Sociales (FCES) de la Universidad Aut\u00f3noma de Santo Domingo (UASD). El evento reuni\u00f3 a figuras acad\u00e9micas, pol\u00edticas y sociales para reflexionar sobre el impacto de Pe\u00f1a G\u00f3mez en la consolidaci\u00f3n del sistema democr\u00e1tico dominicano.<\/p>\n\n\n\n<p>La jornada inici\u00f3 con las palabras de apertura de Paula Rodr\u00edguez, coordinadora de Proyectos de la Fundaci\u00f3n Friedrich Ebert, quien resalt\u00f3 la importancia de analizar el legado pol\u00edtico de Pe\u00f1a G\u00f3mez en el contexto actual. Rodr\u00edguez afirm\u00f3 que \u00absu pensamiento y liderazgo son referentes imprescindibles para entender los desaf\u00edos y logros de la socialdemocracia en la Rep\u00fablica Dominicana\u00bb, destacando la colaboraci\u00f3n hist\u00f3rica entre la Fundaci\u00f3n y el destacado pol\u00edtico dominicano.<\/p>\n\n\n\n<p>Por su parte, la maestra Rosal\u00eda Sosa, vicerrectora de Extensi\u00f3n de la UASD, subray\u00f3 la relevancia de estos espacios de reflexi\u00f3n para fortalecer los valores democr\u00e1ticos. Sosa expres\u00f3 que \u00abla figura de Pe\u00f1a G\u00f3mez trasciende generaciones y es fundamental para comprender el desarrollo pol\u00edtico y social de nuestro pa\u00eds\u00bb.<\/p>\n\n\n\n<p>El acto continu\u00f3 con la conferencia de Wilfredo Lozano, quien profundiz\u00f3 en los pilares que definieron el pensamiento pol\u00edtico de Pe\u00f1a G\u00f3mez y su liderazgo socialdem\u00f3crata basado en seis principios esenciales: la alternabilidad en el poder, el pluralismo pol\u00edtico, la construcci\u00f3n de consensos, la participaci\u00f3n ciudadana, la centralidad de los gobiernos locales y la dimensi\u00f3n internacional de la democracia. \u00abPe\u00f1a G\u00f3mez fue m\u00e1s que un gran l\u00edder de masas, fue un visionario que articul\u00f3 una propuesta democr\u00e1tica capaz de trascender fronteras e influir en el panorama pol\u00edtico internacional, afirm\u00f3 Lozano.<\/p>\n\n\n\n<p>En ese sentido, a\u00f1adi\u00f3 que: \u00abEsta conferencia, quiz\u00e1 por primera vez, permitir\u00e1 apreciar de manera sistem\u00e1tica las ideas centrales de Jos\u00e9 Francisco Pe\u00f1a G\u00f3mez en su concepci\u00f3n de la democracia y reconocer al l\u00edder&nbsp;-m\u00e1s all\u00e1 de su presencia en la pol\u00edtica partidista-&nbsp;como un hombre de pensamiento que logr\u00f3 articular un concepto de participaci\u00f3n ciudadana como condici\u00f3n para sentar las bases del edificio democr\u00e1tico que a\u00fan hoy intentamos construir\u00bb.<\/p>\n\n\n\n<p>Por su parte, el soci\u00f3logo e historiador Rub\u00e9n Sili\u00e9, destac\u00f3 la dimensi\u00f3n internacional del pensamiento de Pe\u00f1a G\u00f3mez, por lo que destac\u00f3 que \u00absu liderazgo no solo marc\u00f3 un antes y un despu\u00e9s en la pol\u00edtica dominicana, sino que su influencia reson\u00f3 en la regi\u00f3n, lo que permiti\u00f3 consolidar la idea de una democracia inclusiva y participativa\u00bb.<\/p>\n\n\n\n<p>El encuentro cont\u00f3 con un espacio de di\u00e1logo en el cual se abordaron las contribuciones de Pe\u00f1a G\u00f3mez, su habilidad para liderar en momentos de crisis y su influencia en la configuraci\u00f3n de la pol\u00edtica dominicana moderna. La actividad concluy\u00f3 con la puesta en circulaci\u00f3n de una publicaci\u00f3n con el mismo t\u00edtulo de la conferencia.<\/p>\n\n\n\n<p>jmordechay@gmail.com<\/p>\n","protected":false},"excerpt":{"rendered":"<p>Santo Domingo, Rep\u00fablica Dominicana \u2013 19 de noviembre de 2024 \u2013&nbsp;El soci\u00f3logo y acad\u00e9mico Wilfredo Lozano ofreci\u00f3 la conferencia magistral titulada \u00abSocialdemocracia y acci\u00f3n de masas: Pe\u00f1a G\u00f3mez en la construcci\u00f3n de la democracia dominicana\u00bb, organizada por la Fundaci\u00f3n Friedrich Ebert (FES) y la Facultad de Ciencias Econ\u00f3micas y Sociales (FCES) de la Universidad Aut\u00f3noma [&hellip;]<\/p>\n","protected":false},"author":28,"featured_media":0,"comment_status":"closed","ping_status":"closed","sticky":true,"template":"","format":"standard","meta":{"footnotes":""},"categories":[26,22],"tags":[],"class_list":["post-576205","post","type-post","status-publish","format-standard","hentry","category-efemerides","category-politica"],"_links":{"self":[{"href":"https:\/\/diariodominicano.com\/index.php?rest_route=\/wp\/v2\/posts\/576205","targetHints":{"allow":["GET"]}}],"collection":[{"href":"https:\/\/diariodominicano.com\/index.php?rest_route=\/wp\/v2\/posts"}],"about":[{"href":"https:\/\/diariodominicano.com\/index.php?rest_route=\/wp\/v2\/types\/post"}],"author":[{"embeddable":true,"href":"https:\/\/diariodominicano.com\/index.php?rest_route=\/wp\/v2\/users\/28"}],"replies":[{"embeddable":true,"href":"https:\/\/diariodominicano.com\/index.php?rest_route=%2Fwp%2Fv2%2Fcomments&post=576205"}],"version-history":[{"count":1,"href":"https:\/\/diariodominicano.com\/index.php?rest_route=\/wp\/v2\/posts\/576205\/revisions"}],"predecessor-version":[{"id":576213,"href":"https:\/\/diariodominicano.com\/index.php?rest_route=\/wp\/v2\/posts\/576205\/revisions\/576213"}],"wp:attachment":[{"href":"https:\/\/diariodominicano.com\/index.php?rest_route=%2Fwp%2Fv2%2Fmedia&parent=576205"}],"wp:term":[{"taxonomy":"category","embeddable":true,"href":"https:\/\/diariodominicano.com\/index.php?rest_route=%2Fwp%2Fv2%2Fcategories&post=576205"},{"taxonomy":"post_tag","embeddable":true,"href":"https:\/\/diariodominicano.com\/index.php?rest_route=%2Fwp%2Fv2%2Ftags&post=576205"}],"curies":[{"name":"wp","href":"https:\/\/api.w.org\/{rel}","templated":true}]}}