{"id":576150,"date":"2024-11-20T21:29:16","date_gmt":"2024-11-21T01:29:16","guid":{"rendered":"https:\/\/diariodominicano.com\/?p=576150"},"modified":"2024-11-21T00:47:34","modified_gmt":"2024-11-21T04:47:34","slug":"isfodosu-propicia-dialogo-con-las-ies-sobre-formacion-inicial-docente-para-la-sostenibilidad-en-seminario-de-practicas-innovadoras-2024","status":"publish","type":"post","link":"https:\/\/diariodominicano.com\/?p=576150","title":{"rendered":"ISFODOSU propicia di\u00e1logo con las IES sobre formaci\u00f3n inicial docente para la sostenibilidad en Seminario de Pr\u00e1cticas Innovadoras 2024"},"content":{"rendered":"\n<p><em>El evento, encabezado por el ministro de Educaci\u00f3n Dr. \u00c1ngel Hern\u00e1ndez, cont\u00f3 con la participaci\u00f3n de rectores, decanos de las IES que imparten la carrera de Educaci\u00f3n, as\u00ed como con representantes del liderazgo estatal y de la sociedad civil<\/em><strong><\/strong><\/p>\n\n\n\n<p><strong>Santo Domingo. &#8211;<\/strong>&nbsp; El Instituto Superior de Formaci\u00f3n Docente Salom\u00e9 Ure\u00f1a, ISFODOSU propici\u00f3 un di\u00e1logo con las Instituciones de Educaci\u00f3n Superior, IES, que imparten la carrera de Educaci\u00f3n, en torno a la formaci\u00f3n inicial docente para una sociedad sostenible, en la tercera edici\u00f3n de su Seminario de Pr\u00e1cticas Innovadoras.<\/p>\n\n\n\n<figure class=\"wp-block-gallery has-nested-images columns-default is-cropped wp-block-gallery-1 is-layout-flex wp-block-gallery-is-layout-flex\">\n<figure class=\"wp-block-image size-large\"><img loading=\"lazy\" decoding=\"async\" width=\"1024\" height=\"682\" data-id=\"576160\" src=\"https:\/\/diariodominicano.com\/wp-content\/uploads\/2024\/11\/Ministro-de-Educacion-Angel-Hernandez-1024x682.jpeg\" alt=\"\" class=\"wp-image-576160\" srcset=\"https:\/\/diariodominicano.com\/wp-content\/uploads\/2024\/11\/Ministro-de-Educacion-Angel-Hernandez-1024x682.jpeg 1024w, https:\/\/diariodominicano.com\/wp-content\/uploads\/2024\/11\/Ministro-de-Educacion-Angel-Hernandez-300x200.jpeg 300w, https:\/\/diariodominicano.com\/wp-content\/uploads\/2024\/11\/Ministro-de-Educacion-Angel-Hernandez-768x512.jpeg 768w, https:\/\/diariodominicano.com\/wp-content\/uploads\/2024\/11\/Ministro-de-Educacion-Angel-Hernandez-1536x1023.jpeg 1536w, https:\/\/diariodominicano.com\/wp-content\/uploads\/2024\/11\/Ministro-de-Educacion-Angel-Hernandez-816x544.jpeg 816w, https:\/\/diariodominicano.com\/wp-content\/uploads\/2024\/11\/Ministro-de-Educacion-Angel-Hernandez.jpeg 1600w\" sizes=\"auto, (max-width: 1024px) 100vw, 1024px\" \/><\/figure>\n<\/figure>\n\n\n\n<p>El evento anual fue encabezado por el ministro de Educaci\u00f3n, Dr. \u00c1ngel Hern\u00e1ndez, quien adem\u00e1s es el presidente de la Junta de Directores de esa entidad acad\u00e9mica; la rectora, Dra. Nurys del Carmen Gonz\u00e1lez; la vicerrectora acad\u00e9mica, Dra. Carmen G\u00e1lvez; el rector de la Universidad Cat\u00f3lica Nordestana, UCNE, Reverendo P. Dr. Issac Garc\u00eda; y por la rectora del Instituto Superior de Estudios Educativos Pedro Poveda, Dra. Dinorah Garc\u00eda.<\/p>\n\n\n\n<figure class=\"wp-block-gallery has-nested-images columns-default is-cropped wp-block-gallery-2 is-layout-flex wp-block-gallery-is-layout-flex\">\n<figure class=\"wp-block-image size-large\"><img loading=\"lazy\" decoding=\"async\" width=\"682\" height=\"1024\" data-id=\"576161\" src=\"https:\/\/diariodominicano.com\/wp-content\/uploads\/2024\/11\/Dra.-Nurys-del-Carmen-Gonzalez.-Rectora-de-ISFODOSU-682x1024.jpeg\" alt=\"\" class=\"wp-image-576161\" srcset=\"https:\/\/diariodominicano.com\/wp-content\/uploads\/2024\/11\/Dra.-Nurys-del-Carmen-Gonzalez.-Rectora-de-ISFODOSU-682x1024.jpeg 682w, https:\/\/diariodominicano.com\/wp-content\/uploads\/2024\/11\/Dra.-Nurys-del-Carmen-Gonzalez.-Rectora-de-ISFODOSU-200x300.jpeg 200w, https:\/\/diariodominicano.com\/wp-content\/uploads\/2024\/11\/Dra.-Nurys-del-Carmen-Gonzalez.-Rectora-de-ISFODOSU-768x1153.jpeg 768w, https:\/\/diariodominicano.com\/wp-content\/uploads\/2024\/11\/Dra.-Nurys-del-Carmen-Gonzalez.-Rectora-de-ISFODOSU-1023x1536.jpeg 1023w, https:\/\/diariodominicano.com\/wp-content\/uploads\/2024\/11\/Dra.-Nurys-del-Carmen-Gonzalez.-Rectora-de-ISFODOSU-816x1225.jpeg 816w, https:\/\/diariodominicano.com\/wp-content\/uploads\/2024\/11\/Dra.-Nurys-del-Carmen-Gonzalez.-Rectora-de-ISFODOSU.jpeg 1066w\" sizes=\"auto, (max-width: 682px) 100vw, 682px\" \/><\/figure>\n<\/figure>\n\n\n\n<p>La rectora del ISFODOSU destac\u00f3 la importancia del trabajo en redes para abordar los desaf\u00edos que presentan elementos como el desarrollo de la inteligencia artificial, la degradaci\u00f3n de nuestro medio ambiente, y su relaci\u00f3n con las pol\u00edticas educativas.<\/p>\n\n\n\n<figure class=\"wp-block-gallery has-nested-images columns-default is-cropped wp-block-gallery-3 is-layout-flex wp-block-gallery-is-layout-flex\">\n<figure class=\"wp-block-image size-large\"><img loading=\"lazy\" decoding=\"async\" width=\"1024\" height=\"683\" data-id=\"576162\" src=\"https:\/\/diariodominicano.com\/wp-content\/uploads\/2024\/11\/Publico-ISFODOSU-1024x683.jpeg\" alt=\"\" class=\"wp-image-576162\" srcset=\"https:\/\/diariodominicano.com\/wp-content\/uploads\/2024\/11\/Publico-ISFODOSU-1024x683.jpeg 1024w, https:\/\/diariodominicano.com\/wp-content\/uploads\/2024\/11\/Publico-ISFODOSU-300x200.jpeg 300w, https:\/\/diariodominicano.com\/wp-content\/uploads\/2024\/11\/Publico-ISFODOSU-768x512.jpeg 768w, https:\/\/diariodominicano.com\/wp-content\/uploads\/2024\/11\/Publico-ISFODOSU-1536x1024.jpeg 1536w, https:\/\/diariodominicano.com\/wp-content\/uploads\/2024\/11\/Publico-ISFODOSU-2048x1365.jpeg 2048w, https:\/\/diariodominicano.com\/wp-content\/uploads\/2024\/11\/Publico-ISFODOSU-816x544.jpeg 816w\" sizes=\"auto, (max-width: 1024px) 100vw, 1024px\" \/><\/figure>\n<\/figure>\n\n\n\n<p>\u201cDesde nuestras facultades formadoras de quienes formar\u00e1n a los dominicanos de hoy y de ma\u00f1ana, es crucial que nos aboquemos a investigar, dialogar, reflexionar en torno a la formaci\u00f3n de ciudadanos capaces de aportar a la sostenibilidad de nuestra civilizaci\u00f3n\u201d, manifest\u00f3 la Dra. Gonz\u00e1lez.<\/p>\n\n\n\n<p>En sus palabras de apertura del Seminario, la Rectora destac\u00f3 la presentaci\u00f3n por parte del ISFODOSU durante la jornada de su Modelo Educativo, que contiene los principales fundamentos filos\u00f3ficos, sociol\u00f3gicos, psicol\u00f3gicos y antropol\u00f3gicos de la formaci\u00f3n docente; as\u00ed como los principios educativos y enfoques curriculares que orientan la ense\u00f1anza y el aprendizaje.<\/p>\n\n\n\n<p>Tambi\u00e9n indic\u00f3 la presentaci\u00f3n de la Carrera Profesoral del ISFODOSU, que procura el desarrollo y bienestar del profesorado de esa universidad; as\u00ed como de su programa Campus Verde, que implica un cambio de cultura para minimizar el impacto contra el medio ambiente de esa academia y las comunidades colindantes a sus recintos, e implica un nuevo modelo de gesti\u00f3n amigable con la sostenibilidad ambiental.<\/p>\n\n\n\n<p>El ministro de Educaci\u00f3n, \u00c1ngel Hern\u00e1ndez precis\u00f3 que el desaf\u00edo que tienen los formadores de formadores es garantizar que los docentes sean responsables, cumplan con su trabajo y garanticen que cada ni\u00f1o aprenda y aprenda bien.<\/p>\n\n\n\n<p>\u201cEse es el gran desaf\u00edo que tienen ustedes como formadores de docentes, garantizar que los docentes que van al aula sean responsables del trabajo que van a hacer y ese trabajo no es m\u00e1s que hacer que cada ni\u00f1o aprenda lo que debe aprender en su desarrollo curricular. Ese ese el desafi\u00f3 y a eso es que yo los invito\u201d, precis\u00f3 el ministro Hern\u00e1ndez.<\/p>\n\n\n\n<p>En representaci\u00f3n de las IES habl\u00f3 el Reverendo P. Dr. Issac Garc\u00eda, rector de la UCNE, quien ponder\u00f3 la importancia de centrar la atenci\u00f3n en el perfil del docente que se forma en las aulas universitarias.<\/p>\n\n\n\n<p>\u201cTodo lo que hagamos debe estar orientado, de un lado, a la persona del docente y, del otro lado, al perfil de egreso que defina claramente, con cu\u00e1les competencias las pol\u00edticas p\u00fablicas orientan a nuestras universidades sobre c\u00f3mo deben salir los profesionales de la educaci\u00f3n que se forman en nuestras aulas\u201d, indic\u00f3 el Dr. Garc\u00eda.<\/p>\n\n\n\n<p>El Seminario incluy\u00f3 la presentaci\u00f3n de la conferencia \u201cPol\u00edticas P\u00fablicas en el \u00c1mbito Educativo\u201d, dictada por la rectora del Instituto Superior de Estudios Educativos Pedro Poveda, Dra. Dinorah Garc\u00eda, as\u00ed como un panel sobre Pol\u00edticas educativas, democracia y derechos humanos, participaci\u00f3n y redes.<\/p>\n\n\n\n<p>El panel, moderado por el Dr. David Capell\u00e1n, vicerrector ejecutivo del Recinto del ISFODOSU en Licey Al Medio, cont\u00f3 con la participaci\u00f3n de los destacados especialistas Marisol Guzm\u00e1n, de la Universidad Nacional Pedro Henr\u00edquez Ure\u00f1a, UNPHU; Delfina Bravo, del Ministerio de Educaci\u00f3n Superior Ciencia y Tecnolog\u00eda, MESCYT; Margarita Heinsen, de la Fundaci\u00f3n Did\u00e1ctica SRL, y Luisa Acosta, directora de Desarrollo Profesoral del ISFODOSU.<\/p>\n\n\n\n<p>La jornada de la tarde del Seminario se destin\u00f3 a las presentaciones de las pr\u00e1cticas innovadoras por parte de varias de las IES participantes.<\/p>\n\n\n\n<p>Por parte de la Universidad Nacional de Ecuador, UNAE, las doctoras Gladys Portilla y Mar\u00eda Dolores Pesantez, a trav\u00e9s de la virtualidad presentaron el libro \u201cPr\u00e1cticas Pedag\u00f3gicas en la Formaci\u00f3n Docente de Am\u00e9rica Latina y el Caribe, como resultado de la investigaci\u00f3n comparada\u201d; mientras que, el Coordinador del Programa Campus Verde del ISFODOSU present\u00f3 \u00abEl Rol del Programa Campus Verde: Pr\u00e1cticas Educativas Innovadoras, ODS y el Curr\u00edculo Sostenible\u201d.<\/p>\n\n\n\n<p>La Universidad Iberoamericana, UNIBE, en la persona de Teresa del Carmen Guzm\u00e1n, present\u00f3 como innovaci\u00f3n \u201cFormaci\u00f3n Docente y Desarrollo Sostenible: Un Compromiso de las Instituciones de Educaci\u00f3n Superior\u00bb; entretanto, el Instituto Tecnol\u00f3gico de Santo Domingo, INTEC, representado por Jael Alevante present\u00f3 \u201cConexiones Transformadoras: Fortaleciendo Relaciones y Redes para un Desarrollo Profesional Colaborativo\u201d.<\/p>\n\n\n\n<p>Las presentaciones de las facultades de Educaci\u00f3n de las IES culminaron con la ponencia a cargo de Jos\u00e9 Ram\u00f3n Suriel y Emeterio Soriano de la UNPHU \u201cInnovaci\u00f3n en la Ense\u00f1anza de las Matem\u00e1ticas: Recursos del Entorno y la Inteligencia Artificial como Herramientas de Aprendizaje Activo\u201d.<\/p>\n\n\n\n<p><strong>Roger Leon Sanchez<\/strong>\u00a0&lt;roger.leon@isfodosu.edu.do> <\/p>\n","protected":false},"excerpt":{"rendered":"<p>El evento, encabezado por el ministro de Educaci\u00f3n Dr. \u00c1ngel Hern\u00e1ndez, cont\u00f3 con la participaci\u00f3n de rectores, decanos de las IES que imparten la carrera de Educaci\u00f3n, as\u00ed como con representantes del liderazgo estatal y de la sociedad civil Santo Domingo. &#8211;&nbsp; El Instituto Superior de Formaci\u00f3n Docente Salom\u00e9 Ure\u00f1a, ISFODOSU propici\u00f3 un di\u00e1logo con [&hellip;]<\/p>\n","protected":false},"author":7,"featured_media":0,"comment_status":"closed","ping_status":"closed","sticky":true,"template":"","format":"standard","meta":{"footnotes":""},"categories":[20],"tags":[551],"class_list":["post-576150","post","type-post","status-publish","format-standard","hentry","category-dominicana-hoy","tag-isfodosu"],"_links":{"self":[{"href":"https:\/\/diariodominicano.com\/index.php?rest_route=\/wp\/v2\/posts\/576150","targetHints":{"allow":["GET"]}}],"collection":[{"href":"https:\/\/diariodominicano.com\/index.php?rest_route=\/wp\/v2\/posts"}],"about":[{"href":"https:\/\/diariodominicano.com\/index.php?rest_route=\/wp\/v2\/types\/post"}],"author":[{"embeddable":true,"href":"https:\/\/diariodominicano.com\/index.php?rest_route=\/wp\/v2\/users\/7"}],"replies":[{"embeddable":true,"href":"https:\/\/diariodominicano.com\/index.php?rest_route=%2Fwp%2Fv2%2Fcomments&post=576150"}],"version-history":[{"count":1,"href":"https:\/\/diariodominicano.com\/index.php?rest_route=\/wp\/v2\/posts\/576150\/revisions"}],"predecessor-version":[{"id":576164,"href":"https:\/\/diariodominicano.com\/index.php?rest_route=\/wp\/v2\/posts\/576150\/revisions\/576164"}],"wp:attachment":[{"href":"https:\/\/diariodominicano.com\/index.php?rest_route=%2Fwp%2Fv2%2Fmedia&parent=576150"}],"wp:term":[{"taxonomy":"category","embeddable":true,"href":"https:\/\/diariodominicano.com\/index.php?rest_route=%2Fwp%2Fv2%2Fcategories&post=576150"},{"taxonomy":"post_tag","embeddable":true,"href":"https:\/\/diariodominicano.com\/index.php?rest_route=%2Fwp%2Fv2%2Ftags&post=576150"}],"curies":[{"name":"wp","href":"https:\/\/api.w.org\/{rel}","templated":true}]}}