{"id":576108,"date":"2024-11-21T00:38:56","date_gmt":"2024-11-21T04:38:56","guid":{"rendered":"https:\/\/diariodominicano.com\/?p=576108"},"modified":"2024-11-21T01:18:22","modified_gmt":"2024-11-21T05:18:22","slug":"raul-feliz-sin-innovacion-y-calidad-educativa-el-liderazgo-en-crecimiento-economico-de-rd-esta-en-juego","status":"publish","type":"post","link":"https:\/\/diariodominicano.com\/?p=576108","title":{"rendered":"Ra\u00fal F\u00e9liz: Sin innovaci\u00f3n y calidad educativa el liderazgo en crecimiento econ\u00f3mico de RD est\u00e1 en juego"},"content":{"rendered":"\n<p><strong><em>\u201cEs hora de dejar atr\u00e1s los sectores de baja productividad y apostar por la destrucci\u00f3n creativa, donde las empresas innovadoras lideren el crecimiento\u201d, plante\u00f3 el renombrado economista y analista internacional dominicano Ra\u00fal F\u00e9liz, residente en M\u00e9xico<\/em><\/strong><strong><em><br><\/em><\/strong><\/p>\n\n\n\n<p><strong><em>Santo Domingo, Rep\u00fablica Dominicana.<\/em><\/strong>\u00a0El reconocido economista y analista internacional dominicano\u00a0<strong>Ra\u00fal F\u00e9liz<\/strong>\u00a0advirti\u00f3 hoy que la continuidad del crecimiento econ\u00f3mico de la Rep\u00fablica Dominicana depende de la redirecci\u00f3n de los incentivos hacia la innovaci\u00f3n y un incremento de la calidad educativa con un uso eficiente de los recursos.<br><\/p>\n\n\n\n<figure class=\"wp-block-image size-large\"><img loading=\"lazy\" decoding=\"async\" width=\"1024\" height=\"576\" src=\"https:\/\/diariodominicano.com\/wp-content\/uploads\/2024\/11\/Raul-Feliz-durante-su-conferencia-magistral-Como-convertir-el-crecimiento-economico-en-desarrollo-en-el-4to-Foro-Economico-elDinero-2024-1024x576.jpg\" alt=\"\" class=\"wp-image-576211\" srcset=\"https:\/\/diariodominicano.com\/wp-content\/uploads\/2024\/11\/Raul-Feliz-durante-su-conferencia-magistral-Como-convertir-el-crecimiento-economico-en-desarrollo-en-el-4to-Foro-Economico-elDinero-2024-1024x576.jpg 1024w, https:\/\/diariodominicano.com\/wp-content\/uploads\/2024\/11\/Raul-Feliz-durante-su-conferencia-magistral-Como-convertir-el-crecimiento-economico-en-desarrollo-en-el-4to-Foro-Economico-elDinero-2024-300x169.jpg 300w, https:\/\/diariodominicano.com\/wp-content\/uploads\/2024\/11\/Raul-Feliz-durante-su-conferencia-magistral-Como-convertir-el-crecimiento-economico-en-desarrollo-en-el-4to-Foro-Economico-elDinero-2024-768x432.jpg 768w, https:\/\/diariodominicano.com\/wp-content\/uploads\/2024\/11\/Raul-Feliz-durante-su-conferencia-magistral-Como-convertir-el-crecimiento-economico-en-desarrollo-en-el-4to-Foro-Economico-elDinero-2024-816x459.jpg 816w, https:\/\/diariodominicano.com\/wp-content\/uploads\/2024\/11\/Raul-Feliz-durante-su-conferencia-magistral-Como-convertir-el-crecimiento-economico-en-desarrollo-en-el-4to-Foro-Economico-elDinero-2024.jpg 1500w\" sizes=\"auto, (max-width: 1024px) 100vw, 1024px\" \/><figcaption class=\"wp-element-caption\">Rau\u0301l Fe\u0301liz, durante su conferencia magistral Co\u0301mo convertir el crecimiento econo\u0301mico en desarrollo en el 4to Foro Econo\u0301mico elDinero 2024 <\/figcaption><\/figure>\n\n\n\n<p>Durante su conferencia magistral en el&nbsp;<strong>Foro Econ\u00f3mico elDinero 2024<\/strong>, F\u00e9liz expuso una visi\u00f3n estrat\u00e9gica para que el pa\u00eds no caiga en la \u00abtrampa de la renta media\u00bb, un fen\u00f3meno que hist\u00f3ricamente ha frenado a otras econom\u00edas emergentes de Am\u00e9rica Latina.<br><\/p>\n\n\n\n<p>En su ponencia titulada&nbsp;<em>\u00ab<\/em><strong><em>\u00bfC\u00f3mo convertir el crecimiento econ\u00f3mico en desarrollo? \u00bfVa bien Rep\u00fablica Dominicana?<\/em><\/strong><em>\u00ab<\/em>, F\u00e9liz se\u00f1al\u00f3 que, aunque el pa\u00eds ha mantenido un crecimiento promedio del 5.5% desde 1991, este ha estado basado en una inversi\u00f3n masiva en sectores tradicionales y no en el aumento de la productividad. Este modelo, seg\u00fan el economista, est\u00e1 agotado.<br><\/p>\n\n\n\n<p><em>\u201cSi queremos que la Rep\u00fablica Dominicana siga creciendo y alcance niveles de desarrollo comparables a los pa\u00edses m\u00e1s avanzados, debemos replantear nuestros sistemas de incentivos\u201d,<\/em>&nbsp;afirm\u00f3 F\u00e9liz.&nbsp;<em>\u201cEs hora de dejar atr\u00e1s los sectores de baja productividad y apostar por la destrucci\u00f3n creativa, donde las empresas innovadoras lideren el crecimiento\u201d.<\/em><em><br><\/em><\/p>\n\n\n\n<p>El economista insisti\u00f3 en que los incentivos deben dirigirse hacia sectores que promuevan la adopci\u00f3n de tecnolog\u00edas avanzadas y la complejidad en las exportaciones. Esto implica crear un entorno que facilite la entrada de empresarios innovadores y la salida de empresas que ya no generan valor.<br><\/p>\n\n\n\n<p><strong>Educaci\u00f3n: el fundamento del progreso<\/strong><strong><br><\/strong><\/p>\n\n\n\n<p>La innovaci\u00f3n, sin embargo, no es posible sin una base s\u00f3lida de educaci\u00f3n de calidad. F\u00e9liz destac\u00f3 que el sistema educativo dominicano debe priorizar las ciencias, las matem\u00e1ticas y las habilidades tecnol\u00f3gicas para garantizar que las futuras generaciones puedan competir en una econom\u00eda global.&nbsp;<em>\u201cSin estudiantes destacados y un sistema educativo eficiente, no habr\u00e1 aumento de ingresos generalizado, y la desigualdad seguir\u00e1 creciendo\u201d,<\/em>&nbsp;enfatiz\u00f3.<br><\/p>\n\n\n\n<p>Adem\u00e1s, el economista sugiri\u00f3 que el uso eficiente de los recursos educativos es esencial para maximizar el impacto en la productividad. Esto incluye la modernizaci\u00f3n de la infraestructura educativa, la formaci\u00f3n de docentes en \u00e1reas tecnol\u00f3gicas y el acceso equitativo a herramientas digitales.<br><\/p>\n\n\n\n<p><strong>El desaf\u00edo fiscal<\/strong><strong><br><\/strong><\/p>\n\n\n\n<p>Otro punto cr\u00edtico de su an\u00e1lisis fue el reto fiscal que enfrenta el pa\u00eds. F\u00e9liz advirti\u00f3 que la estabilidad macroecon\u00f3mica, aunque notable, no ser\u00e1 suficiente si no se aborda la sostenibilidad fiscal.&nbsp;<em>\u201cEl Gobierno no puede funcionar sin ingresos suficientes. Necesitamos pol\u00edticas fiscales que no solo mitiguen riesgos de desestabilizaci\u00f3n, sino que tambi\u00e9n impulsen el desarrollo\u201d,<\/em>&nbsp;se\u00f1al\u00f3. Asimismo, subray\u00f3 que alcanzar el grado de inversi\u00f3n es un objetivo clave para atraer capital extranjero y mantener el crecimiento.<br><\/p>\n\n\n\n<p><strong>Reflexiones en el Foro elDinero<\/strong><strong><br><\/strong><\/p>\n\n\n\n<p>Las ideas de F\u00e9liz resonaron a lo largo de las discusiones del foro, organizado por el peri\u00f3dico&nbsp;<strong>elDinero<\/strong>&nbsp;con el apoyo de Medi\u00e1ticos Consultores. L\u00edderes de los sectores tur\u00edstico, industrial y financiero complementaron su an\u00e1lisis con perspectivas espec\u00edficas sobre sus \u00e1reas:<br><\/p>\n\n\n\n<ul class=\"wp-block-list\">\n<li><strong>Turismo<\/strong>: Jacqueline Mora, viceministra t\u00e9cnica de Turismo, destac\u00f3 que el turismo debe convertirse en un motor de inclusi\u00f3n social, mejorando la distribuci\u00f3n del ingreso en las comunidades locales.<\/li>\n\n\n\n<li><strong>Industria<\/strong>: Julio Virgilio Brache, presidente de la AIRD, abog\u00f3 por incentivos que fomenten empleos de calidad y aumenten la competitividad industrial.<\/li>\n\n\n\n<li><strong>Finanzas<\/strong>: En un panel moderado por V\u00edctor Bautista, socio director de Medi\u00e1ticos Consultores, se discuti\u00f3 c\u00f3mo los recursos financieros pueden canalizarse hacia proyectos innovadores y de alto impacto social.<br><\/li>\n<\/ul>\n\n\n\n<p><strong>Un llamado a la acci\u00f3n<\/strong><strong><br><\/strong><\/p>\n\n\n\n<p>En el evento fue reconocido el empresario santiaguero&nbsp;<strong>F\u00e9lix M. Garc\u00eda<\/strong>, presidente del Grupo Linda, por su trayectoria en el desarrollo empresarial. En sus palabras finales, F\u00e9liz dej\u00f3 un mensaje claro:&nbsp;<em>\u201cEl crecimiento por s\u00ed solo no garantiza el desarrollo. Debemos romper las cadenas que bloquean nuestro progreso, apostando por la innovaci\u00f3n, la educaci\u00f3n y una pol\u00edtica fiscal sostenible. La Rep\u00fablica Dominicana tiene todo para convertirse en un modelo de \u00e9xito en la regi\u00f3n, pero debemos actuar con valent\u00eda y visi\u00f3n estrat\u00e9gica\u201d.<\/em><em><br><\/em><\/p>\n\n\n\n<p>El\u00a0<strong>Foro Econ\u00f3mico elDinero 2024<\/strong>\u00a0reafirm\u00f3 la necesidad de un esfuerzo conjunto entre el sector p\u00fablico y privado para alinear el crecimiento econ\u00f3mico con mejoras sostenibles en la calidad de vida de la poblaci\u00f3n dominicana. <\/p>\n\n\n\n<figure class=\"wp-block-image is-resized\"><img decoding=\"async\" src=\"https:\/\/ci3.googleusercontent.com\/mail-sig\/AIorK4zCahX8M8CvLSVvOO2Lskes0sVo-8FsVk9DWW-G7jqV1DrzfTv6B5-GyjB5xCnt6u47e3JxxNXDWbNK\" alt=\"\" style=\"width:321px;height:auto\"\/><\/figure>\n","protected":false},"excerpt":{"rendered":"<p>\u201cEs hora de dejar atr\u00e1s los sectores de baja productividad y apostar por la destrucci\u00f3n creativa, donde las empresas innovadoras lideren el crecimiento\u201d, plante\u00f3 el renombrado economista y analista internacional dominicano Ra\u00fal F\u00e9liz, residente en M\u00e9xico Santo Domingo, Rep\u00fablica Dominicana.\u00a0El reconocido economista y analista internacional dominicano\u00a0Ra\u00fal F\u00e9liz\u00a0advirti\u00f3 hoy que la continuidad del crecimiento econ\u00f3mico de [&hellip;]<\/p>\n","protected":false},"author":7,"featured_media":576204,"comment_status":"closed","ping_status":"closed","sticky":true,"template":"","format":"standard","meta":{"footnotes":""},"categories":[18],"tags":[983],"class_list":["post-576108","post","type-post","status-publish","format-standard","has-post-thumbnail","hentry","category-economia","tag-raul-feliz"],"_links":{"self":[{"href":"https:\/\/diariodominicano.com\/index.php?rest_route=\/wp\/v2\/posts\/576108","targetHints":{"allow":["GET"]}}],"collection":[{"href":"https:\/\/diariodominicano.com\/index.php?rest_route=\/wp\/v2\/posts"}],"about":[{"href":"https:\/\/diariodominicano.com\/index.php?rest_route=\/wp\/v2\/types\/post"}],"author":[{"embeddable":true,"href":"https:\/\/diariodominicano.com\/index.php?rest_route=\/wp\/v2\/users\/7"}],"replies":[{"embeddable":true,"href":"https:\/\/diariodominicano.com\/index.php?rest_route=%2Fwp%2Fv2%2Fcomments&post=576108"}],"version-history":[{"count":2,"href":"https:\/\/diariodominicano.com\/index.php?rest_route=\/wp\/v2\/posts\/576108\/revisions"}],"predecessor-version":[{"id":576212,"href":"https:\/\/diariodominicano.com\/index.php?rest_route=\/wp\/v2\/posts\/576108\/revisions\/576212"}],"wp:featuredmedia":[{"embeddable":true,"href":"https:\/\/diariodominicano.com\/index.php?rest_route=\/wp\/v2\/media\/576204"}],"wp:attachment":[{"href":"https:\/\/diariodominicano.com\/index.php?rest_route=%2Fwp%2Fv2%2Fmedia&parent=576108"}],"wp:term":[{"taxonomy":"category","embeddable":true,"href":"https:\/\/diariodominicano.com\/index.php?rest_route=%2Fwp%2Fv2%2Fcategories&post=576108"},{"taxonomy":"post_tag","embeddable":true,"href":"https:\/\/diariodominicano.com\/index.php?rest_route=%2Fwp%2Fv2%2Ftags&post=576108"}],"curies":[{"name":"wp","href":"https:\/\/api.w.org\/{rel}","templated":true}]}}