{"id":576096,"date":"2024-11-20T20:01:41","date_gmt":"2024-11-21T00:01:41","guid":{"rendered":"https:\/\/diariodominicano.com\/?p=576096"},"modified":"2024-11-20T20:20:17","modified_gmt":"2024-11-21T00:20:17","slug":"republica-dominicana-participa-en-mexico-en-el-movimiento-cultural-original-dedicado-a-crear-conciencia-sobre-el-valor-del-trabajo-artesanal","status":"publish","type":"post","link":"https:\/\/diariodominicano.com\/?p=576096","title":{"rendered":"Rep\u00fablica Dominicana participa\u00a0 en M\u00e9xico en el movimiento cultural ORIGINAL dedicado a crear conciencia sobre el valor del trabajo artesanal"},"content":{"rendered":"\n<p><strong>-La Embajadora Mar\u00eda Isabel Castillo expres\u00f3 que <\/strong><strong><em>\u201cla participaci\u00f3n dominicana en ORIGINAL no s\u00f3lo proyecta a la Rep\u00fablica Dominicana en el mapa cultural mexicano, sino que la coloca de una manera muy significativa en un movimiento de valorizaci\u00f3n del sector artesanal.\u201d<\/em><\/strong><\/p>\n\n\n\n<p><strong>-Original es un movimiento permanente generado desde la Secretar\u00eda de Cultura del Gobierno de M\u00e9xico dedicado a crear conciencia sobre el valor del trabajo artesanal.<\/strong><\/p>\n\n\n\n<figure class=\"wp-block-gallery has-nested-images columns-default is-cropped wp-block-gallery-1 is-layout-flex wp-block-gallery-is-layout-flex\">\n<figure class=\"wp-block-image size-large\"><img loading=\"lazy\" decoding=\"async\" width=\"1024\" height=\"768\" data-id=\"576134\" src=\"https:\/\/diariodominicano.com\/wp-content\/uploads\/2024\/11\/La-Embajadora-Maria-Isabel-Castillo-junto-a-la-Sra.-Miriam-Bastista-de-Superate-la-Sra.-Esther-Castillo-de-Manos-Dominicanas-y-los-artesanos-dominicanos-Cristina-Nunez-y-Jose-Damian-1024x768.jpeg\" alt=\"\" class=\"wp-image-576134\" srcset=\"https:\/\/diariodominicano.com\/wp-content\/uploads\/2024\/11\/La-Embajadora-Maria-Isabel-Castillo-junto-a-la-Sra.-Miriam-Bastista-de-Superate-la-Sra.-Esther-Castillo-de-Manos-Dominicanas-y-los-artesanos-dominicanos-Cristina-Nunez-y-Jose-Damian-1024x768.jpeg 1024w, https:\/\/diariodominicano.com\/wp-content\/uploads\/2024\/11\/La-Embajadora-Maria-Isabel-Castillo-junto-a-la-Sra.-Miriam-Bastista-de-Superate-la-Sra.-Esther-Castillo-de-Manos-Dominicanas-y-los-artesanos-dominicanos-Cristina-Nunez-y-Jose-Damian-300x225.jpeg 300w, https:\/\/diariodominicano.com\/wp-content\/uploads\/2024\/11\/La-Embajadora-Maria-Isabel-Castillo-junto-a-la-Sra.-Miriam-Bastista-de-Superate-la-Sra.-Esther-Castillo-de-Manos-Dominicanas-y-los-artesanos-dominicanos-Cristina-Nunez-y-Jose-Damian-768x576.jpeg 768w, https:\/\/diariodominicano.com\/wp-content\/uploads\/2024\/11\/La-Embajadora-Maria-Isabel-Castillo-junto-a-la-Sra.-Miriam-Bastista-de-Superate-la-Sra.-Esther-Castillo-de-Manos-Dominicanas-y-los-artesanos-dominicanos-Cristina-Nunez-y-Jose-Damian-1536x1152.jpeg 1536w, https:\/\/diariodominicano.com\/wp-content\/uploads\/2024\/11\/La-Embajadora-Maria-Isabel-Castillo-junto-a-la-Sra.-Miriam-Bastista-de-Superate-la-Sra.-Esther-Castillo-de-Manos-Dominicanas-y-los-artesanos-dominicanos-Cristina-Nunez-y-Jose-Damian-2048x1536.jpeg 2048w, https:\/\/diariodominicano.com\/wp-content\/uploads\/2024\/11\/La-Embajadora-Maria-Isabel-Castillo-junto-a-la-Sra.-Miriam-Bastista-de-Superate-la-Sra.-Esther-Castillo-de-Manos-Dominicanas-y-los-artesanos-dominicanos-Cristina-Nunez-y-Jose-Damian-816x612.jpeg 816w\" sizes=\"auto, (max-width: 1024px) 100vw, 1024px\" \/><\/figure>\n<\/figure>\n\n\n\n<p><strong>-La Sra. Gloria Reyes, directora de Sup\u00e9rate expres\u00f3 <\/strong><strong><em>\u201cConfiamos en que nuestra artesan\u00eda adquirir\u00e1 m\u00e1s valor a nivel internacional y esto generar\u00e1 mejores ingresos para nuestros maestros y maestras artesanas y m\u00e1s empleos en nuestro pa\u00eds\u201d.<\/em><\/strong><\/p>\n\n\n\n<p>En un esfuerzo conjunto entre la Embajada de la Rep\u00fablica Dominicana en M\u00e9xico\u00a0 y Sup\u00e9rate, la Rep\u00fablica Dominicana particip\u00f3 como invitado especial en la cuarta edici\u00f3n de ORIGINAL, el encuentro de artesan\u00eda\u00a0 m\u00e1s grande de M\u00e9xico que se llev\u00f3 a cabo del 15-17 de noviembre, en el Complejo Cultural Los Pinos de la Ciudad de M\u00e9xico.<\/p>\n\n\n\n<figure class=\"wp-block-gallery has-nested-images columns-default is-cropped wp-block-gallery-2 is-layout-flex wp-block-gallery-is-layout-flex\">\n<figure class=\"wp-block-image size-large\"><img loading=\"lazy\" decoding=\"async\" width=\"1024\" height=\"768\" data-id=\"576132\" src=\"https:\/\/diariodominicano.com\/wp-content\/uploads\/2024\/11\/La-disenadora-dominicana-Cristina-Nunez-en-la-pasarela-de-cierre-de-ORIGINAL-1024x768.jpeg\" alt=\"\" class=\"wp-image-576132\" srcset=\"https:\/\/diariodominicano.com\/wp-content\/uploads\/2024\/11\/La-disenadora-dominicana-Cristina-Nunez-en-la-pasarela-de-cierre-de-ORIGINAL-1024x768.jpeg 1024w, https:\/\/diariodominicano.com\/wp-content\/uploads\/2024\/11\/La-disenadora-dominicana-Cristina-Nunez-en-la-pasarela-de-cierre-de-ORIGINAL-300x225.jpeg 300w, https:\/\/diariodominicano.com\/wp-content\/uploads\/2024\/11\/La-disenadora-dominicana-Cristina-Nunez-en-la-pasarela-de-cierre-de-ORIGINAL-768x576.jpeg 768w, https:\/\/diariodominicano.com\/wp-content\/uploads\/2024\/11\/La-disenadora-dominicana-Cristina-Nunez-en-la-pasarela-de-cierre-de-ORIGINAL-1536x1152.jpeg 1536w, https:\/\/diariodominicano.com\/wp-content\/uploads\/2024\/11\/La-disenadora-dominicana-Cristina-Nunez-en-la-pasarela-de-cierre-de-ORIGINAL-2048x1536.jpeg 2048w, https:\/\/diariodominicano.com\/wp-content\/uploads\/2024\/11\/La-disenadora-dominicana-Cristina-Nunez-en-la-pasarela-de-cierre-de-ORIGINAL-816x612.jpeg 816w\" sizes=\"auto, (max-width: 1024px) 100vw, 1024px\" \/><\/figure>\n<\/figure>\n\n\n\n<p>El pa\u00eds particip\u00f3&nbsp; en los espacios de exhibici\u00f3n y venta con las piezas artesanales de&nbsp; Cristina Nu\u00f1ez y Jos\u00e9 Dami\u00e1n, quienes maravillaron a los asistentes, logrando ser una de las exhibiciones m\u00e1s visitadas.&nbsp;<\/p>\n\n\n\n<p>Adem\u00e1s, la noche\u00a0 del domingo, las creaciones de la dise\u00f1adora Zulia Lestrad, bajo la L\u00ednea Textil Cayena, de Manos Dominicanas\u00a0 y de Cristina N\u00fa\u00f1ez, ocuparon un lugar privilegiado al cerrar el desfile de clausura del encuentro, en el que nuestra artesan\u00eda textil, en cuerno y en larimar se exhibi\u00f3 en pasarela junto a las piezas textiles de\u00a0 m\u00e1s\u00a0 de 30 maestras y maestros artesanos mexicanos de distintas localidades del pa\u00eds azteca.\u00a0<\/p>\n\n\n\n<figure class=\"wp-block-gallery has-nested-images columns-default is-cropped wp-block-gallery-3 is-layout-flex wp-block-gallery-is-layout-flex\">\n<figure class=\"wp-block-image size-large\"><img loading=\"lazy\" decoding=\"async\" width=\"1024\" height=\"768\" data-id=\"576131\" src=\"https:\/\/diariodominicano.com\/wp-content\/uploads\/2024\/11\/La-Embajadora-Maria-Isabel-Castillo-acompanando-al-artesano-dominicano-Jose-Damian-1024x768.jpeg\" alt=\"\" class=\"wp-image-576131\" srcset=\"https:\/\/diariodominicano.com\/wp-content\/uploads\/2024\/11\/La-Embajadora-Maria-Isabel-Castillo-acompanando-al-artesano-dominicano-Jose-Damian-1024x768.jpeg 1024w, https:\/\/diariodominicano.com\/wp-content\/uploads\/2024\/11\/La-Embajadora-Maria-Isabel-Castillo-acompanando-al-artesano-dominicano-Jose-Damian-300x225.jpeg 300w, https:\/\/diariodominicano.com\/wp-content\/uploads\/2024\/11\/La-Embajadora-Maria-Isabel-Castillo-acompanando-al-artesano-dominicano-Jose-Damian-768x576.jpeg 768w, https:\/\/diariodominicano.com\/wp-content\/uploads\/2024\/11\/La-Embajadora-Maria-Isabel-Castillo-acompanando-al-artesano-dominicano-Jose-Damian-1536x1152.jpeg 1536w, https:\/\/diariodominicano.com\/wp-content\/uploads\/2024\/11\/La-Embajadora-Maria-Isabel-Castillo-acompanando-al-artesano-dominicano-Jose-Damian-2048x1536.jpeg 2048w, https:\/\/diariodominicano.com\/wp-content\/uploads\/2024\/11\/La-Embajadora-Maria-Isabel-Castillo-acompanando-al-artesano-dominicano-Jose-Damian-816x612.jpeg 816w\" sizes=\"auto, (max-width: 1024px) 100vw, 1024px\" \/><\/figure>\n<\/figure>\n\n\n\n<p>En&nbsp; la clausura, estuvieron presentes la secretaria de cultura de M\u00e9xico y la embajadora de la Rep\u00fablica Dominicana en el pa\u00eds azteca, quien expres\u00f3 que la participaci\u00f3n dominicana en ORIGINAL no solo proyecta a la Rep\u00fablica Dominicana en el mapa cultural mexicano, sino que la coloca, de una manera muy significativa, en este movimiento de valorizaci\u00f3n del sector artesanal.<\/p>\n\n\n\n<p>ORIGINAL es un proyecto de la Secretar\u00eda de Cultura de M\u00e9xico, que se realiza desde el a\u00f1o 2021, teniendo como objetivo promover las tradiciones artesanales y proyectar a los artesanos permiti\u00e9ndoles desarrollar y valorar su arte en un contexto de comercio justo.&nbsp;<\/p>\n\n\n\n<p>Esta participaci\u00f3n se enmarca en las acciones constantes de la Embajada de la Rep\u00fablica Dominicana en M\u00e9xico por promover a los artistas dominicanos en tierra azteca y viene aunado a la suscripci\u00f3n, a finales del a\u00f1o pasado, de un convenio de cooperaci\u00f3n&nbsp; con la Secretar\u00eda de cultura de M\u00e9xico, en apoyo al desarrollo del sector&nbsp; artesanal en nuestro pa\u00eds.&nbsp;<\/p>\n\n\n\n<p><strong>Samuel Esteban Pe\u00f1a Valdez<\/strong>\u00a0&lt;samuelesteban@embadom.org>\u2002<\/p>\n","protected":false},"excerpt":{"rendered":"<p>-La Embajadora Mar\u00eda Isabel Castillo expres\u00f3 que \u201cla participaci\u00f3n dominicana en ORIGINAL no s\u00f3lo proyecta a la Rep\u00fablica Dominicana en el mapa cultural mexicano, sino que la coloca de una manera muy significativa en un movimiento de valorizaci\u00f3n del sector artesanal.\u201d -Original es un movimiento permanente generado desde la Secretar\u00eda de Cultura del Gobierno de [&hellip;]<\/p>\n","protected":false},"author":7,"featured_media":576133,"comment_status":"closed","ping_status":"closed","sticky":false,"template":"","format":"standard","meta":{"footnotes":""},"categories":[23],"tags":[246,197],"class_list":["post-576096","post","type-post","status-publish","format-standard","has-post-thumbnail","hentry","category-internacional","tag-mexico","tag-republica-dominicana"],"_links":{"self":[{"href":"https:\/\/diariodominicano.com\/index.php?rest_route=\/wp\/v2\/posts\/576096","targetHints":{"allow":["GET"]}}],"collection":[{"href":"https:\/\/diariodominicano.com\/index.php?rest_route=\/wp\/v2\/posts"}],"about":[{"href":"https:\/\/diariodominicano.com\/index.php?rest_route=\/wp\/v2\/types\/post"}],"author":[{"embeddable":true,"href":"https:\/\/diariodominicano.com\/index.php?rest_route=\/wp\/v2\/users\/7"}],"replies":[{"embeddable":true,"href":"https:\/\/diariodominicano.com\/index.php?rest_route=%2Fwp%2Fv2%2Fcomments&post=576096"}],"version-history":[{"count":1,"href":"https:\/\/diariodominicano.com\/index.php?rest_route=\/wp\/v2\/posts\/576096\/revisions"}],"predecessor-version":[{"id":576135,"href":"https:\/\/diariodominicano.com\/index.php?rest_route=\/wp\/v2\/posts\/576096\/revisions\/576135"}],"wp:featuredmedia":[{"embeddable":true,"href":"https:\/\/diariodominicano.com\/index.php?rest_route=\/wp\/v2\/media\/576133"}],"wp:attachment":[{"href":"https:\/\/diariodominicano.com\/index.php?rest_route=%2Fwp%2Fv2%2Fmedia&parent=576096"}],"wp:term":[{"taxonomy":"category","embeddable":true,"href":"https:\/\/diariodominicano.com\/index.php?rest_route=%2Fwp%2Fv2%2Fcategories&post=576096"},{"taxonomy":"post_tag","embeddable":true,"href":"https:\/\/diariodominicano.com\/index.php?rest_route=%2Fwp%2Fv2%2Ftags&post=576096"}],"curies":[{"name":"wp","href":"https:\/\/api.w.org\/{rel}","templated":true}]}}