{"id":576063,"date":"2024-11-20T16:20:57","date_gmt":"2024-11-20T20:20:57","guid":{"rendered":"https:\/\/diariodominicano.com\/?p=576063"},"modified":"2024-11-21T00:54:39","modified_gmt":"2024-11-21T04:54:39","slug":"director-inapa-realiza-encuentro-con-representantes-comunitarios-de-la-provincia-maria-trinidad-sanchez","status":"publish","type":"post","link":"https:\/\/diariodominicano.com\/?p=576063","title":{"rendered":"Director INAPA, realiza encuentro con representantes comunitarios de la provincia Mar\u00eda Trinidad S\u00e1nchez"},"content":{"rendered":"\n<p id=\"block-72cac24a-04dd-4c1a-ba1d-611d8aad9b60\">El director ejecutivo del Instituto Nacional de Aguas Potables y Alcantarillados (INAPA), Wellington Arnaud, se reuni\u00f3 con representantes de juntas de vecinos en la provincia Mar\u00eda Trinidad S\u00e1nchez, donde reafirm\u00f3 su compromiso de garantizar un servicio eficaz y eficiente.<\/p>\n\n\n\n<p id=\"block-8a3542f1-f907-40b9-8f12-cf4997568821\">Durante toda la ma\u00f1ana, el funcionario escuch\u00f3 a cada uno expresar los problemas de su comunidad.<\/p>\n\n\n\n<p id=\"block-df645fe8-5dce-41a5-8273-fd5c34309f9a\">Arnaud asegur\u00f3 soluciones oportunas en cada caso.<\/p>\n\n\n\n<p id=\"block-2ee698a7-18ed-4c62-ac4c-6a51d16fd83c\">\u00abEstamos reunidos aqu\u00ed porque nuestra tarea es que ustedes reciban un servicio de agua potable eficiente. Ese es nuestro compromiso, dando cumplimiento a la promesa del presidente Luis Abinader\u00bb, expres\u00f3.<\/p>\n\n\n\n<p id=\"block-81019154-1c4a-483a-b464-509608a2b733\">De su lado, los l\u00edderes comunitarios agradecieron la presencia del funcionario en su provincia y reconocieron la importancia de este tipo de reuniones en las cuales pueden expresarse libremente y ser escuchados por una autoridad competente.<\/p>\n\n\n\n<p id=\"block-ebc60647-2461-485a-ad89-3c622968acdf\">\u00abGracias a Dios, ha llegado la hora de empoderar a las juntas de vecinos y darles voz a nuestras comunidades\u00bb, expres\u00f3 Pedro Tejada Mosquea, presidente de la Federaci\u00f3n de Juntas de Vecinos Nueva Esperanza.<\/p>\n\n\n\n<p id=\"block-0b847c7c-ccfc-4243-8f16-7329a1e6434b\">Arnaud dispuso que el equipo t\u00e9cnico realice los levantamientos necesarios en diversas \u00e1reas para brindarles soluciones.<\/p>\n\n\n\n<p id=\"block-c6bbe133-f5af-40fa-8363-5156491db448\">Entre los dirigentes comunitarios que participaron en la reuni\u00f3n figuran Gregorio Santos G\u00f3mez, de la Junta de Vecinos Villa Real; Janet Torres, de la Junta de Vecinos Unidos por el Amor; Justo Su\u00e1rez, Junta de Vecinos Kil\u00f3metro 3; Eliseo Polanco, Junta de Vecinos Felipe Polanco; Israel Guzm\u00e1n, Junta de Vecinos Ram\u00f3n Tejada; Nicolas Guzm\u00e1n, Junta de Vecinos Los Fuegos en Progreso; Ruth Santos, Junta de Vecinos Nueva Nagua; Leonardo Alberto, Junta de Vecinos La Altagracia; Carlos Jos\u00e9 Alonso, Junta de Vecinos Villa Progreso; y Jos\u00e9 Maldonado, Junta de Vecinos Mar\u00eda Castillo.<\/p>\n\n\n\n<p id=\"block-46ef3c78-faed-479b-aa2e-e038bb80e316\">En la reuni\u00f3n, el titular de la instituci\u00f3n rectora del agua potable y saneamiento tambi\u00e9n dej\u00f3 conformada la comisi\u00f3n de veedur\u00eda de los trabajos del acueducto m\u00faltiple de Nagua, bajo la coordinaci\u00f3n de Tejada Mosquea.<\/p>\n\n\n\n<p id=\"block-3855adb8-e6fc-487d-973d-67be767c6adc\">El director ejecutivo del INAPA estuvo acompa\u00f1ado de la gobernadora Mar\u00eda L\u00f3pez (Amada); el alcalde del municipio de Nagua, Junior Peralta; el dirigente comunitario \u00c1ngel Manuel L\u00f3pez; los subdirectores del Inapa W\u00e1scar Mart\u00ednez y Joseph Pilier; el director de Operaciones, Luis Jos\u00e9 Popa; y el subdirector regional Julio Lizardo, entre otros.<\/p>\n\n\n\n<p id=\"block-c001bbb3-5ce6-4792-8810-7863b345d2bd\">El encuentro forma parte de las visitas que realiza el director del INAPA, desde que asumi\u00f3 el cargo, con juntas de vecinos para escuchar las necesidades de la gente y buscar soluciones de forma \u00e1gil y oportuna.<\/p>\n\n\n\n<p id=\"block-b4c96c59-92f0-485e-9a98-620cca90e2ac\"><strong>INAPA GOBIERNO<\/strong>&nbsp;&lt;relacionespublicasinapa@gmail.com&gt;<\/p>\n\n\n\n<p>El director ejecutivo del Instituto Nacional de Aguas Potables y Alcantarillados (INAPA), Wellington Arnaud, se reuni\u00f3 con representantes de juntas de vecinos en la provincia Mar\u00eda Trinidad S\u00e1nchez, donde reafirm\u00f3 su compromiso de garantizar un servicio eficaz y eficiente.<\/p>\n\n\n\n<p>Durante toda la ma\u00f1ana, el funcionario escuch\u00f3 a cada uno expresar los problemas de su comunidad.<\/p>\n\n\n\n<p>Arnaud asegur\u00f3 soluciones oportunas en cada caso.<\/p>\n\n\n\n<p>\u00abEstamos reunidos aqu\u00ed porque nuestra tarea es que ustedes reciban un servicio de agua potable eficiente. Ese es nuestro compromiso, dando cumplimiento a la promesa del presidente Luis Abinader\u00bb, expres\u00f3.<\/p>\n\n\n\n<p>De su lado, los l\u00edderes comunitarios agradecieron la presencia del funcionario en su provincia y reconocieron la importancia de este tipo de reuniones en las cuales pueden expresarse libremente y ser escuchados por una autoridad competente.<\/p>\n\n\n\n<p>\u00abGracias a Dios, ha llegado la hora de empoderar a las juntas de vecinos y darles voz a nuestras comunidades\u00bb, expres\u00f3 Pedro Tejada Mosquea, presidente de la Federaci\u00f3n de Juntas de Vecinos Nueva Esperanza.<\/p>\n\n\n\n<p>Arnaud dispuso que el equipo t\u00e9cnico realice los levantamientos necesarios en diversas \u00e1reas para brindarles soluciones.<\/p>\n\n\n\n<p>Entre los dirigentes comunitarios que participaron en la reuni\u00f3n figuran Gregorio Santos G\u00f3mez, de la Junta de Vecinos Villa Real; Janet Torres, de la Junta de Vecinos Unidos por el Amor; Justo Su\u00e1rez, Junta de Vecinos Kil\u00f3metro 3; Eliseo Polanco, Junta de Vecinos Felipe Polanco; Israel Guzm\u00e1n, Junta de Vecinos Ram\u00f3n Tejada; Nicolas Guzm\u00e1n, Junta de Vecinos Los Fuegos en Progreso; Ruth Santos, Junta de Vecinos Nueva Nagua; Leonardo Alberto, Junta de Vecinos La Altagracia; Carlos Jos\u00e9 Alonso, Junta de Vecinos Villa Progreso; y Jos\u00e9 Maldonado, Junta de Vecinos Mar\u00eda Castillo.<\/p>\n\n\n\n<p>En la reuni\u00f3n, el titular de la instituci\u00f3n rectora del agua potable y saneamiento tambi\u00e9n dej\u00f3 conformada la comisi\u00f3n de veedur\u00eda de los trabajos del acueducto m\u00faltiple de Nagua, bajo la coordinaci\u00f3n de Tejada Mosquea.<\/p>\n\n\n\n<p>El director ejecutivo del INAPA estuvo acompa\u00f1ado de la gobernadora Mar\u00eda L\u00f3pez (Amada); el alcalde del municipio de Nagua, Junior Peralta; el dirigente comunitario \u00c1ngel Manuel L\u00f3pez; los subdirectores del Inapa W\u00e1scar Mart\u00ednez y Joseph Pilier; el director de Operaciones, Luis Jos\u00e9 Popa; y el subdirector regional Julio Lizardo, entre otros.<\/p>\n\n\n\n<p>El encuentro forma parte de las visitas que realiza el director del INAPA, desde que asumi\u00f3 el cargo, con juntas de vecinos para escuchar las necesidades de la gente y buscar soluciones de forma \u00e1gil y oportuna.<\/p>\n\n\n\n<p><strong>INAPA GOBIERNO<\/strong>\u00a0&lt;relacionespublicasinapa@gmail.com><\/p>\n","protected":false},"excerpt":{"rendered":"<p>El director ejecutivo del Instituto Nacional de Aguas Potables y Alcantarillados (INAPA), Wellington Arnaud, se reuni\u00f3 con representantes de juntas de vecinos en la provincia Mar\u00eda Trinidad S\u00e1nchez, donde reafirm\u00f3 su compromiso de garantizar un servicio eficaz y eficiente. Durante toda la ma\u00f1ana, el funcionario escuch\u00f3 a cada uno expresar los problemas de su comunidad. [&hellip;]<\/p>\n","protected":false},"author":7,"featured_media":0,"comment_status":"closed","ping_status":"closed","sticky":true,"template":"","format":"standard","meta":{"footnotes":""},"categories":[20],"tags":[482,970],"class_list":["post-576063","post","type-post","status-publish","format-standard","hentry","category-dominicana-hoy","tag-inapa","tag-maria-trinidad-sanchez"],"_links":{"self":[{"href":"https:\/\/diariodominicano.com\/index.php?rest_route=\/wp\/v2\/posts\/576063","targetHints":{"allow":["GET"]}}],"collection":[{"href":"https:\/\/diariodominicano.com\/index.php?rest_route=\/wp\/v2\/posts"}],"about":[{"href":"https:\/\/diariodominicano.com\/index.php?rest_route=\/wp\/v2\/types\/post"}],"author":[{"embeddable":true,"href":"https:\/\/diariodominicano.com\/index.php?rest_route=\/wp\/v2\/users\/7"}],"replies":[{"embeddable":true,"href":"https:\/\/diariodominicano.com\/index.php?rest_route=%2Fwp%2Fv2%2Fcomments&post=576063"}],"version-history":[{"count":1,"href":"https:\/\/diariodominicano.com\/index.php?rest_route=\/wp\/v2\/posts\/576063\/revisions"}],"predecessor-version":[{"id":576101,"href":"https:\/\/diariodominicano.com\/index.php?rest_route=\/wp\/v2\/posts\/576063\/revisions\/576101"}],"wp:attachment":[{"href":"https:\/\/diariodominicano.com\/index.php?rest_route=%2Fwp%2Fv2%2Fmedia&parent=576063"}],"wp:term":[{"taxonomy":"category","embeddable":true,"href":"https:\/\/diariodominicano.com\/index.php?rest_route=%2Fwp%2Fv2%2Fcategories&post=576063"},{"taxonomy":"post_tag","embeddable":true,"href":"https:\/\/diariodominicano.com\/index.php?rest_route=%2Fwp%2Fv2%2Ftags&post=576063"}],"curies":[{"name":"wp","href":"https:\/\/api.w.org\/{rel}","templated":true}]}}