{"id":576034,"date":"2024-11-20T14:26:25","date_gmt":"2024-11-20T18:26:25","guid":{"rendered":"https:\/\/diariodominicano.com\/?p=576034"},"modified":"2024-11-20T14:27:15","modified_gmt":"2024-11-20T18:27:15","slug":"festival-internacional-de-teatro-para-la-infancia-y-la-juventud-sigue-presentando-obras-para-toda-la-familia","status":"publish","type":"post","link":"https:\/\/diariodominicano.com\/?p=576034","title":{"rendered":"Festival Internacional de Teatro para la Infancia y la Juventud sigue presentando obras para toda la familia"},"content":{"rendered":"\n<p><em>\u00abEl flautista de Hamel\u00edn\u00bb, \u00abRat\u00f3s, el tejido del tiempo\u00bb, \u00abHistoria de burros\u00bb y&nbsp;&nbsp;&nbsp;&nbsp;&nbsp;&nbsp;&nbsp;&nbsp;&nbsp;&nbsp;&nbsp;&nbsp;&nbsp;&nbsp;&nbsp;&nbsp;&nbsp;&nbsp;&nbsp;\u00abEl circo de las maravillas\u00bb, son las obras que siguen aportando conocimientos&nbsp;&nbsp;y buenos valores a los infantes y adultos que asisten a sus diferentes funciones.<\/em><\/p>\n\n\n\n<p><strong>Santo Domingo, noviembre 2024.<\/strong>&nbsp;La d\u00e9cimo quinta edici\u00f3n<strong>&nbsp;<\/strong>del Festival Internacional para la Infancia y la Juventud (FITIJ 2024), que organiza la Fundaci\u00f3n Teatro C\u00facara-M\u00e1cara, contin\u00faa desarroll\u00e1ndose con una asistencia masiva de estudiantes de diferentes centros educativos\u2026<\/p>\n\n\n\n<figure class=\"wp-block-gallery has-nested-images columns-default is-cropped wp-block-gallery-1 is-layout-flex wp-block-gallery-is-layout-flex\">\n<figure class=\"wp-block-image size-large\"><img loading=\"lazy\" decoding=\"async\" width=\"900\" height=\"530\" data-id=\"576060\" src=\"https:\/\/diariodominicano.com\/wp-content\/uploads\/2024\/11\/Obra-El-circo-de-las-maravillas.jpeg\" alt=\"\" class=\"wp-image-576060\" srcset=\"https:\/\/diariodominicano.com\/wp-content\/uploads\/2024\/11\/Obra-El-circo-de-las-maravillas.jpeg 900w, https:\/\/diariodominicano.com\/wp-content\/uploads\/2024\/11\/Obra-El-circo-de-las-maravillas-300x177.jpeg 300w, https:\/\/diariodominicano.com\/wp-content\/uploads\/2024\/11\/Obra-El-circo-de-las-maravillas-768x452.jpeg 768w, https:\/\/diariodominicano.com\/wp-content\/uploads\/2024\/11\/Obra-El-circo-de-las-maravillas-816x481.jpeg 816w\" sizes=\"auto, (max-width: 900px) 100vw, 900px\" \/><\/figure>\n<\/figure>\n\n\n\n<p>Este festival que es abierto al p\u00fablico presentar\u00e1 este mi\u00e9rcoles 20 de noviembre, a las 10:30 a.m., en Nova Teatro la obra\u00a0<strong>\u00abEl flautista de Hamel\u00edn\u00bb,<\/strong>\u00a0de los hermanos Grimm, que con una combinaci\u00f3n de actuaci\u00f3n, t\u00edteres y teatro de sombra ofrece una versi\u00f3n moderna del afamado cl\u00e1sico.<\/p>\n\n\n\n<figure class=\"wp-block-gallery has-nested-images columns-default is-cropped wp-block-gallery-2 is-layout-flex wp-block-gallery-is-layout-flex\">\n<figure class=\"wp-block-image size-large\"><img loading=\"lazy\" decoding=\"async\" width=\"800\" height=\"491\" data-id=\"576059\" src=\"https:\/\/diariodominicano.com\/wp-content\/uploads\/2024\/11\/Obra-Historia-de-burros.jpg\" alt=\"\" class=\"wp-image-576059\" srcset=\"https:\/\/diariodominicano.com\/wp-content\/uploads\/2024\/11\/Obra-Historia-de-burros.jpg 800w, https:\/\/diariodominicano.com\/wp-content\/uploads\/2024\/11\/Obra-Historia-de-burros-300x184.jpg 300w, https:\/\/diariodominicano.com\/wp-content\/uploads\/2024\/11\/Obra-Historia-de-burros-768x471.jpg 768w\" sizes=\"auto, (max-width: 800px) 100vw, 800px\" \/><\/figure>\n<\/figure>\n\n\n\n<p>Con dicha obra el director Basilio Nova celebra su 50 aniversario en las tablas. La misma ser\u00e1 repetida el jueves 21 y el viernes 22 de noviembre, en Nova Teatro, ubicado en la calle Benigno Filomeno de Rojas No. 54, Zona Universitaria.<\/p>\n\n\n\n<p>La obra\u00a0<strong>\u00abEl circo de las maravillas\u00bb<\/strong>\u00a0ser\u00e1 presentada este jueves 21 de noviembre, a las 7:00 p.m., en el Centro Cultural de Espa\u00f1a, ubicado en la calle Arzobispo Meri\u00f1o No. 2, en la Ciudad Colonial; y el viernes 22, a las 10:00 a.m., en la Sala La Dram\u00e1tica del Palacio de Bellas Artes.<\/p>\n\n\n\n<figure class=\"wp-block-gallery has-nested-images columns-default is-cropped wp-block-gallery-3 is-layout-flex wp-block-gallery-is-layout-flex\">\n<figure class=\"wp-block-image size-large\"><img loading=\"lazy\" decoding=\"async\" width=\"598\" height=\"545\" data-id=\"576058\" src=\"https:\/\/diariodominicano.com\/wp-content\/uploads\/2024\/11\/Basilio-Nova-celebra-su-50-aniversario-en-el-teatro-con-El-flautista-de-Hamelin.jpg\" alt=\"\" class=\"wp-image-576058\" srcset=\"https:\/\/diariodominicano.com\/wp-content\/uploads\/2024\/11\/Basilio-Nova-celebra-su-50-aniversario-en-el-teatro-con-El-flautista-de-Hamelin.jpg 598w, https:\/\/diariodominicano.com\/wp-content\/uploads\/2024\/11\/Basilio-Nova-celebra-su-50-aniversario-en-el-teatro-con-El-flautista-de-Hamelin-300x273.jpg 300w\" sizes=\"auto, (max-width: 598px) 100vw, 598px\" \/><\/figure>\n<\/figure>\n\n\n\n<p><strong>\u00abRat\u00f3s, el tejido del tiempo\u00bb,<\/strong>&nbsp;de la compa\u00f1\u00eda El Ba\u00fal de la Fantas\u00eda, cuenta la historia de Rat\u00f3s, un peque\u00f1o rat\u00f3n que expresa sus premuras, miedos y aciertos desde que nace, hasta que muere. Esta interesante obra vuelve a escena el s\u00e1bado 23 de noviembre, a las 6:30 p.m., en Nova Teatro.<\/p>\n\n\n\n<p><strong>\u00abHistoria de burros\u00bb<\/strong>&nbsp;vuelve a escena este jueves 21 y viernes 22 de noviembre, a las 10:00 a.m., en la sala Otto Coro del Teatro Guloya, ubicado en la calle Arzobispo Portes No. 205, Ciudad Colonial. Con esta obra finalizar\u00e1 el FITIJ 2024, este domingo 24 de noviembre, a las 6:30 p.m., en Nova Teatro.<\/p>\n\n\n\n<p>Basilio Nova, director general y art\u00edstico del FITIJ, y la productora Ana Jim\u00e9nez afirman que la acogida de esta edici\u00f3n, que tiene por lema \u00ab15 a\u00f1os volando con la imaginaci\u00f3n\u00bb, ha superado sus expectativas.<\/p>\n\n\n\n<p>\u201cInvitamos a las familias dominicanas a participar en este festival dedicado a Espa\u00f1a\u00bb. Les recordamos que estas obras tienen mensajes enfocados en valores tan importantes como el amor, la solidaridad y la perseverancia\u201d, expresaron los productores de este evento.<\/p>\n\n\n\n<p><strong>Para reservar y comprar las boletas<\/strong><\/p>\n\n\n\n<p>Las escuelas, colegios y familias interesadas en asistir a las funciones del FITIJ 2024 pueden comunicarse a los tel\u00e9fonos 809-364-0802 o al m\u00f3vil con WhatsApp 809-696-9989. Tambi\u00e9n, pueden solicitar m\u00e1s informaci\u00f3n escribiendo al correo electr\u00f3nico:&nbsp;<a href=\"mailto:teatrocucaramacararepdom@gmail.com\" rel=\"noreferrer noopener\" target=\"_blank\">teatrocucaramacararepdom@gmail.com<\/a>, o visitando:&nbsp;<a href=\"https:\/\/www.teatrocucaramacarard.com\/\" rel=\"noreferrer noopener\" target=\"_blank\">https:\/\/www.teatrocucaramacarard.com<\/a>.<\/p>\n\n\n\n<p><strong>Mar\u00eda Mercedes<\/strong>\u00a0&lt;sonrie210@yahoo.es> <\/p>\n","protected":false},"excerpt":{"rendered":"<p>\u00abEl flautista de Hamel\u00edn\u00bb, \u00abRat\u00f3s, el tejido del tiempo\u00bb, \u00abHistoria de burros\u00bb y&nbsp;&nbsp;&nbsp;&nbsp;&nbsp;&nbsp;&nbsp;&nbsp;&nbsp;&nbsp;&nbsp;&nbsp;&nbsp;&nbsp;&nbsp;&nbsp;&nbsp;&nbsp;&nbsp;\u00abEl circo de las maravillas\u00bb, son las obras que siguen aportando conocimientos&nbsp;&nbsp;y buenos valores a los infantes y adultos que asisten a sus diferentes funciones. Santo Domingo, noviembre 2024.&nbsp;La d\u00e9cimo quinta edici\u00f3n&nbsp;del Festival Internacional para la Infancia y la Juventud (FITIJ 2024), que [&hellip;]<\/p>\n","protected":false},"author":7,"featured_media":576061,"comment_status":"closed","ping_status":"closed","sticky":false,"template":"","format":"standard","meta":{"footnotes":""},"categories":[21],"tags":[969],"class_list":["post-576034","post","type-post","status-publish","format-standard","has-post-thumbnail","hentry","category-cultura","tag-festival-internacional-de-teatro"],"_links":{"self":[{"href":"https:\/\/diariodominicano.com\/index.php?rest_route=\/wp\/v2\/posts\/576034","targetHints":{"allow":["GET"]}}],"collection":[{"href":"https:\/\/diariodominicano.com\/index.php?rest_route=\/wp\/v2\/posts"}],"about":[{"href":"https:\/\/diariodominicano.com\/index.php?rest_route=\/wp\/v2\/types\/post"}],"author":[{"embeddable":true,"href":"https:\/\/diariodominicano.com\/index.php?rest_route=\/wp\/v2\/users\/7"}],"replies":[{"embeddable":true,"href":"https:\/\/diariodominicano.com\/index.php?rest_route=%2Fwp%2Fv2%2Fcomments&post=576034"}],"version-history":[{"count":1,"href":"https:\/\/diariodominicano.com\/index.php?rest_route=\/wp\/v2\/posts\/576034\/revisions"}],"predecessor-version":[{"id":576062,"href":"https:\/\/diariodominicano.com\/index.php?rest_route=\/wp\/v2\/posts\/576034\/revisions\/576062"}],"wp:featuredmedia":[{"embeddable":true,"href":"https:\/\/diariodominicano.com\/index.php?rest_route=\/wp\/v2\/media\/576061"}],"wp:attachment":[{"href":"https:\/\/diariodominicano.com\/index.php?rest_route=%2Fwp%2Fv2%2Fmedia&parent=576034"}],"wp:term":[{"taxonomy":"category","embeddable":true,"href":"https:\/\/diariodominicano.com\/index.php?rest_route=%2Fwp%2Fv2%2Fcategories&post=576034"},{"taxonomy":"post_tag","embeddable":true,"href":"https:\/\/diariodominicano.com\/index.php?rest_route=%2Fwp%2Fv2%2Ftags&post=576034"}],"curies":[{"name":"wp","href":"https:\/\/api.w.org\/{rel}","templated":true}]}}