{"id":576022,"date":"2024-11-20T11:16:38","date_gmt":"2024-11-20T15:16:38","guid":{"rendered":"https:\/\/diariodominicano.com\/?p=576022"},"modified":"2024-11-20T11:16:41","modified_gmt":"2024-11-20T15:16:41","slug":"consumo-electrico-de-china-aumenta-76-en-enero-octubre-de-2024","status":"publish","type":"post","link":"https:\/\/diariodominicano.com\/?p=576022","title":{"rendered":"Consumo el\u00e9ctrico de China aumenta 7,6% en enero-octubre de 2024"},"content":{"rendered":"\n<p><em>spanish.news.cn<\/em>|<em>&nbsp;2024-11-20 12:39:01<\/em>|<\/p>\n\n\n\n<p>BEIJING, 20 nov (Xinhua) &#8212; El consumo el\u00e9ctrico de China, un bar\u00f3metro clave de la actividad econ\u00f3mica, subi\u00f3 un 7,6 por ciento interanual en los primeros diez meses de 2024, seg\u00fan datos publicados hoy mi\u00e9rcoles por la Administraci\u00f3n Nacional de Energ\u00eda.<\/p>\n\n\n\n<p>Solo en octubre, el uso de electricidad creci\u00f3 un 4,3 por ciento frente al mismo mes del a\u00f1o pasado, precis\u00f3 la entidad.<\/p>\n\n\n\n<p>Entre enero y octubre, el consumo el\u00e9ctrico de las industrias primarias del pa\u00eds aument\u00f3 un 6,7 por ciento interanual, mientras la cifra en sus sectores secundario y terciario presentaron alzas del 5,6 y el 11 por ciento, respectivamente.<\/p>\n\n\n\n<p>Asimismo, el uso de electricidad residencial registr\u00f3 un aumento del 12,3 por ciento durante el per\u00edodo, inform\u00f3 la administraci\u00f3n.&nbsp;<\/p>\n\n\n\n<p><a href=\"https:\/\/www.facebook.com\/sharer\/sharer.php?u=https:\/\/spanish.xinhuanet.com\/20241120\/7a9872015300436bb5ea4a7d2f7cea48\/c.html\" target=\"_blank\" rel=\"noreferrer noopener\"><\/a>&nbsp;<a href=\"https:\/\/twitter.com\/intent\/tweet?text=Consumo%20el%C3%A9ctrico%20de%20China%20aumenta%207,6%25%20en%20enero-octubre%20de%202024&amp;url=https:\/\/spanish.xinhuanet.com\/20241120\/7a9872015300436bb5ea4a7d2f7cea48\/c.html\" target=\"_blank\" rel=\"noreferrer noopener\"><\/a>&nbsp;<a target=\"_blank\" href=\"https:\/\/service.weibo.com\/share\/share.php?title=Consumo%20el%C3%A9ctrico%20de%20China%20aumenta%207,6%25%20en%20enero-octubre%20de%202024&amp;url=https:\/\/spanish.xinhuanet.com\/20241120\/7a9872015300436bb5ea4a7d2f7cea48\/c.html\" rel=\"noreferrer noopener\"><\/a>&nbsp;<a><\/a><\/p>\n\n\n\n<figure class=\"wp-block-image\"><img decoding=\"async\" src=\"https:\/\/imgs.news.cn\/res\/xhwimg\/spanish\/20170522\/img\/jc-xfa.png\" alt=\"\"\/><\/figure>\n","protected":false},"excerpt":{"rendered":"<p>spanish.news.cn|&nbsp;2024-11-20 12:39:01| BEIJING, 20 nov (Xinhua) &#8212; El consumo el\u00e9ctrico de China, un bar\u00f3metro clave de la actividad econ\u00f3mica, subi\u00f3 un 7,6 por ciento interanual en los primeros diez meses de 2024, seg\u00fan datos publicados hoy mi\u00e9rcoles por la Administraci\u00f3n Nacional de Energ\u00eda. Solo en octubre, el uso de electricidad creci\u00f3 un 4,3 por ciento [&hellip;]<\/p>\n","protected":false},"author":28,"featured_media":0,"comment_status":"closed","ping_status":"closed","sticky":true,"template":"","format":"standard","meta":{"footnotes":""},"categories":[18],"tags":[],"class_list":["post-576022","post","type-post","status-publish","format-standard","hentry","category-economia"],"_links":{"self":[{"href":"https:\/\/diariodominicano.com\/index.php?rest_route=\/wp\/v2\/posts\/576022","targetHints":{"allow":["GET"]}}],"collection":[{"href":"https:\/\/diariodominicano.com\/index.php?rest_route=\/wp\/v2\/posts"}],"about":[{"href":"https:\/\/diariodominicano.com\/index.php?rest_route=\/wp\/v2\/types\/post"}],"author":[{"embeddable":true,"href":"https:\/\/diariodominicano.com\/index.php?rest_route=\/wp\/v2\/users\/28"}],"replies":[{"embeddable":true,"href":"https:\/\/diariodominicano.com\/index.php?rest_route=%2Fwp%2Fv2%2Fcomments&post=576022"}],"version-history":[{"count":1,"href":"https:\/\/diariodominicano.com\/index.php?rest_route=\/wp\/v2\/posts\/576022\/revisions"}],"predecessor-version":[{"id":576023,"href":"https:\/\/diariodominicano.com\/index.php?rest_route=\/wp\/v2\/posts\/576022\/revisions\/576023"}],"wp:attachment":[{"href":"https:\/\/diariodominicano.com\/index.php?rest_route=%2Fwp%2Fv2%2Fmedia&parent=576022"}],"wp:term":[{"taxonomy":"category","embeddable":true,"href":"https:\/\/diariodominicano.com\/index.php?rest_route=%2Fwp%2Fv2%2Fcategories&post=576022"},{"taxonomy":"post_tag","embeddable":true,"href":"https:\/\/diariodominicano.com\/index.php?rest_route=%2Fwp%2Fv2%2Ftags&post=576022"}],"curies":[{"name":"wp","href":"https:\/\/api.w.org\/{rel}","templated":true}]}}