{"id":575946,"date":"2024-11-20T08:52:28","date_gmt":"2024-11-20T12:52:28","guid":{"rendered":"https:\/\/diariodominicano.com\/?p=575946"},"modified":"2024-11-20T08:52:34","modified_gmt":"2024-11-20T12:52:34","slug":"los-angeles-promulga-ordenanza-para-ser-ciudad-santuario-ante-amenaza-de-deportaciones-de-trump","status":"publish","type":"post","link":"https:\/\/diariodominicano.com\/?p=575946","title":{"rendered":"Los \u00c1ngeles promulga ordenanza para ser ciudad santuario ante amenaza de deportaciones de Trump"},"content":{"rendered":"\n<p>Miembros de grupos proinmigrantes celebran la aprobaci\u00f3n de una ordenanza en Los \u00c1ngeles que ratifica la condici\u00f3n de Ciudad Santuario, el 19 de noviembre de 2024.<\/p>\n\n\n\n<ul class=\"wp-block-list\">\n<li><a href=\"https:\/\/www.vozdeamerica.com\/author\/reuters\/riv_i\">Reuters<\/a><\/li>\n<\/ul>\n\n\n\n<ul class=\"wp-block-list\">\n<li><a href=\"https:\/\/facebook.com\/sharer.php?u=https%3a%2f%2fwww.vozdeamerica.com%2fa%2flos-angeles-promulga-ordenanza-para-ser-ciudad-santuario-ante-amenaza-de-deportaciones-de-trump-%2f7870387.html\" target=\"_blank\" rel=\"noreferrer noopener\"><\/a><\/li>\n\n\n\n<li><a href=\"https:\/\/twitter.com\/share?url=https%3a%2f%2fwww.vozdeamerica.com%2fa%2flos-angeles-promulga-ordenanza-para-ser-ciudad-santuario-ante-amenaza-de-deportaciones-de-trump-%2f7870387.html&amp;text=Los+%c3%81ngeles+promulga+ordenanza+para+ser+ciudad+santuario+ante+amenaza+de+deportaciones+de+Trump+\" target=\"_blank\" rel=\"noreferrer noopener\"><\/a><\/li>\n\n\n\n<li><\/li>\n\n\n\n<li><a href=\"mailto:?body=https%3a%2f%2fwww.vozdeamerica.com%2fa%2flos-angeles-promulga-ordenanza-para-ser-ciudad-santuario-ante-amenaza-de-deportaciones-de-trump-%2f7870387.html&amp;subject=Los%20%C3%81ngeles%20promulga%20ordenanza%20para%20ser%20ciudad%20santuario%20ante%20amenaza%20de%20deportaciones%20de%20Trump\"><\/a><\/li>\n<\/ul>\n\n\n\n<p><a href=\"https:\/\/www.vozdeamerica.com\/a\/los-angeles-promulga-ordenanza-para-ser-ciudad-santuario-ante-amenaza-de-deportaciones-de-trump-\/7870387.html#comments\">&nbsp;Vea comentarios<\/a><\/p>\n\n\n\n<p>Los concejales de Los \u00c1ngeles votaron un\u00e1nimemente a favor de la medida de declararse santuario para inmigrantes, uni\u00e9ndose a m\u00e1s de una docena de ciudades en Estados Unidos con disposiciones similares.<\/p>\n\n\n\n<p>LOS ANGELES \u2014&nbsp;<\/p>\n\n\n\n<p>El Concejo Municipal de Los \u00c1ngeles aprob\u00f3 el martes por unanimidad una ordenanza de \u00abciudad santuario\u00bb para proteger a los inmigrantes que viven en la ciudad, una pol\u00edtica que prohibir\u00eda el uso de recursos y personal de la ciudad para llevar a cabo la aplicaci\u00f3n de las leyes federales de inmigraci\u00f3n.<\/p>\n\n\n\n<p>La medida de la ciudad del sur de California, la segunda m\u00e1s poblada de Estados Unidos despu\u00e9s de Nueva York, sigue a la promesa del presidente electo Donald Trump de emprender deportaciones masivas de inmigrantes.<\/p>\n\n\n\n<p>La ordenanza codifica la protecci\u00f3n de los inmigrantes en la legislaci\u00f3n municipal. El miembro del consejo Paul Krekorian dijo que la medida aborda \u00abla necesidad de garantizar que nuestra comunidad inmigrante aqu\u00ed en Los \u00c1ngeles comprenda que comprendemos su miedo\u00bb.<\/p>\n\n\n\n<p>Los manifestantes proinmigrantes hablaron en las escaleras del Ayuntamiento de Los \u00c1ngeles antes de la votaci\u00f3n, sosteniendo carteles que dec\u00edan: \u00ab\u00a1Los \u00c1ngeles, ciudad santuario ahora!\u00bb. Coreaban en espa\u00f1ol: \u00ab\u00bfQu\u00e9 queremos? Santuario. \u00bfCu\u00e1ndo lo queremos? Ahora\u00bb.<\/p>\n\n\n\n<figure class=\"wp-block-image\"><img decoding=\"async\" src=\"https:\/\/gdb.voanews.com\/5d48b551-1c86-49d0-89ec-57d80635e8a6_w650_r1.jpg\" alt=\"Lo que debes saber sobre la propuesta migratoria del presidente electo Donald Trump\" title=\"Lo que debes saber sobre la propuesta migratoria del presidente electo Donald Trump\"\/><\/figure>\n\n\n\n<p><video poster=\"https:\/\/gdb.voanews.com\/5d48b551-1c86-49d0-89ec-57d80635e8a6_w650_r1.jpg\" src=\"blob:https:\/\/www.vozdeamerica.com\/5387433b-a83b-47e6-9489-ca9dda610a5a\" height=\"381\" width=\"676\"><\/video><\/p>\n\n\n\n<p>&nbsp;Insertar&nbsp;share<\/p>\n\n\n\n<h5 class=\"wp-block-heading\"><a href=\"https:\/\/www.vozdeamerica.com\/a\/7857620.html\" target=\"_blank\" rel=\"noreferrer noopener\">Lo que debes saber sobre la propuesta migratoria del presidente electo Donald Trump<\/a><\/h5>\n\n\n\n<p>&nbsp;Insertar&nbsp;share<\/p>\n\n\n\n<p>El c\u00f3digo se ha copiado en su portapapeles.<\/p>\n\n\n\n<hr class=\"wp-block-separator has-alpha-channel-opacity\"\/>\n\n\n\n<p>Ancho&nbsp;&nbsp;pxAltura&nbsp;&nbsp;px<\/p>\n\n\n\n<ul class=\"wp-block-list\">\n<li><a href=\"https:\/\/facebook.com\/sharer.php?u=https%3a%2f%2fwww.vozdeamerica.com%2fa%2f7857620.html\" target=\"_blank\" rel=\"noreferrer noopener\">Comparta en Facebook<\/a><\/li>\n\n\n\n<li><a href=\"https:\/\/twitter.com\/share?url=https%3a%2f%2fwww.vozdeamerica.com%2fa%2f7857620.html&amp;text=Lo+que+debes+saber+sobre+la+propuesta+migratoria+del+presidente+electo+Donald+Trump\" target=\"_blank\" rel=\"noreferrer noopener\">Comparta en Twitter<\/a><\/li>\n<\/ul>\n\n\n\n<hr class=\"wp-block-separator has-alpha-channel-opacity\"\/>\n\n\n\n<p>The URL has been copied to your clipboard<\/p>\n\n\n\n<ul class=\"wp-block-list\">\n<li>Auto<\/li>\n\n\n\n<li>240p<\/li>\n\n\n\n<li>360p<\/li>\n\n\n\n<li>480p<\/li>\n\n\n\n<li>810p<\/li>\n\n\n\n<li>720p<\/li>\n<\/ul>\n\n\n\n<p>No media source currently available<\/p>\n\n\n\n<p>0:003:090:00<\/p>\n\n\n\n<ul class=\"wp-block-list\">\n<li><\/li>\n\n\n\n<li><\/li>\n\n\n\n<li><\/li>\n\n\n\n<li><\/li>\n\n\n\n<li><\/li>\n\n\n\n<li><\/li>\n<\/ul>\n\n\n\n<p><a href=\"https:\/\/www.vozdeamerica.com\/embed\/player\/Article\/7857620.html?type=video&amp;FullScreenMode=True\" target=\"_blank\" rel=\"noreferrer noopener\"><\/a><\/p>\n\n\n\n<p>&nbsp;Descargar&nbsp;<\/p>\n\n\n\n<p>La ciudad alberga a 1,3 millones de inmigrantes, dijeron los miembros del consejo, sin especificar cu\u00e1ntos entraron al pa\u00eds legalmente.<\/p>\n\n\n\n<p>\u00abEstamos sumamente preocupados, dado que se trata de una ciudad donde aproximadamente un tercio de la poblaci\u00f3n son inmigrantes\u00bb, dijo Shiu-Ming Cheer en la manifestaci\u00f3n. Ella es subdirectora de justicia racial y de inmigraci\u00f3n en el Centro de Pol\u00edticas de Inmigraci\u00f3n de California.<\/p>\n\n\n\n<p>La gente ten\u00eda \u00abmiedo de que la Guardia Nacional u otras personas se vieran obligadas a ejecutar los planes de deportaci\u00f3n masiva de Trump\u00bb, dijo. \u00abPero, ya sabes, tambi\u00e9n estamos organizados\u00bb.<\/p>\n\n\n\n<p>Once estados han tomado, en distintos grados, medidas para reducir la cooperaci\u00f3n con las autoridades federales de inmigraci\u00f3n, seg\u00fan el Centro de Recursos Legales para Inmigrantes, una organizaci\u00f3n sin fines de lucro. Trump, ganador de las elecciones del 5 de noviembre, asumir\u00e1 el cargo el 20 de enero.<\/p>\n\n\n\n<p>El equipo de transici\u00f3n de Trump no respondi\u00f3 a una solicitud de comentarios.<\/p>\n","protected":false},"excerpt":{"rendered":"<p>Miembros de grupos proinmigrantes celebran la aprobaci\u00f3n de una ordenanza en Los \u00c1ngeles que ratifica la condici\u00f3n de Ciudad Santuario, el 19 de noviembre de 2024. &nbsp;Vea comentarios Los concejales de Los \u00c1ngeles votaron un\u00e1nimemente a favor de la medida de declararse santuario para inmigrantes, uni\u00e9ndose a m\u00e1s de una docena de ciudades en Estados [&hellip;]<\/p>\n","protected":false},"author":28,"featured_media":575947,"comment_status":"closed","ping_status":"closed","sticky":true,"template":"","format":"standard","meta":{"footnotes":""},"categories":[23,24],"tags":[],"class_list":["post-575946","post","type-post","status-publish","format-standard","has-post-thumbnail","hentry","category-internacional","category-justicia-y-derecho"],"_links":{"self":[{"href":"https:\/\/diariodominicano.com\/index.php?rest_route=\/wp\/v2\/posts\/575946","targetHints":{"allow":["GET"]}}],"collection":[{"href":"https:\/\/diariodominicano.com\/index.php?rest_route=\/wp\/v2\/posts"}],"about":[{"href":"https:\/\/diariodominicano.com\/index.php?rest_route=\/wp\/v2\/types\/post"}],"author":[{"embeddable":true,"href":"https:\/\/diariodominicano.com\/index.php?rest_route=\/wp\/v2\/users\/28"}],"replies":[{"embeddable":true,"href":"https:\/\/diariodominicano.com\/index.php?rest_route=%2Fwp%2Fv2%2Fcomments&post=575946"}],"version-history":[{"count":1,"href":"https:\/\/diariodominicano.com\/index.php?rest_route=\/wp\/v2\/posts\/575946\/revisions"}],"predecessor-version":[{"id":575948,"href":"https:\/\/diariodominicano.com\/index.php?rest_route=\/wp\/v2\/posts\/575946\/revisions\/575948"}],"wp:featuredmedia":[{"embeddable":true,"href":"https:\/\/diariodominicano.com\/index.php?rest_route=\/wp\/v2\/media\/575947"}],"wp:attachment":[{"href":"https:\/\/diariodominicano.com\/index.php?rest_route=%2Fwp%2Fv2%2Fmedia&parent=575946"}],"wp:term":[{"taxonomy":"category","embeddable":true,"href":"https:\/\/diariodominicano.com\/index.php?rest_route=%2Fwp%2Fv2%2Fcategories&post=575946"},{"taxonomy":"post_tag","embeddable":true,"href":"https:\/\/diariodominicano.com\/index.php?rest_route=%2Fwp%2Fv2%2Ftags&post=575946"}],"curies":[{"name":"wp","href":"https:\/\/api.w.org\/{rel}","templated":true}]}}