{"id":575941,"date":"2024-11-20T08:47:22","date_gmt":"2024-11-20T12:47:22","guid":{"rendered":"https:\/\/diariodominicano.com\/?p=575941"},"modified":"2024-11-20T08:49:18","modified_gmt":"2024-11-20T12:49:18","slug":"de-brasil-a-sudafrica-el-g20-cierra-en-rio-de-janeiro-con-clamores-contra-el-hambre-y-las-guerras","status":"publish","type":"post","link":"https:\/\/diariodominicano.com\/?p=575941","title":{"rendered":"De Brasil a Sud\u00e1frica: el G20 cierra en R\u00edo de Janeiro con clamores contra el hambre y las guerras"},"content":{"rendered":"\n<p>Los mandatarios de las naciones con las 20 econom\u00edas m\u00e1s importantes del mundo, entre ellos Joe Biden, de EEUU, y Luiz In\u00e1cio Lula da Silva, de Brasil, el pa\u00eds anfitri\u00f3n, posan para la foto grupal de su cumbre en R\u00edo de Janeiro, el 19 de noviembre de 2024.<\/p>\n\n\n\n<p>noviembre 19, 2024<\/p>\n\n\n\n<ul class=\"wp-block-list\">\n<li><a href=\"https:\/\/www.vozdeamerica.com\/author\/nicole-kolster\/jku_t\">Nicole Kolster<\/a><\/li>\n<\/ul>\n\n\n\n<ul class=\"wp-block-list\">\n<li><a href=\"https:\/\/facebook.com\/sharer.php?u=https%3a%2f%2fwww.vozdeamerica.com%2fa%2fde-brasil-a-sudafrica-el-g20-finalizo-en-rio-de-janeiro-piden-combatir-el-hambre-y-el-fin-de-las-guerras-%2f7869883.html\" target=\"_blank\" rel=\"noreferrer noopener\"><\/a><\/li>\n\n\n\n<li><a href=\"https:\/\/twitter.com\/share?url=https%3a%2f%2fwww.vozdeamerica.com%2fa%2fde-brasil-a-sudafrica-el-g20-finalizo-en-rio-de-janeiro-piden-combatir-el-hambre-y-el-fin-de-las-guerras-%2f7869883.html&amp;text=De+Brasil+a+Sud%c3%a1frica%3a+el+G20+cierra+en+R%c3%ado+de+Janeiro+con+clamores+contra+el+hambre+y+las+guerras\" target=\"_blank\" rel=\"noreferrer noopener\"><\/a><\/li>\n\n\n\n<li><\/li>\n\n\n\n<li><a href=\"mailto:?body=https%3a%2f%2fwww.vozdeamerica.com%2fa%2fde-brasil-a-sudafrica-el-g20-finalizo-en-rio-de-janeiro-piden-combatir-el-hambre-y-el-fin-de-las-guerras-%2f7869883.html&amp;subject=De%20Brasil%20a%20Sud%C3%A1frica:%20el%20G20%20cierra%20en%20R%C3%ADo%20de%20Janeiro%20con%20clamores%20contra%20el%20hambre%20y%20las%20guerras\"><\/a><\/li>\n<\/ul>\n\n\n\n<p><a href=\"https:\/\/www.vozdeamerica.com\/a\/de-brasil-a-sudafrica-el-g20-finalizo-en-rio-de-janeiro-piden-combatir-el-hambre-y-el-fin-de-las-guerras-\/7869883.html#comments\">&nbsp;Vea comentarios<\/a><\/p>\n\n\n\n<p>Brasil traspas\u00f3 oficialmente la presidencia del G20 a Sud\u00e1frica, que se encargar\u00e1 de organizar la cita de los l\u00edderes de las 20 principales econom\u00edas del mundo en 2025. Gaza, Ucrania y la ONU fueron parte del debate.<\/p>\n\n\n\n<p>R\u00cdO DE JANEIRO \u2014&nbsp;<\/p>\n\n\n\n<p>La cumbre del Grupo de las 20 principales econom\u00edas del mundo (G20), que se desarroll\u00f3 en R\u00edo de Janeiro, Brasil, concluy\u00f3 este martes con el traspaso oficial de la presidencia temporal del foro a Sud\u00e1frica y con una declaraci\u00f3n conjunta que incluy\u00f3 un pacto para combatir el hambre, la petici\u00f3n de m\u00e1s ayuda para Gaza y el fin de la guerra en Ucrania.<\/p>\n\n\n\n<p>\u201cTenemos la responsabilidad de hacerlo mejor\u201d, dijo el anfitri\u00f3n de la reuni\u00f3n, el presidente Luiz In\u00e1cio Lula da Silva, antes de entregar el mazo simb\u00f3lico de la presidencia a su hom\u00f3logo de Sud\u00e1frica Cyril Ramaphosa, en cuyo pa\u00eds se realizar\u00e1 el evento el 2025.<\/p>\n\n\n\n<p>Con la presidencia sudafricana, todos los pa\u00edses del G20 habr\u00e1n comandado el liderazgo del grupo al menos una vez. En 2026, la coordinaci\u00f3n del organismo recaer\u00e1 nuevamente en Estados Unidos, entonces con el presidente electo Donald Trump.<\/p>\n\n\n\n<blockquote class=\"wp-block-quote is-layout-flow wp-block-quote-is-layout-flow\">\n<p>\ud83c\udf0d Pr\u00f3xima parada del G20: \u00a1Sud\u00e1frica! \ud83c\uddff\ud83c\udde6 Este martes (19), Brasil termina su presidencia del G20 con importantes avances hacia la construcci\u00f3n de un mundo m\u00e1s justo y sostenible. El pa\u00eds cedi\u00f3 oficialmente la presidencia del foro a Sud\u00e1frica, que le suceder\u00e1 en 2025.&nbsp;<a href=\"https:\/\/t.co\/NEMKU0Vfwo\">pic.twitter.com\/NEMKU0Vfwo<\/a>\u2014 G20 Brasil (@g20org)&nbsp;<a href=\"https:\/\/twitter.com\/g20org\/status\/1858954615397486839?ref_src=twsrc%5Etfw\">November 19, 2024<\/a><\/p>\n<\/blockquote>\n\n\n\n<p>La discusi\u00f3n de este martes, \u00faltimo d\u00eda de la cumbre, en el Museo de Arte Moderno de R\u00edo de Janeiro, gir\u00f3 en torno a los desaf\u00edos ambientales, la transici\u00f3n energ\u00e9tica y el desarrollo sostenible.<\/p>\n\n\n\n<p>\u201cEl G20 es responsable del 80 % de las emisiones de efecto invernadero\u201d, afirm\u00f3 Lula. \u201cAunque no caminemos a la misma velocidad, todos podemos dar un paso m\u00e1s\u201d, sigui\u00f3.<\/p>\n\n\n\n<p>Lula subray\u00f3 la \u201curgente necesidad\u201d de que los pa\u00edses del G20 \u201cadopten objetivos absolutos de reducci\u00f3n de emisiones para garantizar un futuro sostenible\u201d a las pr\u00f3ximas generaciones.<\/p>\n\n\n\n<p>Adem\u00e1s de una contribuci\u00f3n de 325 millones de d\u00f3lares para el fondo de tecnolog\u00eda limpia del Banco Mundial, el presidente estadounidense Joe&nbsp;<strong><a href=\"https:\/\/www.vozdeamerica.com\/a\/biden-insta-a-l%C3%ADderes-mundiales-a-aumentar-fondos-para-lucha-contra-cambio-clim%C3%A1tico\/7869715.html\" target=\"_blank\" rel=\"noreferrer noopener\"><em>Biden ha anunciado una serie de iniciativas<\/em>&nbsp;<\/a><\/strong>relacionadas con el clima<strong><a href=\"https:\/\/www.vozdeamerica.com\/a\/biden-insta-a-l%C3%ADderes-mundiales-a-aumentar-fondos-para-lucha-contra-cambio-clim%C3%A1tico\/7869715.html\" target=\"_blank\" rel=\"noreferrer noopener\">&nbsp;<\/a><\/strong>y el desarrollo. Pero muchos de ellos requerir\u00edan la aceptaci\u00f3n de Trump, quien se opone a tales proyectos y ha calificado la crisis clim\u00e1tica de \u201cenga\u00f1o\u201d.<\/p>\n\n\n\n<p>Casi todas las discusiones entre los l\u00edderes se dieron a puerta cerrada.<\/p>\n\n\n\n<h3 class=\"wp-block-heading\">Ucrania, en la agenda<\/h3>\n\n\n\n<p>El conflicto ucraniano volvi\u00f3 a la mesa, luego de que el ministro de Asuntos Exteriores de Rusia, Sergu\u00e9i Lavrov, prometi\u00f3 que su pa\u00eds dar\u00e1 una respuesta acorde a los recientes disparos de misiles estadounidenses de largo alcance desde Ucrania hacia Rusia.<\/p>\n\n\n\n<p>Los misiles \u201cson operados por expertos militares de Estados Unidos\u00bb, declar\u00f3 Lavrov en R\u00edo, considerando adem\u00e1s que \u00abse trata de una nueva fase de la guerra de Occidente contra Rusia y reaccionaremos en consecuencia\u00bb.<\/p>\n\n\n\n<p><a href=\"https:\/\/www.vozdeamerica.com\/a\/la-guerra-cumple-1-000-dias-entre-reportes-de-muertos-civiles-en-ucrania-ataque-con-misiles-a-rusia\/7869042.html\"><\/a><\/p>\n\n\n\n<p><a href=\"https:\/\/www.vozdeamerica.com\/a\/la-guerra-cumple-1-000-dias-entre-reportes-de-muertos-civiles-en-ucrania-ataque-con-misiles-a-rusia\/7869042.html\">Tambi\u00e9n lea<\/a><\/p>\n\n\n\n<h4 class=\"wp-block-heading\"><a href=\"https:\/\/www.vozdeamerica.com\/a\/la-guerra-cumple-1-000-dias-entre-reportes-de-muertos-civiles-en-ucrania-ataque-con-misiles-a-rusia\/7869042.html\">Ucrania ataca por primera vez a Rusia con misiles suministrados por EEUU<\/a><\/h4>\n\n\n\n<p>El presidente ruso, Vladimir Putin, no asisti\u00f3 a la cumbre y, en su lugar, estuvo Lavrov. Putin ha evitado cumbres similares desde que la Corte Penal Internacional (CPI) emitiera en marzo pasado una orden que obliga a los Estados miembros a arrestarlo.<\/p>\n\n\n\n<p>\u201cEstados Unidos apoya firmemente la soberan\u00eda y la integridad territorial de Ucrania. Todos en esta mesa, en mi opini\u00f3n, deber\u00edan hacer lo mismo\u201d, dijo Biden, el lunes.<\/p>\n\n\n\n<h3 class=\"wp-block-heading\">Gaza y un \u00abalto al fuego\u00bb<\/h3>\n\n\n\n<p>El lunes, los l\u00edderes del G20 se pusieron de acuerdo sobre la \u201cprofunda preocupaci\u00f3n por la catastr\u00f3fica situaci\u00f3n humanitaria en la Franja de Gaza\u201d.<\/p>\n\n\n\n<p>En el texto, los mandatarios pidieron con urgencia m\u00e1s ayuda y protecci\u00f3n para los civiles junto con un alto el fuego completo en Gaza y el L\u00edbano. El G20 apoya un \u201calto al fuego\u201d en Gaza y en el L\u00edbano, una \u201cpaz amplia, justa y duradera\u201d en Ucrania.<\/p>\n\n\n\n<h3 class=\"wp-block-heading\">Impuestos a los superricos<\/h3>\n\n\n\n<p>El G20 cooperar\u00e1n para que los llamado \u00absuperricos\u00bb paguen \u201cefectivamente\u201d impuestos, seg\u00fan la declaraci\u00f3n final, que fue publicada el lunes.<\/p>\n\n\n\n<p><video poster=\"https:\/\/gdb.voanews.com\/0d8d44f0-4beb-4457-8816-021524fcc8be_w650_r1.jpg\" src=\"blob:https:\/\/www.vozdeamerica.com\/be1cd026-20f3-418b-85cf-a826a4e91a7d\" height=\"381\" width=\"676\"><\/video><\/p>\n\n\n\n<h5 class=\"wp-block-heading\"><a href=\"https:\/\/www.vozdeamerica.com\/a\/de-brasil-a-sudafrica-el-g20-finalizo-en-rio-de-janeiro-piden-combatir-el-hambre-y-el-fin-de-las-guerras-\/7869885.html\" target=\"_blank\" rel=\"noreferrer noopener\">G20: Estos fueron los acuerdos que pactaron los l\u00edderes del mundo<\/a><\/h5>\n\n\n\n<ul class=\"wp-block-list\">\n<li><a href=\"https:\/\/facebook.com\/sharer.php?u=https%3a%2f%2fwww.vozdeamerica.com%2fa%2f7869885.html\" target=\"_blank\" rel=\"noreferrer noopener\">Comparta en Facebook<\/a><\/li>\n\n\n\n<li><a href=\"https:\/\/twitter.com\/share?url=https%3a%2f%2fwww.vozdeamerica.com%2fa%2f7869885.html&amp;text=G20%3a+Estos+fueron+los+acuerdos+que+pactaron+los+l%c3%adderes+del+mundo\" target=\"_blank\" rel=\"noreferrer noopener\">Comparta en Twitter<\/a><\/li>\n<\/ul>\n\n\n\n<hr class=\"wp-block-separator has-alpha-channel-opacity\"\/>\n\n\n\n<p><a href=\"https:\/\/www.vozdeamerica.com\/embed\/player\/Article\/7869885.html?type=video&amp;FullScreenMode=True\" target=\"_blank\" rel=\"noreferrer noopener\"><\/a><\/p>\n\n\n\n<p>&nbsp;Descargar&nbsp;<\/p>\n\n\n\n<p>La declaraci\u00f3n suger\u00eda tambi\u00e9n fiscalizar a los multimillonarios a nivel mundial, lo que afectar\u00eda a unas 3.000 personas.<\/p>\n\n\n\n<p>El gobierno de Brasil destac\u00f3 que el lanzamiento por parte de Lula de una alianza global contra el hambre y la pobreza el lunes fue tan importante como la declaraci\u00f3n final del G20.<\/p>\n\n\n\n<h3 class=\"wp-block-heading\">Llamados para que ONU sea m\u00e1s \u00abeficiente\u00bb<\/h3>\n\n\n\n<p>El Grupo tambi\u00e9n se comprometi\u00f3 a trabajar en una \u201creforma transformadora\u201d del Consejo de Seguridad de la ONU, \u201chaci\u00e9ndolo m\u00e1s representativo, inclusivo, eficiente, efectivo, democr\u00e1tico y responsable\u201d.<\/p>\n\n\n\n<p>Sin embargo, la declaraci\u00f3n no precisa la forma que deber\u00eda tomar la reforma.<\/p>\n","protected":false},"excerpt":{"rendered":"<p>Los mandatarios de las naciones con las 20 econom\u00edas m\u00e1s importantes del mundo, entre ellos Joe Biden, de EEUU, y Luiz In\u00e1cio Lula da Silva, de Brasil, el pa\u00eds anfitri\u00f3n, posan para la foto grupal de su cumbre en R\u00edo de Janeiro, el 19 de noviembre de 2024. noviembre 19, 2024 &nbsp;Vea comentarios Brasil traspas\u00f3 [&hellip;]<\/p>\n","protected":false},"author":28,"featured_media":575942,"comment_status":"closed","ping_status":"closed","sticky":true,"template":"","format":"standard","meta":{"footnotes":""},"categories":[36,18,23,27],"tags":[],"class_list":["post-575941","post","type-post","status-publish","format-standard","has-post-thumbnail","hentry","category-hombresmujeresycosas","category-economia","category-internacional","category-portada"],"_links":{"self":[{"href":"https:\/\/diariodominicano.com\/index.php?rest_route=\/wp\/v2\/posts\/575941","targetHints":{"allow":["GET"]}}],"collection":[{"href":"https:\/\/diariodominicano.com\/index.php?rest_route=\/wp\/v2\/posts"}],"about":[{"href":"https:\/\/diariodominicano.com\/index.php?rest_route=\/wp\/v2\/types\/post"}],"author":[{"embeddable":true,"href":"https:\/\/diariodominicano.com\/index.php?rest_route=\/wp\/v2\/users\/28"}],"replies":[{"embeddable":true,"href":"https:\/\/diariodominicano.com\/index.php?rest_route=%2Fwp%2Fv2%2Fcomments&post=575941"}],"version-history":[{"count":2,"href":"https:\/\/diariodominicano.com\/index.php?rest_route=\/wp\/v2\/posts\/575941\/revisions"}],"predecessor-version":[{"id":575945,"href":"https:\/\/diariodominicano.com\/index.php?rest_route=\/wp\/v2\/posts\/575941\/revisions\/575945"}],"wp:featuredmedia":[{"embeddable":true,"href":"https:\/\/diariodominicano.com\/index.php?rest_route=\/wp\/v2\/media\/575942"}],"wp:attachment":[{"href":"https:\/\/diariodominicano.com\/index.php?rest_route=%2Fwp%2Fv2%2Fmedia&parent=575941"}],"wp:term":[{"taxonomy":"category","embeddable":true,"href":"https:\/\/diariodominicano.com\/index.php?rest_route=%2Fwp%2Fv2%2Fcategories&post=575941"},{"taxonomy":"post_tag","embeddable":true,"href":"https:\/\/diariodominicano.com\/index.php?rest_route=%2Fwp%2Fv2%2Ftags&post=575941"}],"curies":[{"name":"wp","href":"https:\/\/api.w.org\/{rel}","templated":true}]}}