{"id":575930,"date":"2024-11-20T09:01:39","date_gmt":"2024-11-20T13:01:39","guid":{"rendered":"https:\/\/diariodominicano.com\/?p=575930"},"modified":"2024-11-20T11:03:28","modified_gmt":"2024-11-20T15:03:28","slug":"nadal-se-despide-del-tenis-tras-la-eliminacion-de-espana-en-copa-davis","status":"publish","type":"post","link":"https:\/\/diariodominicano.com\/?p=575930","title":{"rendered":"Nadal se despide del tenis tras la eliminaci\u00f3n de Espa\u00f1a en Copa Davis"},"content":{"rendered":"\n<p>diariodominicano.com<\/p>\n\n\n\n<p>MADRID, 20 nov (Xinhua) &#8212; El tenista espa\u00f1ol Rafael Nadal, 22 veces campe\u00f3n de Grand Slam, puso fin a su carrera profesional el martes tras su derrota por un doble 6-4 ante Botic van de Zandschulp, en la eliminaci\u00f3n de Espa\u00f1a. frente a Pa\u00edses Bajos en la Copa Davis. El p\u00fablico grit\u00f3 \u00abRafa, Rafa, Rafa\u00bb y el jugador, de 38 a\u00f1os, llor\u00f3 mientras se proyectaba un video con los mejores momentos de su carrera. \u00abLos t\u00edtulos, los n\u00fameros est\u00e1n ah\u00ed, la gente probablemente lo sabe eso, pero el modo en el que me gustar\u00eda que se me recordase m\u00e1s es como una buena persona, de un peque\u00f1o pueblo de Mallorca. Solo un ni\u00f1o que sigui\u00f3 sus sue\u00f1os, que trabaj\u00f3 lo m\u00e1s duro posible (&#8230;) He tenido mucha suerte\u00bb, dijo Nadal en una ceremonia posterior al partido, realizada en la cancha en honor a su retiro. El zurdo manacorense, que se hizo profesional en 2001, domin\u00f3 en Roland Garros con un r\u00e9cord de 14 t\u00edtulos. Tambi\u00e9n gan\u00f3 cuatro veces el Abierto de Estados Unidos y en dos ocasiones lo hizo, tanto en Australia como en Wimbledon. Nadal ha sido una figura destacada del tenis masculino durante m\u00e1s de una d\u00e9cada, conocido como uno de los \u00abtres grandes\u00bb de este deporte, junto con el suizo Roger Federer y el serbio Novak Djokovic. El espa\u00f1ol pas\u00f3 un total de 209 semanas al frente de la clasificaci\u00f3n mundial de la ATP y termin\u00f3 el n\u00famero uno del a\u00f1o en cinco oportunidades.<\/p>\n","protected":false},"excerpt":{"rendered":"<p>diariodominicano.com MADRID, 20 nov (Xinhua) &#8212; El tenista espa\u00f1ol Rafael Nadal, 22 veces campe\u00f3n de Grand Slam, puso fin a su carrera profesional el martes tras su derrota por un doble 6-4 ante Botic van de Zandschulp, en la eliminaci\u00f3n de Espa\u00f1a. frente a Pa\u00edses Bajos en la Copa Davis. El p\u00fablico grit\u00f3 \u00abRafa, Rafa, [&hellip;]<\/p>\n","protected":false},"author":5,"featured_media":575958,"comment_status":"closed","ping_status":"closed","sticky":true,"template":"","format":"standard","meta":{"footnotes":""},"categories":[17,27],"tags":[],"class_list":["post-575930","post","type-post","status-publish","format-standard","has-post-thumbnail","hentry","category-deportes","category-portada"],"_links":{"self":[{"href":"https:\/\/diariodominicano.com\/index.php?rest_route=\/wp\/v2\/posts\/575930","targetHints":{"allow":["GET"]}}],"collection":[{"href":"https:\/\/diariodominicano.com\/index.php?rest_route=\/wp\/v2\/posts"}],"about":[{"href":"https:\/\/diariodominicano.com\/index.php?rest_route=\/wp\/v2\/types\/post"}],"author":[{"embeddable":true,"href":"https:\/\/diariodominicano.com\/index.php?rest_route=\/wp\/v2\/users\/5"}],"replies":[{"embeddable":true,"href":"https:\/\/diariodominicano.com\/index.php?rest_route=%2Fwp%2Fv2%2Fcomments&post=575930"}],"version-history":[{"count":1,"href":"https:\/\/diariodominicano.com\/index.php?rest_route=\/wp\/v2\/posts\/575930\/revisions"}],"predecessor-version":[{"id":575960,"href":"https:\/\/diariodominicano.com\/index.php?rest_route=\/wp\/v2\/posts\/575930\/revisions\/575960"}],"wp:featuredmedia":[{"embeddable":true,"href":"https:\/\/diariodominicano.com\/index.php?rest_route=\/wp\/v2\/media\/575958"}],"wp:attachment":[{"href":"https:\/\/diariodominicano.com\/index.php?rest_route=%2Fwp%2Fv2%2Fmedia&parent=575930"}],"wp:term":[{"taxonomy":"category","embeddable":true,"href":"https:\/\/diariodominicano.com\/index.php?rest_route=%2Fwp%2Fv2%2Fcategories&post=575930"},{"taxonomy":"post_tag","embeddable":true,"href":"https:\/\/diariodominicano.com\/index.php?rest_route=%2Fwp%2Fv2%2Ftags&post=575930"}],"curies":[{"name":"wp","href":"https:\/\/api.w.org\/{rel}","templated":true}]}}