{"id":57592,"date":"2020-11-01T01:10:01","date_gmt":"2020-11-01T01:10:01","guid":{"rendered":"http:\/\/diariodominicano.ddns.net\/?p=57592"},"modified":"2020-11-01T01:10:01","modified_gmt":"2020-11-01T01:10:01","slug":"del-legado-de-juan-bosch-2","status":"publish","type":"post","link":"https:\/\/diariodominicano.com\/?p=57592","title":{"rendered":"Del legado de Juan Bosch"},"content":{"rendered":"<p><body><\/p>\n<p><img decoding=\"async\" src=\"img3\/Juan-Bosch-Gavino 1.jpg\" \/>  <\/p>\n<p><strong><span class=\"text1noticias\">Diariodominicano.com<\/span><\/strong><\/p>\n<p><strong><span class=\"text1noticias\">El  legado de Juan Bosch<\/span><\/strong><\/p>\n<\/p>\n<p><strong><span class=\"text1noticias\">Dedic\u00f3 su vida al servicio de lo que fue en \u00e9l un ideal permanente: una sociedad en la que la desigualdad social y la  pobreza no constituyan una barrera que impida el desarrollo humano.   Su sensibilidad social y amor por la libertad lo llev\u00f3 a la pol\u00edtica, actividad que calific\u00f3 como el patricio Juan Pablo Duarte: \u00abla ciencia m\u00e1s pura despu\u00e9s de la filosof\u00eda\u00bb y en su opini\u00f3n un instrumento para servir a la patria.<\/span><\/strong><\/p>\n<\/p>\n<p><strong><span class=\"text1noticias\">Por H\u00e9ctor Tineo Nolasco<\/span><\/strong><\/p>\n<p><strong><span class=\"text1noticias\">Diariodominicano.com<\/span><\/strong><\/p>\n<\/p>\n<p><strong><span class=\"text1noticias\">SANTO DOMINGO, Juan Bosch falleci\u00f3  el 1 de noviembre de 2001.<\/span><\/strong><span class=\"text1noticias\"> A 19 a\u00f1os del acontecimiento Juan Bosch es un referente para los que quieren aprender de la ciencia pol\u00edtica. \u00abHagamos que el Partido se supere ampliando la mente pol\u00edtica de nuestros hombres, mejorando sus condiciones de tal manera que podamos hacer un l\u00edder de cada uno de ellos, un l\u00edder capaz de producir ideas pol\u00edticas y tambi\u00e9n capaz de ponerlas en pr\u00e1ctica dentro de un m\u00e9todo de trabajo partidista, no personal\u00bb.<\/span><\/p>\n<\/p>\n<p><span class=\"text1noticias\">Dedic\u00f3 su vida al servicio de lo que fue en \u00e9l un ideal permanente: una sociedad en la que la desigualdad social y la  pobreza no constituyan una barrera que impida el desarrollo humano.   Su sensibilidad social y amor por la libertad lo llev\u00f3 a la pol\u00edtica, actividad que calific\u00f3 como el patricio Juan Pablo Duarte: \u00abla ciencia m\u00e1s pura despu\u00e9s de la filosof\u00eda\u00bb y en su opini\u00f3n un instrumento para servir a la patria.<\/span><\/p>\n<\/p>\n<p><span class=\"text1noticias\">Bosch naci\u00f3 el 30 de junio de 1909, en La Vega, hijo de Jos\u00e9 Bosch Subir\u00e1ts  y Angela Gavi\u00f1o Costales. Se destac\u00f3  como novelista, cuentista y pol\u00edtico. Fue reconocido como  maestro de la narrativa por escritores latinoamericanos, incluido el premio nobel de literatura Gabriel Garc\u00eda M\u00e1rquez.<\/span><\/p>\n<\/p>\n<p><span class=\"text1noticias\">Naci\u00f3 en d\u00edas dif\u00edciles. Menos de 10 a\u00f1os antes se hab\u00eda producido el asesinato del dictador Ulises ?Lil\u00eds- Heureaux, el 26 de julio de 1899, en la ciudad de Moca. Y el 19 de noviembre de 1911, hab\u00eda sido asesinado el presidente Ram\u00f3n ?Mon- C\u00e1ceres.<\/span><\/p>\n<\/p>\n<p><span class=\"text1noticias\">En  1907 el Gobierno dominicano  hab\u00eda suscrito la Convenci\u00f3n de 1907, en virtud de la cual las aduanas de la Rep\u00fablica Dominicana pasaron al control del Gobierno de Estados Unidos. Eran los d\u00edas de las luchas intestinas y de la pobreza extrema en los campos y ciudades dominicanas.<\/span><\/p>\n<\/p>\n<p><span class=\"text1noticias\">     Por su rechazo a  la dictadura de Rafael Le\u00f3nidas Trujillo Molina,  tuvo que vivir durante m\u00e1s de 23 a\u00f1os exiliado en varios pa\u00edses latinoamericanos y del Caribe.<\/span><\/p>\n<\/p>\n<p><span class=\"text1noticias\">     En la Habana, Cuba, encabez\u00f3 al grupo de exiliados que fundaron el Partido Revolucionario Dominicano (PRD)  en el a\u00f1o 1939. Tras regresar al pa\u00eds el 20 de octubre 1961, se convirti\u00f3 en el l\u00edder del PRD y fue su primer candidato presidencial.<\/span><\/p>\n<p><span class=\"text1noticias\"> <\/span><\/p>\n<p><span class=\"text1noticias\">   \tLas elecciones organizadas por el Consejo de Estado, presidido por el licenciado Rafael F. Bonelly, terminaron con la victoria del Partido Revolucionario Dominicano, que obtuvo  619 mil 491 para las candidaturas de Bosch y Gonz\u00e1lez Tamayo y para los candidatos congresuales  y municipales, 592 mil 88.<\/span><\/p>\n<\/p>\n<p><span class=\"text1noticias\">Uni\u00f3n C\u00edvica Nacional, que llev\u00f3 como candidato presidencial a su l\u00edder, el  doctor Viriato Fiallo, el principal adversario de Bosch,  logr\u00f3 317 mil 327 para las candidaturas nacionales y para las congresuales  y municipales 315 mil 371.<\/span><\/p>\n<\/p>\n<p><strong><span class=\"text1noticias\">El m\u00e1s votado<\/span><\/strong><\/p>\n<\/p>\n<p><span class=\"text1noticias\">          Bosch y Armando  Gonz\u00e1lez  Tamayo, ganaron con el 59.53 por ciento de los votos echados en las urnas, el porcentaje m\u00e1s alto que ha logrado un binomio en la historia electoral de la Rep\u00fablica Dominicana. No obstante, los enemigos de  Bosch desencadenaron un plan conspirativo para acabar con la expresi\u00f3n de la voluntad popular.<\/span><\/p>\n<\/p>\n<p><span class=\"text1noticias\">      Los  grupos conservadores que acusaban a Bosch de comunista, se aliaron y con el apoyo del Gobierno de Estados Unidos, del presidente Jhonn F Kennedy, derrocaron su  Gobierno el 25 de septiembre de 1963, lo que  produjo  como consecuencia en Rep\u00fablica Dominicana, un r\u00e9gimen intolerante,  la guerrilla de 1963  y la guerra de abril de 1965.<\/span><\/p>\n<\/p>\n<p><span class=\"text1noticias\">     Bosch y Gonz\u00e1lez Tamayo  se impusieron a los obst\u00e1culos. En \u00abCrisis de la Democracia de Am\u00e9rica en la Rep\u00fablica Dominicana\u00bb, el profesor Bosch anota:<\/span><\/p>\n<\/p>\n<p><span class=\"text1noticias\">    \u00abA medida que avanzaba el mes de noviembre y se sent\u00eda f\u00edsicamente el crecimiento del PRD, comenzaron a aparecer los trucos que hab\u00edan sido elaborados por los c\u00edvicos a trav\u00e9s de su \u00f3rgano de Gobierno, que era el Consejo de  Estado. La Junta Central Electoral dijo que no habr\u00eda votos de colores, y cuando los abogados perrede\u00edstas revisaron la Ley Electoral se hallaron con el art\u00edculo m\u00e1s curioso que jam\u00e1s hab\u00eda habido en ley alguna, un p\u00e1rrafo que dec\u00eda m\u00e1s o menos lo siguiente: &#8216;los votos ser\u00e1n de colores, un color para cada partido, pero la Junta Central Electoral puede disponer que sean todos de un mismo color&#8217;.  Mandar algo y autorizar lo contrario en un mismo art\u00edculo es un aut\u00e9ntico &#8216;cr\u00e9alo o no lo crea&#8217; en la historia de la legislaci\u00f3n universal\u00bb.<\/span><\/p>\n<\/p>\n<p><span class=\"text1noticias\">    \t Bosch record\u00f3 que la situaci\u00f3n hizo crisis porque el alto mando militar le advirti\u00f3 al Consejo de Estado que si no hab\u00eda elecciones el 20 de diciembre, tomar\u00edan el poder el 27 de febrero de 1963, tal como lo dice la Constituci\u00f3n.<\/span><\/p>\n<\/p>\n<p><span class=\"text1noticias\">    \tBosch anota que el Consejo de Estado se pleg\u00f3 a la voluntad de los militares. El  Presidente de la Junta Central Electoral, fue llamado al Palacio Nacional y al d\u00eda siguiente se dio la noticia de que habr\u00eda votos de colores, aunque cuatro partidos tendr\u00edan el voto blanco, lo que en opini\u00f3n del candidato presidencial del PRD, ten\u00eda el prop\u00f3sito de afectarlo.<\/span><\/p>\n<\/p>\n<p><span class=\"text1noticias\">    Desde antes de la toma de posesi\u00f3n, los enemigos de Juan Bosch y el PRD  comenzaron a agruparse  hasta lograr un frente que uni\u00f3 a pol\u00edticos, empresarios y militares, terratenientes, con  el benepl\u00e1cito del Gobierno estadounidense del presidente Kennedy, pues Bosch era acusado de comunista. <\/span><\/p>\n<\/p>\n<p><span class=\"text1noticias\">     Los empresarios  formaron el Consejo Nacional de Hombres de Empresa, con el objetivo de contribuir a derrocar al Gobierno constitucional.<\/span><\/p>\n<\/p>\n<p><span class=\"text1noticias\">      Su primer presidente, el  licenciado Jos\u00e9 Ernesto Garc\u00eda Aybar, en una entrevista que concedi\u00f3 al historiador Frank Moya Pons, cuyos detalles revela en su obra Empresarios en Conflictos, le confes\u00f3 que la organizaci\u00f3n fue creada para \u00abtumbar\u00bb  el Gobierno de Juan Bosch.<\/span><\/p>\n<\/p>\n<p><span class=\"text1noticias\">     El Presidente Bosch y el Vicepresidente Gonz\u00e1lez Tamayo, tomaron posesi\u00f3n el 27 de febrero de 1963.<\/span><\/p>\n<\/p>\n<p><span class=\"text1noticias\">    El acto reuni\u00f3 a personalidades del mundo democr\u00e1tico, entre los que se encontraron el Presidente de Venezuela, R\u00f3mulo Betancourt, el vicepresidente de Estados Unidos, Lindon B. Johnson y el Presidente del Estado Libre Asociado de Puerto Rico, Luis Mu\u00f1oz Mar\u00edn.<\/span><\/p>\n<\/p>\n<p><strong><span class=\"text1noticias\">La influencia de Eugenio Mar\u00eda de Hostos<\/span><\/strong><\/p>\n<\/p>\n<p><span class=\"text1noticias\">    <strong>  Cuando regres\u00f3 del exilio, Bosch, era un hombre marcado por el pensamiento hostosiano:<\/strong><\/span><\/p>\n<\/p>\n<p><span class=\"text1noticias\">\u00abSi mi vida llegara a ser tan importante que se justificara alg\u00fan                                                                       d\u00eda escribir sobre ella, habr\u00eda que empezar diciendo: Naci\u00f3 en La Vega, Rep\u00fablica Dominicana, el 30 de junio de 1909, y volvi\u00f3 a nacer en San Juan de Puerto Rico a principios de 1938, cuando la lectura de los originales de Eugenio Mar\u00eda de Hostos le permiti\u00f3 conocer qu\u00e9 fuerzas mueven, y como las mueven, el alma de un hombre consagrado al servicio de los dem\u00e1s\u00bb.<\/span><\/p>\n<\/p>\n<p><span class=\"text1noticias\">     En el discurso que pronunci\u00f3 luego de recibir la banda presidencial, expres\u00f3 su pensamiento democr\u00e1tico y su meta de alcanzar un estado de justicia social en la Rep\u00fablica Dominicana. Una novedad en una sociedad marcada por el autoritarismo, que quisieron continuar los que tomaron el poder pol\u00edtico y militar al caer la dictadura de Trujillo.<\/span><\/p>\n<\/p>\n<p><span class=\"text1noticias\">  Se trataba de gente que con sus actos demostr\u00f3 que su problema no era la dictadura, sino su imposibilidad de disfrutar de los privilegios de los beneficiarios de la tiran\u00eda. El  Presidente  Bosch, con su mensaje democr\u00e1tico, los inquiet\u00f3 y con el pretexto de que era comunista desataron sus planes golpistas.<\/span><\/p>\n<\/p>\n<p><span class=\"text1noticias\">    Entre sus primeras frases en la toma de posesi\u00f3n Bosch dej\u00f3 claro que en una sociedad democr\u00e1tica no pueden existir privilegios para \u00e9lites de la sociedad.<\/span><\/p>\n<\/p>\n<p><span class=\"text1noticias\">Dijo a los  nuevos miembros del Congreso Nacional  que de ellos el pueblo dominicano espera que contribuyan a que logremos un espacio en el conjunto de naciones democr\u00e1ticas avanzadas.<\/span><\/p>\n<p><span class=\"text1noticias\"> <\/span><\/p>\n<p><span class=\"text1noticias\">    En su discurso de toma de posesi\u00f3n el 27 de febrero de 1963, el Presidente Bosch consider\u00f3  que los dominicanos y dominicanas debemos hacer un uso inteligente de los recursos pol\u00edticos e invit\u00f3 a emular a los padres fundadores de la Rep\u00fablica.<\/span><\/p>\n<\/p>\n<p><span class=\"text1noticias\">    Contrario al plan de sus adversarios  pol\u00edticos, Juan Bosch, deseaba la paz pol\u00edtica en la Rep\u00fablica Dominicana. Pensaba hab\u00eda llegado la hora de olvidar los odios.<\/span><\/p>\n<\/p>\n<p><span class=\"text1noticias\">  Sustentaba el criterio de que un gobernante democr\u00e1tico tiene que tener el o\u00eddo atento para escuchar la verdad. Cifr\u00f3 la confianza en el porvenir y dijo  que los dominicanos debemos unirnos a los que trabajan y piensan en el  porvenir.<\/span><\/p>\n<\/p>\n<p><span class=\"text1noticias\"> No obstante,  sus palabras en lugar de provocar la reflexi\u00f3n de sus adversarios pol\u00edticos, los estimul\u00f3 para continuar su campa\u00f1a contra el Gobierno e insistieron en  acusarlo de comunista.<\/span><\/p>\n<\/p>\n<p><strong><span class=\"text1noticias\">La reforma constitucional para la democracia<\/span><\/strong><\/p>\n<\/p>\n<p><span class=\"text1noticias\">     El Presidente Bosch y el Congreso Nacional, lograron reformar la Constituci\u00f3n de la Rep\u00fablica de la Era de Trujillo. Tras  su promulgaci\u00f3n de nuevo el pa\u00eds logr\u00f3  una Carta Magna que consagraba las libertades p\u00fablicas y derechos sociales.<\/span><\/p>\n<\/p>\n<p><span class=\"text1noticias\">     La Constituci\u00f3n de 1963, hizo recordar la primera Constituci\u00f3n Democr\u00e1tica que se dio el pa\u00eds como fruto de la revoluci\u00f3n liberal del 7 de julio de 1857, la cual fue votada en Moca, en 1858.<\/span><\/p>\n<\/p>\n<p><span class=\"text1noticias\">    La acusaci\u00f3n de comunista contra el Gobierno Constitucional, se reforzar\u00eda cuando el Presidente  Bosch se neg\u00f3 a aceptar las presiones para que deportara  a un grupo de dominicanos que eran acusados de comunistas.<\/span><\/p>\n<\/p>\n<p><span class=\"text1noticias\">    En ese momento la acusaci\u00f3n era lo peor  porque la \u00abGuerra Fr\u00eda\u00bb estaba al rojo vivo, en raz\u00f3n de que Estados Unidos tem\u00eda que surgiera otra Cuba en el Caribe.<\/span><\/p>\n<\/p>\n<p><span class=\"text1noticias\">    En el libro \u00abCrisis de la Democracia de Am\u00e9rica en la Rep\u00fablica Dominicana\u00bb, apunta:<\/span><\/p>\n<\/p>\n<p><span class=\"text1noticias\"> \u00abLos tutumpotes c\u00edvicos hab\u00edan perdido la batalla de los  trucos legales; entonces se dedicaron con toda el alma a echar las bases pol\u00edticas del golpe de Estado que lograron dar, al fin, el 25 de septiembre de 1963\u00bb.<\/span><\/p>\n<\/p>\n<p><span class=\"text1noticias\">    De los militares anota: \u00abEn noviembre de 1962, los jefes militares quer\u00edan seguridad, y la pod\u00edan obtener haci\u00e9ndose pasar por defensores de la Constituci\u00f3n; en septiembre de 1963, quer\u00edan ventajas que un Gobierno constitucional no pod\u00eda darles, y en ese caso la Constituci\u00f3n era un estorbo.<\/span><\/p>\n<\/p>\n<p><strong><span class=\"text1noticias\">Golpistas siguen adelante<\/span><\/strong><\/p>\n<\/p>\n<p><span class=\"text1noticias\">    Respecto al rol de la Iglesia Cat\u00f3lica, Bosch destaca: El padre L\u00e1utico Garc\u00eda admiti\u00f3 que yo no era comunista, pero los sacerdotes que hab\u00edan tomado la vanguardia en la ofensiva contra el PRD no cejaron un paso\u00bb. Siguieron sus posiciones hasta despu\u00e9s de la ca\u00edda del Gobierno.<\/span><\/p>\n<\/p>\n<p><span class=\"text1noticias\">    El golpe de Estado fue antecedido por una huelga general que organizaron los empresarios durante los d\u00edas 20 y 21 de septiembre de 1963. Y por un deterioro de las relaciones dom\u00ednico-haitianas.<\/span><\/p>\n<\/p>\n<p><span class=\"text1noticias\">    Todo comenz\u00f3 cuando el Presidente  Bosch recibi\u00f3 la informaci\u00f3n de que en el pa\u00eds exist\u00eda un campo de entrenamiento de enemigos del dictador  Francois  Duvaliere, sin el conocimiento del Presidente dominicano, porque el Gobierno estadounidense  deseaba derrocar al dictador haitiano porque pensaba  era comunista.<\/span><\/p>\n<\/p>\n<p><span class=\"text1noticias\">Bosch dijo en una entrevista el 21 de abril de 1977, que el Gobierno de John F. Kennedy pensaba que Francois Duvaliere, se hab\u00eda convertido en un comunista porque recibi\u00f3 en Puerto Pr\u00edncipe a un funcionario del Gobierno polaco.<\/span><\/p>\n<\/p>\n<p><span class=\"text1noticias\">   Por ello, traz\u00f3 un plan contra Duvaliere, llamado Pap\u00e1 Doc, el cual ser\u00eda dirigido por un enemigo suyo el ex general Le\u00f3n Cantave, quien hab\u00eda huido de Hait\u00ed.<\/span><\/p>\n<\/p>\n<p><span class=\"text1noticias\">    Bosch se enter\u00f3 por una informaci\u00f3n que public\u00f3 El Caribe, de que Cantave,  tocaba el territorio nacional y que sus hombres se entrenar\u00edan en alg\u00fan lugar de la Rep\u00fablica Dominicana.<\/span><\/p>\n<\/p>\n<p><span class=\"text1noticias\">Bosch entiende que ese hecho y la investigaci\u00f3n que orden\u00f3,  llevaron al Gobierno de Estados Unidos, a apoyar el golpe de Estado contra su Gobierno el 25 de septiembre de 1963.<\/span><\/p>\n<\/p>\n<p><strong><span class=\"text1noticias\">Golpistas forman triunvirato<\/span><\/strong><\/p>\n<\/p>\n<p><span class=\"text1noticias\">       Tras el  atentado a la Constituci\u00f3n de la Rep\u00fablica, el 25 de septiembre de 1963, los  golpistas formaron un triunvirato presidido por el licenciado Emilio de los Santos, quien renunci\u00f3 al conocer la noticia del fusilamiento del doctor Manuel Aurelio Tav\u00e1rez Justo y un grupo de sus compa\u00f1eros de la guerrilla del Movimiento Revolucionario 14 de junio, en noviembre de 1963.<\/span><\/p>\n<\/p>\n<p><span class=\"text1noticias\">   A partir de ese acontecimiento, en el pa\u00eds se recrudeci\u00f3 la intolerancia pol\u00edtica y muchos dominicanos fueron perseguidos por sus ideas pol\u00edticas y otros deportados.<\/span><\/p>\n<\/p>\n<p><span class=\"text1noticias\">   En 1963 la acusaci\u00f3n contra los que no apoyaban el Gobierno de facto era la de agentes del comunismo. El Golpe de Estado tuvo como consecuencia la guerrilla de 1963, liderada por Manolo Tav\u00e1rez Justo, quien fue  fusilado junto a sus compa\u00f1eros en Las Manaclas; y la Guerra de Abril de 1965, en la que murieron miles de dominicanos y provoc\u00f3 la segunda intervenci\u00f3n militar de Estados Unidos en el siglo XX contra la Rep\u00fablica Dominicana.<\/span><\/p>\n<\/p>\n<p><span class=\"text1noticias\">     La  \u00abGuerra de Abril de 1965&#8243; termin\u00f3 el 3 de septiembre de  1965\u00bb, con la juramentaci\u00f3n del Presidente Provisional  H\u00e9ctor Garc\u00eda-Godoy. Termin\u00f3  termin\u00f3 el per\u00edodo de los dos gobiernos que surgieron en Mayo de 1965, y tom\u00f3 posesi\u00f3n como Presidente Provisional,  H\u00e9ctor Garc\u00eda-Godoy C\u00e1ceres.    <\/span><\/p>\n<\/p>\n<p><span class=\"text1noticias\">     La selecci\u00f3n de H\u00e9ctor Garc\u00eda-Godoy C\u00e1ceres, un diplom\u00e1tico de carrera nativo de Estancia Nueva, Moca,  fue el fruto de intensas negociaciones entre las partes en conflicto con la participaci\u00f3n de la representaci\u00f3n de Estados Unidos, ante la Organizaci\u00f3n de los Estados Americanos (OEA).<\/span><\/p>\n<\/p>\n<p><span class=\"text1noticias\">     Durante el per\u00edodo Mayo-Septiembre, el pa\u00eds tuvo dos gobiernos: El Gobierno \u00abConstitucionalista\u00bb, presidido por el Coronel Francisco Alberto Caama\u00f1o De\u00f1\u00f3, l\u00edder de las fuerzas que luchaban por el retorno a la Constitucionalidad  interrumpida por el golpe de Estado contra el Presidente Bosch, el 25 de septiembre de 1963; y el  \u00abGobierno de Reconstrucci\u00f3n Nacional\u00bb, encabezado por el general Antonio Imbert Barreras, quien lideraba a los  sectores militares y civiles que se unieron para derrocar el Gobierno de Bosch.<\/span><\/p>\n<\/p>\n<p><span class=\"text1noticias\">    El \u00abGobierno Constitucionalista\u00bb luchaba por el retorno de Bosch al poder sin elecciones, porque  su Gobierno fue derrocado a los siete meses.<\/span><\/p>\n<\/p>\n<p><span class=\"text1noticias\">    En cambio,  el r\u00e9gimen de facto encabezado por Imbert Barreras, se destacaba por su lucha contra el comunismo.<\/span><\/p>\n<\/p>\n<p><span class=\"text1noticias\">   Para dar paso al Presidente provisional  de Garc\u00eda-Godoy, los presidentes Caama\u00f1o e Imbert Barreras, presentaron renuncia.<\/span><\/p>\n<\/p>\n<p><span class=\"text1noticias\">     Garc\u00eda-Godoy fue juramentado para que ejecutara el acuerdo convenido por las partes en conflicto, seg\u00fan el cual deb\u00eda celebrar elecciones generales el d\u00eda 1 de junio de 1966.<\/span><\/p>\n<\/p>\n<p><span class=\"text1noticias\">    En las negociaciones los constitucionalistas lograron con la OEA la redacci\u00f3n de un \u00abActo Institucional\u00bb basado en la Constituci\u00f3n de 1963 y suscribieron el  \u00abActa de Reconciliaci\u00f3n\u00bb, el 3 de septiembre de 1965.<\/span><\/p>\n<\/p>\n<p><span class=\"text1noticias\">         El golpe de Estado de 1963, frustr\u00f3 el primer Gobierno democr\u00e1tico que se dio el pa\u00eds tras  la ca\u00edda de Trujillo. Y ech\u00f3 por el suelo una agenda que inclu\u00eda acciones para superar las deficiencias de los servicios de electricidad, agua potable y ampliar los servicios de salud y educaci\u00f3n.<\/span><\/p>\n<\/p>\n<p><strong><span class=\"text1noticias\">Maestro de la Pol\u00edtica dominicana<\/span><\/strong><\/p>\n<\/p>\n<p><span class=\"text1noticias\">   Bosch se mantuvo como l\u00edder del PRD hasta el a\u00f1o 1973, cuando abandon\u00f3 esa organizaci\u00f3n y fund\u00f3 el Partido de la Liberaci\u00f3n Dominicana (PLD), el cual gan\u00f3 las elecciones presidenciales del 30 de junio de 1996, con el binomio Leonel Fern\u00e1ndez-Jaime David Fern\u00e1ndez Mirabal. <\/span><\/p>\n<\/p>\n<p><span class=\"text1noticias\">De igual modo, triunf\u00f3 en primera vuelta  en los  comicios del 16 de mayo de 2004 y 16 de mayo de 2008, con el binomio Leonel Fern\u00e1ndez-Rafael Alburquerque. Y en las elecciones generales de Mayo de 2012, con el binomio Danilo Medina-Margarita Cede\u00f1o de Fern\u00e1ndez.<\/span><\/p>\n<\/p>\n<p><span class=\"text1noticias\">Tras  la reforma constitucional de 1994, que estableci\u00f3 que para alcanzar la presidencia de la Rep\u00fablica,  en primera vuelta el ganador debe obtener 50% y m\u00e1s, los candidatos del PLD son los \u00fanicos que lo han logrado.<\/span><\/p>\n<\/p>\n<p><span class=\"text1noticias\">En 2000, el candidato presidencial del PRD, Hip\u00f3lito Mej\u00eda fue declarado ganador de los comicios con menos del 50% de los votos por la Junta Central Electoral, en vista del retiro de los candidatos del PRSC, Joaqu\u00edn Balaguer  y Danilo Medina, del PLD.<\/span><\/p>\n<p><span class=\"text1noticias\"><strong>Maestro de la pol\u00edtica<\/strong><\/span><\/p>\n<\/p>\n<p><span class=\"text1noticias\">    Bosch considerado un educador de la pol\u00edtica, fue honrado por el Congreso Nacional, como Maestro de la Pol\u00edtica Dominicana.<\/span><\/p>\n<\/p>\n<p><span class=\"text1noticias\">    El  fallecimiento de Juan Bosch,  el  1 de noviembre de 2001, fue una p\u00e9rdida para Rep\u00fablica Dominicana. Queda su legado. Entre sus m\u00e1s de 50 obras se destacan Cuentos Escritos Antes del Exilio, Cuentos Escritos Despu\u00e9s del Exilio y las novelas La Ma\u00f1osa y El Oro y la Paz. Son partes del legado de Juan Bosch, humanista y maestro de la pol\u00edtica.<\/span><\/p>\n<\/p>\n<p><span class=\"text1noticias\">\u00ab(&#8230;) <strong>la verdad es que la importancia  del hombre no depende  del alto valor de las cosas que use sino de la categor\u00eda de las cosas que hace. El hombre es importante por lo que hace, no por lo que parece ser.\u00bb <\/strong><\/span><\/p>\n<p><span class=\"text1noticias\"><strong>Juan Bosch<\/strong><\/span><\/p>\n<\/p>\n<\/p>\n<\/p>\n<\/p>\n<\/p>\n<h6> 2020-11-01 01:10:01 <\/h6>\n<p><!--\n<link rel=\"stylesheet\" href=\"css\/bootstrap.min.css\">\n\n\n<ul class=\"pagination\">\n\t    \n\t\n\n<li >\n\t<a href='?page_no=93'>Previous<\/a>\n\t<\/li>\n\n\n       \n    \n\n<li><a href='?page_no=1'>1<\/a><\/li>\n\n\n\n<li><a href='?page_no=2'>2<\/a><\/li>\n\n\n\n<li><a>...<\/a><\/li>\n\n\n\n<li><a href='?page_no=92'>92<\/a><\/li>\n\n\n\n<li><a href='?page_no=93'>93<\/a><\/li>\n\n\n\n<li class='active'><a>94<\/a><\/li>\n\n\n\n<li><a href='?page_no=95'>95<\/a><\/li>\n\n\n\n<li><a href='?page_no=96'>96<\/a><\/li>\n\n\n\n<li><a>...<\/a><\/li>\n\n\n\n<li><a href='?page_no=22911'>22911<\/a><\/li>\n\n\n\n<li><a href='?page_no=22912'>22912<\/a><\/li>\n\n    \n\t\n\n<li >\n\t<a href='?page_no=95'>Next<\/a>\n\t<\/li>\n\n\n    \n\n<li><a href='?page_no=22912'>Last &rsaquo;&rsaquo;<\/a><\/li>\n\n<\/ul>\n\n\n--><br \/>\n<\/body><\/p>\n","protected":false},"excerpt":{"rendered":"<p>Diariodominicano.com El legado de Juan Bosch Dedic\u00f3 su vida al servicio de lo que fue en \u00e9l un ideal permanente: una sociedad en la que la desigualdad social y la pobreza no constituyan una barrera que impida el desarrollo humano. Su sensibilidad social y amor por la libertad lo llev\u00f3 a la pol\u00edtica, actividad que [&hellip;]<\/p>\n","protected":false},"author":3,"featured_media":0,"comment_status":"open","ping_status":"open","sticky":false,"template":"","format":"standard","meta":{"footnotes":""},"categories":[21],"tags":[],"class_list":["post-57592","post","type-post","status-publish","format-standard","hentry","category-cultura"],"_links":{"self":[{"href":"https:\/\/diariodominicano.com\/index.php?rest_route=\/wp\/v2\/posts\/57592","targetHints":{"allow":["GET"]}}],"collection":[{"href":"https:\/\/diariodominicano.com\/index.php?rest_route=\/wp\/v2\/posts"}],"about":[{"href":"https:\/\/diariodominicano.com\/index.php?rest_route=\/wp\/v2\/types\/post"}],"author":[{"embeddable":true,"href":"https:\/\/diariodominicano.com\/index.php?rest_route=\/wp\/v2\/users\/3"}],"replies":[{"embeddable":true,"href":"https:\/\/diariodominicano.com\/index.php?rest_route=%2Fwp%2Fv2%2Fcomments&post=57592"}],"version-history":[{"count":0,"href":"https:\/\/diariodominicano.com\/index.php?rest_route=\/wp\/v2\/posts\/57592\/revisions"}],"wp:attachment":[{"href":"https:\/\/diariodominicano.com\/index.php?rest_route=%2Fwp%2Fv2%2Fmedia&parent=57592"}],"wp:term":[{"taxonomy":"category","embeddable":true,"href":"https:\/\/diariodominicano.com\/index.php?rest_route=%2Fwp%2Fv2%2Fcategories&post=57592"},{"taxonomy":"post_tag","embeddable":true,"href":"https:\/\/diariodominicano.com\/index.php?rest_route=%2Fwp%2Fv2%2Ftags&post=57592"}],"curies":[{"name":"wp","href":"https:\/\/api.w.org\/{rel}","templated":true}]}}