{"id":575823,"date":"2024-11-20T03:05:44","date_gmt":"2024-11-20T07:05:44","guid":{"rendered":"https:\/\/diariodominicano.com\/?p=575823"},"modified":"2024-11-20T03:05:46","modified_gmt":"2024-11-20T07:05:46","slug":"nueva-era-de-servicio-y-experiencia-en-la-tienda-samsung-de-megacentro","status":"publish","type":"post","link":"https:\/\/diariodominicano.com\/?p=575823","title":{"rendered":"Nueva era de servicio y experiencia en la tienda Samsung de Megacentro"},"content":{"rendered":"\n<p>La empresa inaugura un centro de servicios y reparaciones donde un equipo de expertos brinda atenci\u00f3n profesional y personalizada <\/p>\n\n\n\n<p>SANTO DOMINGO, Rep\u00fablica Dominicana. Noviembre de 2024 \u2013 Samsung Electronics sigue expandiendo sus servicios de atenci\u00f3n al consumidor en Dominicana con la inaugutaci\u00f3n de un Centro de Servicios y Reparaciones ubicado dentro de la tienda Samsung Megacentro. Este nuevo espacio reimagina la relaci\u00f3n entre marca y consumidor, ofreciendo una experiencia \u00fanica y personalizada que va m\u00e1s all\u00e1 de la simple transacci\u00f3n comercial.<\/p>\n\n\n\n<figure class=\"wp-block-image size-full\"><img loading=\"lazy\" decoding=\"async\" width=\"765\" height=\"1020\" src=\"https:\/\/diariodominicano.com\/wp-content\/uploads\/2024\/11\/Samsung-Megacentro-inside.jpg\" alt=\"\" class=\"wp-image-575914\" srcset=\"https:\/\/diariodominicano.com\/wp-content\/uploads\/2024\/11\/Samsung-Megacentro-inside.jpg 765w, https:\/\/diariodominicano.com\/wp-content\/uploads\/2024\/11\/Samsung-Megacentro-inside-225x300.jpg 225w\" sizes=\"auto, (max-width: 765px) 100vw, 765px\" \/><\/figure>\n\n\n\n<p>\u00bfImaginas un mundo donde tu dispositivo Samsung recibe la atenci\u00f3n que merece? En Samsung Megacentro, esa visi\u00f3n se hace realidad. Este nuevo centro no es solo un lugar para solucionar problemas t\u00e9cnicos, sino un oasis donde los usuarios pueden descubrir, aprender y disfrutar de todo el potencial de sus productos. Desde el momento en que cruzas la puerta, te sumerges en un universo de posibilidades, donde la tecnolog\u00eda se fusiona con la atenci\u00f3n personalizada.<br>M\u00e1s que un servicio t\u00e9cnico, un compa\u00f1ero de innovaci\u00f3n<br>Centro de Servicios y Reparaciones los clientes encontrar\u00e1n un equipo de expertos dispuestos a resolver cualquier duda o inconveniente relacionado con sus dispositivos Samsung. Ya sea una configuraci\u00f3n compleja, una garant\u00eda vencida o simplemente el deseo de conocer las \u00faltimas novedades, el personal altamente capacitado est\u00e1 listo para brindar soluciones eficientes y personalizadas.<\/p>\n\n\n\n<p>Pero la experiencia va m\u00e1s all\u00e1 del servicio t\u00e9cnico tradicional. El Centro de Servicios y Reparaciones Samsung se convierte en un punto de encuentro para los amantes de la tecnolog\u00eda, donde pueden descubrir las \u00faltimas tendencias y sumergirse en el ecosistema SmartThings. Este innovador sistema permite conectar y controlar una amplia variedad de dispositivos inteligentes desde una \u00fanica aplicaci\u00f3n, transformando el hogar en un espacio inteligente y eficiente.<\/p>\n\n\n\n<p>La tienda Samsung Megacentro est\u00e1 dise\u00f1ada bajo el concepto de Multi Experience Store, creada para ser un centro interactivo en el que los visitantes pueden descubrir y experimentar de primera mano la gama completa de productos y servicios inteligentes de Samsung, incluyendo la plataforma SmartThings, Galaxy AI y la m\u00e1s reciente l\u00ednea de smartphones, tabletas, wearables, televisores y electrodom\u00e9sticos. Y adem\u00e1s desde ahora cuentan con el Centro de Servicios y Reparaciones.<\/p>\n\n\n\n<p>Adem\u00e1s, los visitantes cuentan con la asesor\u00eda personalizada de expertos que les ayudar\u00e1n a encontrar los productos que mejor se adapten a sus necesidades y estilo de vida.<\/p>\n\n\n\n<p>Horarios de atenci\u00f3n<br>Te invitamos a descubrir el nuevo Centro de Servicios y Reparaciones Samsung en Megacentro. Ven y vive una experiencia tecnol\u00f3gica sin igual, donde la innovaci\u00f3n y la atenci\u00f3n al cliente se unen para crear un futuro m\u00e1s inteligente y conectado. Vis\u00edtanos de lunes a s\u00e1bado de 9:00 AM a 8:00 PM y los domingos de 10:00 AM a 6:00 PM.<\/p>\n\n\n\n<p>Dora Rojas <a href=\"mailto:dora@prismgrp.com\">dora@prismgrp.com<\/a> <\/p>\n","protected":false},"excerpt":{"rendered":"<p>La empresa inaugura un centro de servicios y reparaciones donde un equipo de expertos brinda atenci\u00f3n profesional y personalizada SANTO DOMINGO, Rep\u00fablica Dominicana. Noviembre de 2024 \u2013 Samsung Electronics sigue expandiendo sus servicios de atenci\u00f3n al consumidor en Dominicana con la inaugutaci\u00f3n de un Centro de Servicios y Reparaciones ubicado dentro de la tienda Samsung [&hellip;]<\/p>\n","protected":false},"author":7,"featured_media":575913,"comment_status":"closed","ping_status":"closed","sticky":false,"template":"","format":"standard","meta":{"footnotes":""},"categories":[36],"tags":[956,324],"class_list":["post-575823","post","type-post","status-publish","format-standard","has-post-thumbnail","hentry","category-hombresmujeresycosas","tag-megacentro","tag-samsung"],"_links":{"self":[{"href":"https:\/\/diariodominicano.com\/index.php?rest_route=\/wp\/v2\/posts\/575823","targetHints":{"allow":["GET"]}}],"collection":[{"href":"https:\/\/diariodominicano.com\/index.php?rest_route=\/wp\/v2\/posts"}],"about":[{"href":"https:\/\/diariodominicano.com\/index.php?rest_route=\/wp\/v2\/types\/post"}],"author":[{"embeddable":true,"href":"https:\/\/diariodominicano.com\/index.php?rest_route=\/wp\/v2\/users\/7"}],"replies":[{"embeddable":true,"href":"https:\/\/diariodominicano.com\/index.php?rest_route=%2Fwp%2Fv2%2Fcomments&post=575823"}],"version-history":[{"count":1,"href":"https:\/\/diariodominicano.com\/index.php?rest_route=\/wp\/v2\/posts\/575823\/revisions"}],"predecessor-version":[{"id":575919,"href":"https:\/\/diariodominicano.com\/index.php?rest_route=\/wp\/v2\/posts\/575823\/revisions\/575919"}],"wp:featuredmedia":[{"embeddable":true,"href":"https:\/\/diariodominicano.com\/index.php?rest_route=\/wp\/v2\/media\/575913"}],"wp:attachment":[{"href":"https:\/\/diariodominicano.com\/index.php?rest_route=%2Fwp%2Fv2%2Fmedia&parent=575823"}],"wp:term":[{"taxonomy":"category","embeddable":true,"href":"https:\/\/diariodominicano.com\/index.php?rest_route=%2Fwp%2Fv2%2Fcategories&post=575823"},{"taxonomy":"post_tag","embeddable":true,"href":"https:\/\/diariodominicano.com\/index.php?rest_route=%2Fwp%2Fv2%2Ftags&post=575823"}],"curies":[{"name":"wp","href":"https:\/\/api.w.org\/{rel}","templated":true}]}}