{"id":575822,"date":"2024-11-20T02:42:10","date_gmt":"2024-11-20T06:42:10","guid":{"rendered":"https:\/\/diariodominicano.com\/?p=575822"},"modified":"2024-11-20T03:14:38","modified_gmt":"2024-11-20T07:14:38","slug":"isfodosu-presento-al-pais-su-modelo-educativo","status":"publish","type":"post","link":"https:\/\/diariodominicano.com\/?p=575822","title":{"rendered":"ISFODOSU present\u00f3 al pa\u00eds su Modelo Educativo \u00a0\u00a0\u00a0\u00a0\u00a0\u00a0\u00a0\u00a0\u00a0\u00a0\u00a0\u00a0\u00a0\u00a0"},"content":{"rendered":"\n<p><em>La academia, especializada en la formaci\u00f3n docente, present\u00f3 su modelo educativo en formato de libro, cuyo contenido ha sido consensuado por los rectores y diversos actores que lo han ido desarrollando a lo largo de los a\u00f1os<\/em><strong><\/strong><\/p>\n\n\n\n<p><strong>Santo Domingo. &#8211;<\/strong>&nbsp;En un acto encabezado por su rectora, Dra. Nurys del Carmen Gonz\u00e1lez, el Instituto Superior de Formaci\u00f3n Docente, ISFODOSU, present\u00f3 su Modelo Educativo con la pr\u00e1ctica docente como eje de la formaci\u00f3n de maestros de excelencia para el sistema preuniversitario.<\/p>\n\n\n\n<p>La presentaci\u00f3n del modelo, en formato de libro, se llev\u00f3 a cabo en la Feria Internacional del Libro 2024, en presencia de acad\u00e9micos y estudiantes de la entidad especializada en la formaci\u00f3n de docentes.<\/p>\n\n\n\n<figure class=\"wp-block-gallery has-nested-images columns-default is-cropped wp-block-gallery-1 is-layout-flex wp-block-gallery-is-layout-flex\">\n<figure class=\"wp-block-image size-large\"><img loading=\"lazy\" decoding=\"async\" width=\"1000\" height=\"640\" data-id=\"575909\" src=\"https:\/\/diariodominicano.com\/wp-content\/uploads\/2024\/11\/Rectora-del-ISFODOSU-Dra.-Nurys-Gonzalez-dicta-palabras-de-bienvenida-en-el-evento.png\" alt=\"\" class=\"wp-image-575909\" srcset=\"https:\/\/diariodominicano.com\/wp-content\/uploads\/2024\/11\/Rectora-del-ISFODOSU-Dra.-Nurys-Gonzalez-dicta-palabras-de-bienvenida-en-el-evento.png 1000w, https:\/\/diariodominicano.com\/wp-content\/uploads\/2024\/11\/Rectora-del-ISFODOSU-Dra.-Nurys-Gonzalez-dicta-palabras-de-bienvenida-en-el-evento-300x192.png 300w, https:\/\/diariodominicano.com\/wp-content\/uploads\/2024\/11\/Rectora-del-ISFODOSU-Dra.-Nurys-Gonzalez-dicta-palabras-de-bienvenida-en-el-evento-768x492.png 768w, https:\/\/diariodominicano.com\/wp-content\/uploads\/2024\/11\/Rectora-del-ISFODOSU-Dra.-Nurys-Gonzalez-dicta-palabras-de-bienvenida-en-el-evento-816x522.png 816w\" sizes=\"auto, (max-width: 1000px) 100vw, 1000px\" \/><\/figure>\n<\/figure>\n\n\n\n<p>\u201cAspiramos a que el entusiasmo y el compromiso de nuestra comunidad acad\u00e9mica para hacer realidad este documento de manera que nos acompa\u00f1e siempre en el cumplimiento de nuestra misi\u00f3n de realizar aportes significativos al sistema educativo dominicano\u201d, manifest\u00f3 la Dra. Gonz\u00e1lez.<\/p>\n\n\n\n<figure class=\"wp-block-gallery has-nested-images columns-default is-cropped wp-block-gallery-2 is-layout-flex wp-block-gallery-is-layout-flex\">\n<figure class=\"wp-block-image size-large\"><img loading=\"lazy\" decoding=\"async\" width=\"1000\" height=\"640\" data-id=\"575912\" src=\"https:\/\/diariodominicano.com\/wp-content\/uploads\/2024\/11\/Autoridades-del-ISFODOSU-dialogan-del-Modelo-Educativo.png\" alt=\"\" class=\"wp-image-575912\" srcset=\"https:\/\/diariodominicano.com\/wp-content\/uploads\/2024\/11\/Autoridades-del-ISFODOSU-dialogan-del-Modelo-Educativo.png 1000w, https:\/\/diariodominicano.com\/wp-content\/uploads\/2024\/11\/Autoridades-del-ISFODOSU-dialogan-del-Modelo-Educativo-300x192.png 300w, https:\/\/diariodominicano.com\/wp-content\/uploads\/2024\/11\/Autoridades-del-ISFODOSU-dialogan-del-Modelo-Educativo-768x492.png 768w, https:\/\/diariodominicano.com\/wp-content\/uploads\/2024\/11\/Autoridades-del-ISFODOSU-dialogan-del-Modelo-Educativo-816x522.png 816w\" sizes=\"auto, (max-width: 1000px) 100vw, 1000px\" \/><\/figure>\n<\/figure>\n\n\n\n<p>La Rectora agradeci\u00f3 el trabajo de recolecci\u00f3n y unificaci\u00f3n de las informaciones contenidas en el Modelo Educativo, realizado por el equipo conformado por las maestras asesoras del ISFODOSU, Mercedes Hern\u00e1ndez y Sandra Gonz\u00e1lez Pons; con el apoyo de las vicerrectoras acad\u00e9mica Dra. Carmen G\u00e1lvez; y, de Investigaci\u00f3n y Postgrado, Mtra. Andrea Paz.<\/p>\n\n\n\n<figure class=\"wp-block-gallery has-nested-images columns-default is-cropped wp-block-gallery-3 is-layout-flex wp-block-gallery-is-layout-flex\">\n<figure class=\"wp-block-image size-large\"><img loading=\"lazy\" decoding=\"async\" width=\"1000\" height=\"640\" data-id=\"575911\" src=\"https:\/\/diariodominicano.com\/wp-content\/uploads\/2024\/11\/Vicerrectora-academica-del-ISFODOSU-Dra.-Carmen-Galvez-explica-el-proceso-de-la-realizacion-del-material.png\" alt=\"\" class=\"wp-image-575911\" srcset=\"https:\/\/diariodominicano.com\/wp-content\/uploads\/2024\/11\/Vicerrectora-academica-del-ISFODOSU-Dra.-Carmen-Galvez-explica-el-proceso-de-la-realizacion-del-material.png 1000w, https:\/\/diariodominicano.com\/wp-content\/uploads\/2024\/11\/Vicerrectora-academica-del-ISFODOSU-Dra.-Carmen-Galvez-explica-el-proceso-de-la-realizacion-del-material-300x192.png 300w, https:\/\/diariodominicano.com\/wp-content\/uploads\/2024\/11\/Vicerrectora-academica-del-ISFODOSU-Dra.-Carmen-Galvez-explica-el-proceso-de-la-realizacion-del-material-768x492.png 768w, https:\/\/diariodominicano.com\/wp-content\/uploads\/2024\/11\/Vicerrectora-academica-del-ISFODOSU-Dra.-Carmen-Galvez-explica-el-proceso-de-la-realizacion-del-material-816x522.png 816w\" sizes=\"auto, (max-width: 1000px) 100vw, 1000px\" \/><\/figure>\n<\/figure>\n\n\n\n<p>Este modelo fue concebido colocando la pr\u00e1ctica en el centro de la formaci\u00f3n, junto a un profundo dominio disciplinar y did\u00e1ctico, aportando as\u00ed, un conjunto de pedagog\u00edas y de pr\u00e1cticas esenciales de la docencia que otorgan un mayor nivel de intencionalidad y direccionalidad a la acci\u00f3n formativa.<\/p>\n\n\n\n<figure class=\"wp-block-gallery has-nested-images columns-default is-cropped wp-block-gallery-4 is-layout-flex wp-block-gallery-is-layout-flex\">\n<figure class=\"wp-block-image size-large\"><img loading=\"lazy\" decoding=\"async\" width=\"1000\" height=\"640\" data-id=\"575910\" src=\"https:\/\/diariodominicano.com\/wp-content\/uploads\/2024\/11\/Asesora-del-ISFODOSU-Mtra.-Mercedes-Hernandez-presenta-el-contenido-del-Modelo-Educativo.png\" alt=\"\" class=\"wp-image-575910\" srcset=\"https:\/\/diariodominicano.com\/wp-content\/uploads\/2024\/11\/Asesora-del-ISFODOSU-Mtra.-Mercedes-Hernandez-presenta-el-contenido-del-Modelo-Educativo.png 1000w, https:\/\/diariodominicano.com\/wp-content\/uploads\/2024\/11\/Asesora-del-ISFODOSU-Mtra.-Mercedes-Hernandez-presenta-el-contenido-del-Modelo-Educativo-300x192.png 300w, https:\/\/diariodominicano.com\/wp-content\/uploads\/2024\/11\/Asesora-del-ISFODOSU-Mtra.-Mercedes-Hernandez-presenta-el-contenido-del-Modelo-Educativo-768x492.png 768w, https:\/\/diariodominicano.com\/wp-content\/uploads\/2024\/11\/Asesora-del-ISFODOSU-Mtra.-Mercedes-Hernandez-presenta-el-contenido-del-Modelo-Educativo-816x522.png 816w\" sizes=\"auto, (max-width: 1000px) 100vw, 1000px\" \/><\/figure>\n<\/figure>\n\n\n\n<p>La Dra. G\u00e1lvez explic\u00f3 el proceso que se llev\u00f3 a cabo para realizar y completar el Modelo Educativo ISFODOSU y manifest\u00f3 el orgullo de poder ofertar a la comunidad el documento que sirve de base para todo el accionar de esa instituci\u00f3n y para otras entidades hermanas para que puedan construir y fundamentar su quehacer.<\/p>\n\n\n\n<p>\u201cHa sido un producto resultado del consenso de todos los actores del ISFODOSU que de una u otra manera intervienen en la vida de nuestra instituci\u00f3n\u201d, manifest\u00f3 G\u00e1lvez.<\/p>\n\n\n\n<p>Agradeci\u00f3 los aportes del Dr. Marcos Villam\u00e1n, rector del Instituto Global, Iglobal; y de los maestros Jos\u00e9 Agust\u00edn, Miguel Escala; as\u00ed como los de otros que trabajaron, en diversos periodos de tiempo, en el material que sirvi\u00f3 de base para que las asesoras pudieran recopilar, organizar y sistematizar el contenido del Modelo Educativo.&nbsp;<\/p>\n\n\n\n<p>De su lado, la Mtra. Hern\u00e1ndez, present\u00f3 el contenido del Modelo y dijo que el mismo contiene las creencias y caracter\u00edsticas sobre la escuela y el docente que quiere la instituci\u00f3n.<\/p>\n\n\n\n<p>\u201cEl ISFODOSU tiene la virtud de que su Modelo Educativo pedag\u00f3gico, planes de estudios, programas y sistema de pr\u00e1ctica, todo esto va a estar alineado en base a nuestras creencias y en esas creencias que est\u00e1n fundamentadas en los enfoques con los cuales estamos aplicando el modelo pedag\u00f3gico, tanto el socio cr\u00edtico como el hist\u00f3rico cultural y de competencia\u201d, precis\u00f3 la Mtra. Hern\u00e1ndez.<\/p>\n\n\n\n<p><a>Destac\u00f3 como nuevo e importante en este modelo el enfoque de formaci\u00f3n inicial centrado en la pr\u00e1ctica porque permitir\u00e1 que cada maestro que egrese del ISFODOSU lo haga con las competencias fundamentales para ser un buen docente de aula.<\/a><\/p>\n\n\n\n<p>La actividad culmin\u00f3 con la entrega del ejemplar a maestros, estudiantes y colaboradores presentes en el acto, que se llev\u00f3 a cabo en la Sala de Academias, A\u00edda Cartagena Portalat\u00edn, de la Biblioteca Nacional Pedro Henr\u00edquez Ure\u00f1a, en la Plaza de la Cultura, como parte de los eventos de la instituci\u00f3n en la XXVl Feria Internacional del Libro 2024.&nbsp;<\/p>\n\n\n\n<p>El documento estar\u00e1 disponible de manera gratuita para el uso de la comunidad acad\u00e9mica, as\u00ed como de las Instituciones de Educaci\u00f3n Superior, IES que imparten la carrera de Educaci\u00f3n.<\/p>\n\n\n\n<p><strong>Roger Leon Sanchez<\/strong>\u00a0&lt;roger.leon@isfodosu.edu.do> <\/p>\n","protected":false},"excerpt":{"rendered":"<p>La academia, especializada en la formaci\u00f3n docente, present\u00f3 su modelo educativo en formato de libro, cuyo contenido ha sido consensuado por los rectores y diversos actores que lo han ido desarrollando a lo largo de los a\u00f1os Santo Domingo. &#8211;&nbsp;En un acto encabezado por su rectora, Dra. Nurys del Carmen Gonz\u00e1lez, el Instituto Superior de [&hellip;]<\/p>\n","protected":false},"author":7,"featured_media":575908,"comment_status":"closed","ping_status":"closed","sticky":false,"template":"","format":"standard","meta":{"footnotes":""},"categories":[21],"tags":[551],"class_list":["post-575822","post","type-post","status-publish","format-standard","has-post-thumbnail","hentry","category-cultura","tag-isfodosu"],"_links":{"self":[{"href":"https:\/\/diariodominicano.com\/index.php?rest_route=\/wp\/v2\/posts\/575822","targetHints":{"allow":["GET"]}}],"collection":[{"href":"https:\/\/diariodominicano.com\/index.php?rest_route=\/wp\/v2\/posts"}],"about":[{"href":"https:\/\/diariodominicano.com\/index.php?rest_route=\/wp\/v2\/types\/post"}],"author":[{"embeddable":true,"href":"https:\/\/diariodominicano.com\/index.php?rest_route=\/wp\/v2\/users\/7"}],"replies":[{"embeddable":true,"href":"https:\/\/diariodominicano.com\/index.php?rest_route=%2Fwp%2Fv2%2Fcomments&post=575822"}],"version-history":[{"count":2,"href":"https:\/\/diariodominicano.com\/index.php?rest_route=\/wp\/v2\/posts\/575822\/revisions"}],"predecessor-version":[{"id":575922,"href":"https:\/\/diariodominicano.com\/index.php?rest_route=\/wp\/v2\/posts\/575822\/revisions\/575922"}],"wp:featuredmedia":[{"embeddable":true,"href":"https:\/\/diariodominicano.com\/index.php?rest_route=\/wp\/v2\/media\/575908"}],"wp:attachment":[{"href":"https:\/\/diariodominicano.com\/index.php?rest_route=%2Fwp%2Fv2%2Fmedia&parent=575822"}],"wp:term":[{"taxonomy":"category","embeddable":true,"href":"https:\/\/diariodominicano.com\/index.php?rest_route=%2Fwp%2Fv2%2Fcategories&post=575822"},{"taxonomy":"post_tag","embeddable":true,"href":"https:\/\/diariodominicano.com\/index.php?rest_route=%2Fwp%2Fv2%2Ftags&post=575822"}],"curies":[{"name":"wp","href":"https:\/\/api.w.org\/{rel}","templated":true}]}}