{"id":575715,"date":"2024-11-19T14:59:41","date_gmt":"2024-11-19T18:59:41","guid":{"rendered":"https:\/\/diariodominicano.com\/?p=575715"},"modified":"2024-11-19T14:59:56","modified_gmt":"2024-11-19T18:59:56","slug":"infotep-entregara-titulos-a-335-profesionales-capacitados-en-enfermeria","status":"publish","type":"post","link":"https:\/\/diariodominicano.com\/?p=575715","title":{"rendered":"INFOTEP entregar\u00e1 t\u00edtulos a 335 profesionales capacitados en enfermer\u00eda"},"content":{"rendered":"\n<p>El Instituto Nacional de Formaci\u00f3n T\u00e9cnico Profesional (INFOTEP) anunci\u00f3 la entrega de t\u00edtulos a un total de 335 personas que han completado su capacitaci\u00f3n en el \u00e1rea de enfermer\u00eda.<\/p>\n\n\n\n<p>Este importante acto se llevar\u00e1 a cabo este mi\u00e9rcoles 20 de noviembre a las 10:00 a.m. en el Auditorio BDI de la Universidad El Caribe.<\/p>\n\n\n\n<p>Los graduandos provienen de las Direcciones Regionales Metropolitana y Oriental, y han demostrado un compromiso excepcional con su formaci\u00f3n, prepar\u00e1ndose para ofrecer servicios de calidad en el sector salud.<\/p>\n\n\n\n<p>La ceremonia contar\u00e1 con la presencia de autoridades del INFOTEP y destacados profesionales del sector salud, quienes celebrar\u00e1n el esfuerzo y dedicaci\u00f3n de los graduandos que, tras un riguroso proceso de formaci\u00f3n, est\u00e1n ahora listos para contribuir al bienestar de la comunidad.<\/p>\n\n\n\n<p>Este evento es parte del compromiso del INFOTEP con la educaci\u00f3n t\u00e9cnica de calidad y el desarrollo del capital humano en el pa\u00eds.<\/p>\n\n\n\n<p><strong>Prensa INFOTEP<\/strong>\u00a0&lt;prensainfotep@infotep.gob.do> <\/p>\n","protected":false},"excerpt":{"rendered":"<p>El Instituto Nacional de Formaci\u00f3n T\u00e9cnico Profesional (INFOTEP) anunci\u00f3 la entrega de t\u00edtulos a un total de 335 personas que han completado su capacitaci\u00f3n en el \u00e1rea de enfermer\u00eda. Este importante acto se llevar\u00e1 a cabo este mi\u00e9rcoles 20 de noviembre a las 10:00 a.m. en el Auditorio BDI de la Universidad El Caribe. Los [&hellip;]<\/p>\n","protected":false},"author":7,"featured_media":575739,"comment_status":"closed","ping_status":"closed","sticky":false,"template":"","format":"standard","meta":{"footnotes":""},"categories":[36],"tags":[94],"class_list":["post-575715","post","type-post","status-publish","format-standard","has-post-thumbnail","hentry","category-hombresmujeresycosas","tag-infotep"],"_links":{"self":[{"href":"https:\/\/diariodominicano.com\/index.php?rest_route=\/wp\/v2\/posts\/575715","targetHints":{"allow":["GET"]}}],"collection":[{"href":"https:\/\/diariodominicano.com\/index.php?rest_route=\/wp\/v2\/posts"}],"about":[{"href":"https:\/\/diariodominicano.com\/index.php?rest_route=\/wp\/v2\/types\/post"}],"author":[{"embeddable":true,"href":"https:\/\/diariodominicano.com\/index.php?rest_route=\/wp\/v2\/users\/7"}],"replies":[{"embeddable":true,"href":"https:\/\/diariodominicano.com\/index.php?rest_route=%2Fwp%2Fv2%2Fcomments&post=575715"}],"version-history":[{"count":1,"href":"https:\/\/diariodominicano.com\/index.php?rest_route=\/wp\/v2\/posts\/575715\/revisions"}],"predecessor-version":[{"id":575740,"href":"https:\/\/diariodominicano.com\/index.php?rest_route=\/wp\/v2\/posts\/575715\/revisions\/575740"}],"wp:featuredmedia":[{"embeddable":true,"href":"https:\/\/diariodominicano.com\/index.php?rest_route=\/wp\/v2\/media\/575739"}],"wp:attachment":[{"href":"https:\/\/diariodominicano.com\/index.php?rest_route=%2Fwp%2Fv2%2Fmedia&parent=575715"}],"wp:term":[{"taxonomy":"category","embeddable":true,"href":"https:\/\/diariodominicano.com\/index.php?rest_route=%2Fwp%2Fv2%2Fcategories&post=575715"},{"taxonomy":"post_tag","embeddable":true,"href":"https:\/\/diariodominicano.com\/index.php?rest_route=%2Fwp%2Fv2%2Ftags&post=575715"}],"curies":[{"name":"wp","href":"https:\/\/api.w.org\/{rel}","templated":true}]}}