{"id":575703,"date":"2024-11-19T14:15:56","date_gmt":"2024-11-19T18:15:56","guid":{"rendered":"https:\/\/diariodominicano.com\/?p=575703"},"modified":"2024-11-19T14:16:05","modified_gmt":"2024-11-19T18:16:05","slug":"comienza-manana-cumbre-india-y-paises-de-las-antillas-menores-y-departamentos-ultramar-de-caricom","status":"publish","type":"post","link":"https:\/\/diariodominicano.com\/?p=575703","title":{"rendered":"Comienza ma\u00f1ana Cumbre India y pa\u00edses de las Antillas Menores y departamentos ultramar de Caricom"},"content":{"rendered":"\n<p>diariodominicano.com<\/p>\n\n\n\n<p>Georgetown, 19 nov (Prensa Latina) La Cumbre India-Comunidad del Caribe (Caricom) comenzar\u00e1 ma\u00f1ana en Guyana, donde ser\u00e1n debatidos temas que hoy marcan la agenda pol\u00edtica de los Estados participantes en la cita, que culminar\u00e1 el domingo.<\/p>\n\n\n\n<p>Los asistentes al c\u00f3nclave discutir\u00e1n sobre estrategias para alcanzar objetivos compartidos de desarrollo, y se espera que de los intercambios de experiencias surjan posibles colaboraciones.<\/p>\n\n\n\n<p>\u00abLa cumbre est\u00e1 dise\u00f1ada para profundizar los lazos de larga data entre el Caribe e India con un enfoque en la agricultura, la atenci\u00f3n m\u00e9dica, la infraestructura digital, la energ\u00eda renovable y los productos farmac\u00e9uticos\u00bb, precis\u00f3 el sitio digital Associates Times.<\/p>\n\n\n\n<p>Los l\u00edderes de los gobiernos de Antigua y Barbuda, Barbados, Belice, Bahamas, Dominica, Granada, Guyana, Hait\u00ed, Jamaica, Montserrat, Santa Luc\u00eda, San Crist\u00f3bal y Nieves, San Vicente y las Granadinas, Surinam, Trinidad y Tobago, pa\u00edses y departamentos Ultramar de Francia, Inglaterra y Pa\u00edses Bajos de las Antillas Menores, asistir\u00e1n a la cita y dar\u00e1n la bienvenida al primer ministro de India, Narendra Modi.<\/p>\n\n\n\n<p>Estos interactuar\u00e1n con Modi y compartir\u00e1n sus formas de colaboraci\u00f3n en asuntos de los peque\u00f1os Estados insulares en desarrollo, el cambio clim\u00e1tico, los negocios y el comercio.<\/p>\n\n\n\n<p>jcm\/joe<\/p>\n\n\n\n<p><\/p>\n","protected":false},"excerpt":{"rendered":"<p>diariodominicano.com Georgetown, 19 nov (Prensa Latina) La Cumbre India-Comunidad del Caribe (Caricom) comenzar\u00e1 ma\u00f1ana en Guyana, donde ser\u00e1n debatidos temas que hoy marcan la agenda pol\u00edtica de los Estados participantes en la cita, que culminar\u00e1 el domingo. Los asistentes al c\u00f3nclave discutir\u00e1n sobre estrategias para alcanzar objetivos compartidos de desarrollo, y se espera que de [&hellip;]<\/p>\n","protected":false},"author":5,"featured_media":575717,"comment_status":"closed","ping_status":"closed","sticky":true,"template":"","format":"standard","meta":{"footnotes":""},"categories":[23,27],"tags":[],"class_list":["post-575703","post","type-post","status-publish","format-standard","has-post-thumbnail","hentry","category-internacional","category-portada"],"_links":{"self":[{"href":"https:\/\/diariodominicano.com\/index.php?rest_route=\/wp\/v2\/posts\/575703","targetHints":{"allow":["GET"]}}],"collection":[{"href":"https:\/\/diariodominicano.com\/index.php?rest_route=\/wp\/v2\/posts"}],"about":[{"href":"https:\/\/diariodominicano.com\/index.php?rest_route=\/wp\/v2\/types\/post"}],"author":[{"embeddable":true,"href":"https:\/\/diariodominicano.com\/index.php?rest_route=\/wp\/v2\/users\/5"}],"replies":[{"embeddable":true,"href":"https:\/\/diariodominicano.com\/index.php?rest_route=%2Fwp%2Fv2%2Fcomments&post=575703"}],"version-history":[{"count":1,"href":"https:\/\/diariodominicano.com\/index.php?rest_route=\/wp\/v2\/posts\/575703\/revisions"}],"predecessor-version":[{"id":575718,"href":"https:\/\/diariodominicano.com\/index.php?rest_route=\/wp\/v2\/posts\/575703\/revisions\/575718"}],"wp:featuredmedia":[{"embeddable":true,"href":"https:\/\/diariodominicano.com\/index.php?rest_route=\/wp\/v2\/media\/575717"}],"wp:attachment":[{"href":"https:\/\/diariodominicano.com\/index.php?rest_route=%2Fwp%2Fv2%2Fmedia&parent=575703"}],"wp:term":[{"taxonomy":"category","embeddable":true,"href":"https:\/\/diariodominicano.com\/index.php?rest_route=%2Fwp%2Fv2%2Fcategories&post=575703"},{"taxonomy":"post_tag","embeddable":true,"href":"https:\/\/diariodominicano.com\/index.php?rest_route=%2Fwp%2Fv2%2Ftags&post=575703"}],"curies":[{"name":"wp","href":"https:\/\/api.w.org\/{rel}","templated":true}]}}