{"id":575697,"date":"2024-11-19T13:05:21","date_gmt":"2024-11-19T17:05:21","guid":{"rendered":"https:\/\/diariodominicano.com\/?p=575697"},"modified":"2024-11-19T13:05:29","modified_gmt":"2024-11-19T17:05:29","slug":"presidente-de-paraguay-retoma-actividades-en-cumbre-del-g20-en-brasil-tras-ser-dado-de-alta","status":"publish","type":"post","link":"https:\/\/diariodominicano.com\/?p=575697","title":{"rendered":"Presidente de Paraguay retoma actividades en Cumbre del G20 en Brasil tras ser dado de alta"},"content":{"rendered":"\n<p>diariodominicano.com<\/p>\n\n\n\n<p>ASUNCI\u00d3N, 19 nov (Xinhua) &#8212; El presidente de Paraguay, Santiago Pe\u00f1a, fue dado de alta la ma\u00f1ana de hoy martes del Hospital Samaritano Botafogo, en la ciudad brasile\u00f1a de R\u00edo de Janeiro, donde se celebra la Cumbre de L\u00edderes del Grupo de Los 20 (G20) del 18 al 19 de noviembre, difundi\u00f3 la Presidencia paraguaya. La Presidencia indic\u00f3 a trav\u00e9s de un comunicado que el mandatario paraguayo se realiz\u00f3 los ex\u00e1menes de rigor y los resultados reflejan rangos normales, luego de pasar la noche en reposo en la ciudad brasile\u00f1a. El bolet\u00edn m\u00e9dico del hospital Samaritano compartido por la Presidencia de Paraguay indica que en los ex\u00e1menes practicados al mandatario se descartan complicaciones de coraz\u00f3n o cualquier otra patolog\u00eda grave. La parte m\u00e9dica agrega que Pe\u00f1a recibi\u00f3 el alta con orientaciones espec\u00edficas para poder continuar con sus actividades de agenda, por lo que se prepara para retomar su participaci\u00f3n en el marco de la Cumbre de L\u00edderes del G20, en R\u00edo de Janeiro. Por su parte, la ministra de Salud y Bienestar Social de Paraguay, Mar\u00eda Teresa Bar\u00e1n, explic\u00f3 en conferencia de prensa que la \u00abpeque\u00f1a descompensaci\u00f3n que tuvo el presidente es un llamado de atenci\u00f3n y no responde a ninguna situaci\u00f3n grave, m\u00e1s bien estar\u00eda vinculada a un estado de cansancio y estr\u00e9s\u00bb. Teresa Bar\u00e1n agreg\u00f3 que Pe\u00f1a cumplir\u00e1 as\u00ed con todas las actividades que tiene previstas en agenda en R\u00edo de Janeiro y luego retornar\u00e1 a Paraguay. Pe\u00f1a fue internado el lunes en el hospital Samaritano de la ciudad de R\u00edo de Janeiro para ser revisado de una \u00abindisposici\u00f3n\u00bb con los \u00abchequeos m\u00e9dicos pertinentes\u00bb, seg\u00fan difundi\u00f3 la Presidencia en un comunicado. El propio presidente Pe\u00f1a agradeci\u00f3 este martes a trav\u00e9s de un video divulgado en redes sociales los \u00abmensajes de apoyo y tantas muestras de cari\u00f1o\u00bb recibidas y dio a conocer que ya retoma sus actividades en Brasil en representaci\u00f3n de Paraguay.<\/p>\n","protected":false},"excerpt":{"rendered":"<p>diariodominicano.com ASUNCI\u00d3N, 19 nov (Xinhua) &#8212; El presidente de Paraguay, Santiago Pe\u00f1a, fue dado de alta la ma\u00f1ana de hoy martes del Hospital Samaritano Botafogo, en la ciudad brasile\u00f1a de R\u00edo de Janeiro, donde se celebra la Cumbre de L\u00edderes del Grupo de Los 20 (G20) del 18 al 19 de noviembre, difundi\u00f3 la Presidencia [&hellip;]<\/p>\n","protected":false},"author":5,"featured_media":575698,"comment_status":"closed","ping_status":"closed","sticky":true,"template":"","format":"standard","meta":{"footnotes":""},"categories":[23,27],"tags":[],"class_list":["post-575697","post","type-post","status-publish","format-standard","has-post-thumbnail","hentry","category-internacional","category-portada"],"_links":{"self":[{"href":"https:\/\/diariodominicano.com\/index.php?rest_route=\/wp\/v2\/posts\/575697","targetHints":{"allow":["GET"]}}],"collection":[{"href":"https:\/\/diariodominicano.com\/index.php?rest_route=\/wp\/v2\/posts"}],"about":[{"href":"https:\/\/diariodominicano.com\/index.php?rest_route=\/wp\/v2\/types\/post"}],"author":[{"embeddable":true,"href":"https:\/\/diariodominicano.com\/index.php?rest_route=\/wp\/v2\/users\/5"}],"replies":[{"embeddable":true,"href":"https:\/\/diariodominicano.com\/index.php?rest_route=%2Fwp%2Fv2%2Fcomments&post=575697"}],"version-history":[{"count":1,"href":"https:\/\/diariodominicano.com\/index.php?rest_route=\/wp\/v2\/posts\/575697\/revisions"}],"predecessor-version":[{"id":575699,"href":"https:\/\/diariodominicano.com\/index.php?rest_route=\/wp\/v2\/posts\/575697\/revisions\/575699"}],"wp:featuredmedia":[{"embeddable":true,"href":"https:\/\/diariodominicano.com\/index.php?rest_route=\/wp\/v2\/media\/575698"}],"wp:attachment":[{"href":"https:\/\/diariodominicano.com\/index.php?rest_route=%2Fwp%2Fv2%2Fmedia&parent=575697"}],"wp:term":[{"taxonomy":"category","embeddable":true,"href":"https:\/\/diariodominicano.com\/index.php?rest_route=%2Fwp%2Fv2%2Fcategories&post=575697"},{"taxonomy":"post_tag","embeddable":true,"href":"https:\/\/diariodominicano.com\/index.php?rest_route=%2Fwp%2Fv2%2Ftags&post=575697"}],"curies":[{"name":"wp","href":"https:\/\/api.w.org\/{rel}","templated":true}]}}