{"id":575681,"date":"2024-11-19T12:10:55","date_gmt":"2024-11-19T16:10:55","guid":{"rendered":"https:\/\/diariodominicano.com\/?p=575681"},"modified":"2024-11-19T12:11:04","modified_gmt":"2024-11-19T16:11:04","slug":"lula-invita-en-g20-a-crear-consejo-del-cambio-climatico-en-onu","status":"publish","type":"post","link":"https:\/\/diariodominicano.com\/?p=575681","title":{"rendered":"Lula invita en G20 a crear Consejo del Cambio Clim\u00e1tico en ONU"},"content":{"rendered":"\n<p>diariodominicano.com<\/p>\n\n\n\n<p>Brasilia, 19 nov (Prensa Latina) El presidente brasile\u00f1o, Luiz In\u00e1cio Lula da Silva, invit\u00f3 a la comunidad internacional a considerar la creaci\u00f3n de un Consejo del Cambio Clim\u00e1tico en Naciones Unidas, que articule actores, procesos y mecanismos que hoy se encuentran fragmentados.<\/p>\n\n\n\n<p>\u00abLa esperanza renace con cada compromiso y acto de valor en defensa de la vida y de la preservaci\u00f3n de las condiciones en que nos fue dada\u00bb, afirm\u00f3 Lula en su discurso en la tercera y \u00faltima sesi\u00f3n de la Cumbre de L\u00edderes del G20 que baja este martes sus cortinas en la ciudad de R\u00edo de Janeiro.<\/p>\n\n\n\n<p>Tambi\u00e9n llam\u00f3 a la Conferencia de Naciones Unidas sobre el Cambio Clim\u00e1tico (COP29) de Bak\u00fa, Azerbaiy\u00e1n, a lograr acuerdos para financiar la lucha contra la crisis clim\u00e1tica y no dejar esa faena para la reuni\u00f3n de 2025 en Bel\u00e9m, Brasil.<\/p>\n\n\n\n<p>Consider\u00f3 que el Protocolo de Kyoto se convirti\u00f3 en un punto de referencia para la frustraci\u00f3n en la acci\u00f3n colectiva.<\/p>\n\n\n\n<p>\u00abLa COP15 en Copenhague fue un trauma que casi descarril\u00f3 el r\u00e9gimen clim\u00e1tico\u00bb, lament\u00f3.<\/p>\n\n\n\n<p>Refiri\u00f3 que el Acuerdo de Par\u00eds est\u00e1 llegando a Bel\u00e9m con 10 a\u00f1os y sus resultados a\u00fan est\u00e1n muy por debajo de lo necesario.<\/p>\n\n\n\n<p>\u00abNo hay m\u00e1s tiempo que perder\u00bb, insisti\u00f3.<\/p>\n\n\n\n<p>Para Lula, el Grupo de los Veinte (G2o), que agrupa a las 19 principales econom\u00eda del mundo y las uniones Europea y Africana, es responsable del 80 por ciento de las emisiones de gases de efecto invernadero.<\/p>\n\n\n\n<p>\u00abReconociendo el papel crucial del G20, la presidencia brasile\u00f1a lanz\u00f3 la Fuerza de Tarea para la Movilizaci\u00f3n Global contra el Cambio Clim\u00e1tico\u00bb, se\u00f1al\u00f3.<\/p>\n\n\n\n<p>Indic\u00f3 que por primera vez se reunieron con los ministros de Finanzas, Medio Ambiente y Clima, Relaciones Exteriores y presidentes de bancos centrales para discutir c\u00f3mo enfrentar el desaf\u00edo clim\u00e1tico.<\/p>\n\n\n\n<p>Ahora, agreg\u00f3, \u00abjunto con el secretario general Ant\u00f3nio Guterres, pido que el G20 se comprometa en la movilizaci\u00f3n global conjunta de Brasil y las Naciones Unidas para elevar el nivel de ambici\u00f3n de la pr\u00f3xima ronda de contribuciones determinadas a nivel nacional (los NDCs).<\/p>\n\n\n\n<p>Estim\u00f3 que resulta fundamental que los nuevos NDC est\u00e9n alineados con el objetivo de limitar el aumento de la temperatura global a un grado y medio.<\/p>\n\n\n\n<p>\u00abNuestra br\u00fajula sigue siendo el principio de las responsabilidades comunes pero diferenciadas. Este es un imperativo de la justicia clim\u00e1tica\u00bb, asever\u00f3.<\/p>\n\n\n\n<p>Propuso a los miembros desarrollados del G20 que adelanten sus metas de neutralidad clim\u00e1tica desde 2050 hasta 2040 o hasta 2045.<\/p>\n\n\n\n<p>\u00abBrasil continuar\u00e1 trabajando con la ONU y la Unesco (Organizaci\u00f3n de Naciones Unidas para la Educaci\u00f3n, la Ciencia y la Cultura) en la Iniciativa Global para la Integridad de la Informaci\u00f3n sobre el Cambio Clim\u00e1tico\u00bb, comunic\u00f3.<\/p>\n\n\n\n<p>Tras el t\u00e9rmino de esta tercera sesi\u00f3n, Sud\u00e1frica recibir\u00e1 oficialmente la presidencia del G20, durante una ceremonia de entrega en la Cumbre de L\u00edderes.<\/p>\n\n\n\n<p>mem\/ocs<\/p>\n","protected":false},"excerpt":{"rendered":"<p>diariodominicano.com Brasilia, 19 nov (Prensa Latina) El presidente brasile\u00f1o, Luiz In\u00e1cio Lula da Silva, invit\u00f3 a la comunidad internacional a considerar la creaci\u00f3n de un Consejo del Cambio Clim\u00e1tico en Naciones Unidas, que articule actores, procesos y mecanismos que hoy se encuentran fragmentados. \u00abLa esperanza renace con cada compromiso y acto de valor en defensa [&hellip;]<\/p>\n","protected":false},"author":5,"featured_media":575682,"comment_status":"closed","ping_status":"closed","sticky":true,"template":"","format":"standard","meta":{"footnotes":""},"categories":[23,27],"tags":[],"class_list":["post-575681","post","type-post","status-publish","format-standard","has-post-thumbnail","hentry","category-internacional","category-portada"],"_links":{"self":[{"href":"https:\/\/diariodominicano.com\/index.php?rest_route=\/wp\/v2\/posts\/575681","targetHints":{"allow":["GET"]}}],"collection":[{"href":"https:\/\/diariodominicano.com\/index.php?rest_route=\/wp\/v2\/posts"}],"about":[{"href":"https:\/\/diariodominicano.com\/index.php?rest_route=\/wp\/v2\/types\/post"}],"author":[{"embeddable":true,"href":"https:\/\/diariodominicano.com\/index.php?rest_route=\/wp\/v2\/users\/5"}],"replies":[{"embeddable":true,"href":"https:\/\/diariodominicano.com\/index.php?rest_route=%2Fwp%2Fv2%2Fcomments&post=575681"}],"version-history":[{"count":1,"href":"https:\/\/diariodominicano.com\/index.php?rest_route=\/wp\/v2\/posts\/575681\/revisions"}],"predecessor-version":[{"id":575683,"href":"https:\/\/diariodominicano.com\/index.php?rest_route=\/wp\/v2\/posts\/575681\/revisions\/575683"}],"wp:featuredmedia":[{"embeddable":true,"href":"https:\/\/diariodominicano.com\/index.php?rest_route=\/wp\/v2\/media\/575682"}],"wp:attachment":[{"href":"https:\/\/diariodominicano.com\/index.php?rest_route=%2Fwp%2Fv2%2Fmedia&parent=575681"}],"wp:term":[{"taxonomy":"category","embeddable":true,"href":"https:\/\/diariodominicano.com\/index.php?rest_route=%2Fwp%2Fv2%2Fcategories&post=575681"},{"taxonomy":"post_tag","embeddable":true,"href":"https:\/\/diariodominicano.com\/index.php?rest_route=%2Fwp%2Fv2%2Ftags&post=575681"}],"curies":[{"name":"wp","href":"https:\/\/api.w.org\/{rel}","templated":true}]}}