{"id":575667,"date":"2024-11-19T09:50:09","date_gmt":"2024-11-19T13:50:09","guid":{"rendered":"https:\/\/diariodominicano.com\/?p=575667"},"modified":"2024-11-19T09:50:11","modified_gmt":"2024-11-19T13:50:11","slug":"continuan-eventos-por-aniversario-de-acuerdo-de-paz-en-colombia","status":"publish","type":"post","link":"https:\/\/diariodominicano.com\/?p=575667","title":{"rendered":"Contin\u00faan eventos por aniversario de Acuerdo de Paz en Colombia"},"content":{"rendered":"\n<p>Bogot\u00e1, 19 nov (Prensa Latina) Las actividades para conmemorar el octavo aniversario de la firma del Acuerdo Final de Paz entre el Gobierno de Colombia y las extintas Fuerzas Armadas Revolucionarias-Ej\u00e9rcito del Pueblo (FARC-EP) contin\u00faan hoy en esa capital.<\/p>\n\n\n\n<ul class=\"wp-block-list\">\n<li><a href=\"https:\/\/www.prensa-latina.cu\/2024\/11\/19\/\"><time>noviembre 19, 2024 | 00:31<\/time><\/a><\/li>\n<\/ul>\n\n\n\n<ul class=\"wp-block-list\">\n<li><a href=\"https:\/\/www.prensa-latina.cu\/2024\/11\/19\/continuan-eventos-por-aniversario-de-acuerdo-de-paz-en-colombia\/#\"><\/a><\/li>\n\n\n\n<li><a href=\"https:\/\/www.prensa-latina.cu\/2024\/11\/19\/continuan-eventos-por-aniversario-de-acuerdo-de-paz-en-colombia\/#\"><\/a><\/li>\n\n\n\n<li><a href=\"https:\/\/www.prensa-latina.cu\/2024\/11\/19\/continuan-eventos-por-aniversario-de-acuerdo-de-paz-en-colombia\/#\"><\/a><\/li>\n\n\n\n<li><a href=\"https:\/\/www.prensa-latina.cu\/2024\/11\/19\/continuan-eventos-por-aniversario-de-acuerdo-de-paz-en-colombia\/#\"><\/a><\/li>\n<\/ul>\n\n\n\n<p>Para esta jornada se realizar\u00e1 una presentaci\u00f3n de los avances y desaf\u00edos del Pacto por la Implementaci\u00f3n del Cap\u00edtulo \u00c9tnico, en el cual se destacar\u00e1n los logros y los desaf\u00edos en el cumplimiento de ese apartado espec\u00edfico.<\/p>\n\n\n\n<p>El evento, que se desarrollar\u00e1 en el Auditorio Rogelio Salmona del Centro Cultural Gabriel Garc\u00eda M\u00e1rquez, promover\u00e1 asimismo la alineaci\u00f3n del Cap\u00edtulo \u00c9tnico con el Plan de Choque del Gobierno Nacional dise\u00f1ado para acelerar la ejecuci\u00f3n del Acuerdo.<\/p>\n\n\n\n<p>Como parte de la agenda de conmemoraci\u00f3n, durante la v\u00edspera se realiz\u00f3 el foro \u201cReincorporaci\u00f3n: un cambio hacia La Paz total y la no repetici\u00f3n\u201d y tambi\u00e9n un encuentro del Cap\u00edtulo de G\u00e9nero.<\/p>\n\n\n\n<p>Las acciones por el aniversario del Acuerdo incluyen actos simult\u00e1neos que se desarrollan en esta capital y tambi\u00e9n en otras ciudades, en los que se destacar\u00e1n los avances y los retos en su implementaci\u00f3n.<\/p>\n\n\n\n<p>Seg\u00fan detall\u00f3 el comunicado de la misi\u00f3n de la ONU en la naci\u00f3n sudamericana, tales actividades se efectuar\u00e1n durante toda la segunda quincena del mes de noviembre.<\/p>\n\n\n\n<p>El acto central se llevar\u00e1 a cabo el 21 de noviembre en la c\u00e9ntrica Plaza de Bol\u00edvar, en Bogot\u00e1, y contar\u00e1 con la participaci\u00f3n del presidente de la Rep\u00fablica, Gustavo Petro, exguerrilleros firmantes de paz, autoridades territoriales, organizaciones civiles y representantes de la comunidad internacional.<\/p>\n\n\n\n<p>De igual manera, contar\u00e1 con la presencia de la secretaria general adjunta de Asuntos Pol\u00edticos y de Consolidaci\u00f3n de la Paz de las Naciones Unidas, Rosemary DiCarlo.<\/p>\n\n\n\n<p>El Acuerdo Final de Paz entre el Gobierno colombiano y las FARC-EP se firm\u00f3 el 24 de noviembre de 2016, en el Teatro Col\u00f3n de Bogot\u00e1.<\/p>\n\n\n\n<p>oda\/ifs<\/p>\n\n\n\n<ul class=\"wp-block-list\">\n<li>#<a href=\"https:\/\/www.prensa-latina.cu\/etiqueta\/acuerdo\/\">acuerdo<\/a>\u00a0#<a href=\"https:\/\/www.prensa-latina.cu\/etiqueta\/aniversario\/\">aniversario<\/a>\u00a0#<a href=\"https:\/\/www.prensa-latina.cu\/etiqueta\/colombia\/\">colombia<\/a>\u00a0#<a href=\"https:\/\/www.prensa-latina.cu\/etiqueta\/paz\/\">paz<\/a><\/li>\n<\/ul>\n","protected":false},"excerpt":{"rendered":"<p>Bogot\u00e1, 19 nov (Prensa Latina) Las actividades para conmemorar el octavo aniversario de la firma del Acuerdo Final de Paz entre el Gobierno de Colombia y las extintas Fuerzas Armadas Revolucionarias-Ej\u00e9rcito del Pueblo (FARC-EP) contin\u00faan hoy en esa capital. Para esta jornada se realizar\u00e1 una presentaci\u00f3n de los avances y desaf\u00edos del Pacto por la [&hellip;]<\/p>\n","protected":false},"author":28,"featured_media":575668,"comment_status":"closed","ping_status":"closed","sticky":true,"template":"","format":"standard","meta":{"footnotes":""},"categories":[26],"tags":[],"class_list":["post-575667","post","type-post","status-publish","format-standard","has-post-thumbnail","hentry","category-efemerides"],"_links":{"self":[{"href":"https:\/\/diariodominicano.com\/index.php?rest_route=\/wp\/v2\/posts\/575667","targetHints":{"allow":["GET"]}}],"collection":[{"href":"https:\/\/diariodominicano.com\/index.php?rest_route=\/wp\/v2\/posts"}],"about":[{"href":"https:\/\/diariodominicano.com\/index.php?rest_route=\/wp\/v2\/types\/post"}],"author":[{"embeddable":true,"href":"https:\/\/diariodominicano.com\/index.php?rest_route=\/wp\/v2\/users\/28"}],"replies":[{"embeddable":true,"href":"https:\/\/diariodominicano.com\/index.php?rest_route=%2Fwp%2Fv2%2Fcomments&post=575667"}],"version-history":[{"count":1,"href":"https:\/\/diariodominicano.com\/index.php?rest_route=\/wp\/v2\/posts\/575667\/revisions"}],"predecessor-version":[{"id":575669,"href":"https:\/\/diariodominicano.com\/index.php?rest_route=\/wp\/v2\/posts\/575667\/revisions\/575669"}],"wp:featuredmedia":[{"embeddable":true,"href":"https:\/\/diariodominicano.com\/index.php?rest_route=\/wp\/v2\/media\/575668"}],"wp:attachment":[{"href":"https:\/\/diariodominicano.com\/index.php?rest_route=%2Fwp%2Fv2%2Fmedia&parent=575667"}],"wp:term":[{"taxonomy":"category","embeddable":true,"href":"https:\/\/diariodominicano.com\/index.php?rest_route=%2Fwp%2Fv2%2Fcategories&post=575667"},{"taxonomy":"post_tag","embeddable":true,"href":"https:\/\/diariodominicano.com\/index.php?rest_route=%2Fwp%2Fv2%2Ftags&post=575667"}],"curies":[{"name":"wp","href":"https:\/\/api.w.org\/{rel}","templated":true}]}}