{"id":575656,"date":"2024-11-19T09:16:23","date_gmt":"2024-11-19T13:16:23","guid":{"rendered":"https:\/\/diariodominicano.com\/?p=575656"},"modified":"2024-11-19T09:16:30","modified_gmt":"2024-11-19T13:16:30","slug":"el-g20-que-consiguio-en-su-primera-jornada-en-rio-de-janeiro","status":"publish","type":"post","link":"https:\/\/diariodominicano.com\/?p=575656","title":{"rendered":"El G20: \u00bfqu\u00e9 consigui\u00f3 en su primera jornada en R\u00edo de Janeiro?"},"content":{"rendered":"\n<p>Los l\u00edderes del G20 posan para una foto grupal en la Cumbre del G20 en R\u00edo de Janeiro, el lunes 18 de noviembre de 2024. (Eric Lee\/The New York Times v\u00eda AP, Pool)<\/p>\n\n\n\n<p>noviembre 19, 2024<\/p>\n\n\n\n<ul class=\"wp-block-list\">\n<li><a href=\"https:\/\/www.vozdeamerica.com\/author\/nicole-kolster\/jku_t\">Nicole Kolster<\/a><\/li>\n<\/ul>\n\n\n\n<ul class=\"wp-block-list\">\n<li><a href=\"https:\/\/facebook.com\/sharer.php?u=https%3a%2f%2fwww.vozdeamerica.com%2fa%2fel-mundo-esta-peor-las-claves-del-g20-el-hambre-y-las-guerras%2f7868783.html\" target=\"_blank\" rel=\"noreferrer noopener\"><\/a><\/li>\n\n\n\n<li><a href=\"https:\/\/twitter.com\/share?url=https%3a%2f%2fwww.vozdeamerica.com%2fa%2fel-mundo-esta-peor-las-claves-del-g20-el-hambre-y-las-guerras%2f7868783.html&amp;text=El+G20%3a+%c2%bfqu%c3%a9+consigui%c3%b3+en+su+primera+jornada+en+R%c3%ado+de+Janeiro%3f\" target=\"_blank\" rel=\"noreferrer noopener\"><\/a><\/li>\n\n\n\n<li><\/li>\n\n\n\n<li><a href=\"mailto:?body=https%3a%2f%2fwww.vozdeamerica.com%2fa%2fel-mundo-esta-peor-las-claves-del-g20-el-hambre-y-las-guerras%2f7868783.html&amp;subject=El%20G20:%20%C2%BFqu%C3%A9%20consigui%C3%B3%20en%20su%20primera%20jornada%20en%20R%C3%ADo%20de%20Janeiro?\"><\/a><\/li>\n<\/ul>\n\n\n\n<p><a href=\"https:\/\/www.vozdeamerica.com\/a\/el-mundo-esta-peor-las-claves-del-g20-el-hambre-y-las-guerras\/7868783.html#comments\">&nbsp;Vea comentarios<\/a><\/p>\n\n\n\n<p>Los l\u00edderes del G2o concluyen este martes su cumbre anual en R\u00edo de Janeiro. Una declaraci\u00f3n conjunto recoge hasta ahora el apoyo del grupo a un \u201calto al fuego\u201d en Gaza y en el L\u00edbano, una \u201cpaz amplia, justa y duradera\u201d en Ucrania y un impuesto a los m\u00e1s ricos para financiar lucha contra la pobreza.<\/p>\n\n\n\n<p>R\u00cdO DE JANEIRO \u2014&nbsp;<\/p>\n\n\n\n<p>Con polic\u00edas, militares con cascos y armas largas, calles cerradas y sus playas repletas de turistas y locales, la ciudad brasile\u00f1a de R\u00edo de Janeiro acoge por segundo d\u00eda este martes a jefes de Estado, en la \u00faltima jornada de la cumbre del Grupo de las 20 principales econom\u00edas, que consigui\u00f3 hasta ahora un consenso b\u00e1sico sobre el sufrimiento humano a causa de la guerra en Gaza y las consecuencias econ\u00f3micas del conflicto.<\/p>\n\n\n\n<p>Tambi\u00e9n los l\u00edderes se pusieron de acuerdo el lunes a trav\u00e9s de una declaraci\u00f3n conjunta sobre la \u00abprofunda preocupaci\u00f3n por la catastr\u00f3fica situaci\u00f3n humanitaria en la Franja de Gaza\u00bb. En el texto, los mandatarios pidieron con urgencia m\u00e1s ayuda y protecci\u00f3n para los civiles junto con un alto el fuego completo en Gaza y el L\u00edbano.<\/p>\n\n\n\n<p>El G20 apoya un \u201calto al fuego\u201d en Gaza y en el L\u00edbano, una \u201cpaz amplia, justa y duradera\u201d en Ucrania, y cooperar\u00e1 para que los&nbsp;<em>superricos<\/em>&nbsp;paguen \u201cefectivamente\u201d impuestos, expresaron los l\u00edderes en la declaraci\u00f3n final suscrita el lunes.<\/p>\n\n\n\n<p>Sin mencionar a Rusia, el texto indic\u00f3 que la paz debe estar en consonancia con los principios de la ONU y promover unas relaciones \u201cpac\u00edficas, amistosas y buenas\u201d entre pa\u00edses vecinos.<\/p>\n\n\n\n<p>De igual forma, el texto hizo un llamado a los pa\u00edses a cooperar en temas como el cambio clim\u00e1tico, la reducci\u00f3n de la pobreza y&nbsp;<strong><a href=\"https:\/\/www.vozdeamerica.com\/a\/una-propuesta-de-impuestos-para-los-superricos-marca-comienzo-de-la-cumbre-del-g20\/7867453.html\" target=\"_blank\" rel=\"noreferrer noopener\">la pol\u00edtica fiscal.<\/a><\/strong><\/p>\n\n\n\n<p>El gran ausente a la reuni\u00f3n de dos d\u00edas es el presidente ruso Vladimir Putin, quien envi\u00f3 en su lugar al ministro de Asuntos Exteriores Serg\u00e9i Lavrov.<\/p>\n\n\n\n<p>La declaraci\u00f3n final fue posible despu\u00e9s de negociaciones el fin de semana, incluyendo un debate sobre la pol\u00edtica clim\u00e1tica que se prolong\u00f3 hasta la madrugada del domingo, de acuerdo con fuentes que participaron en las negociaciones.<\/p>\n\n\n\n<figure class=\"wp-block-image\"><img decoding=\"async\" src=\"https:\/\/gdb.voanews.com\/9229a0c7-5559-4960-a302-4cd1a154d6ec_w650_r1_s.jpg\" alt=\"R\u00edo de Janeiro acoge por segundo d\u00eda a jefes de Estado, en la \u00faltima jornada de la Cumbre del Grupo de las 20 principales econom\u00edas (G20).\"\/><figcaption class=\"wp-element-caption\">R\u00edo de Janeiro acoge por segundo d\u00eda a jefes de Estado, en la \u00faltima jornada de la Cumbre del Grupo de las 20 principales econom\u00edas (G20).<\/figcaption><\/figure>\n\n\n\n<h3 class=\"wp-block-heading\">\u00abEl mundo est\u00e1 peor\u00bb: Lula da Silva, defensor del impuesto para patrimonios ultraaltos<\/h3>\n\n\n\n<p>Como se esperaba, la declaraci\u00f3n final del G20 reafirm\u00f3 el lunes que el grupo cooperar\u00e1 para que los \u00absuperricos\u00bb paguen \u201cefectivamente\u201d impuestos. \u201cProcuraremos involucrarnos cooperativamente para garantizar que individuos con patrimonio neto&nbsp;<em>ultraalto<\/em>&nbsp;sean efectivamente tasados\u201d, expres\u00f3 el documento.<\/p>\n\n\n\n<p>La iniciativa, impulsada por Lula da Silva busca aplicar un impuesto de 2 % a 3.000 multimillonarios para financiar la lucha contra el hambre.<\/p>\n\n\n\n<p>\u201cEstuve en la primera reuni\u00f3n de l\u00edderes del G20, convocada en Washington en el contexto de la crisis financiera de 2008. Dieciseis a\u00f1os despu\u00e9s, me doy cuenta con tristeza de que el mundo est\u00e1 peor\u201d, dijo Lula en su discurso inaugural.<\/p>\n\n\n\n<p>Con ese plan se podr\u00edan recaudar entre 200.000 y 250.000 millones de d\u00f3lares, seg\u00fan su principal promotor, el economista franc\u00e9s Gabriel Zucman, profesor asociado de Pol\u00edticas P\u00fablicas y Econom\u00eda en la Universidad de California y asesor de Lula en este tema.<\/p>\n\n\n\n<figure class=\"wp-block-image\"><img decoding=\"async\" src=\"https:\/\/gdb.voanews.com\/622653e3-662b-45d0-8093-180024911258_w650_r1_s.jpg\" alt=\"R\u00edo de Janeiro reforz\u00f3 su seguridad con unos 26.000 agentes de la polic\u00eda y el ej\u00e9rcito. Patrullas y hombres fuertemente armados se pueden ver en la popular playa de Copacabana.\"\/><figcaption class=\"wp-element-caption\">R\u00edo de Janeiro reforz\u00f3 su seguridad con unos 26.000 agentes de la polic\u00eda y el ej\u00e9rcito. Patrullas y hombres fuertemente armados se pueden ver en la popular playa de Copacabana.<\/figcaption><\/figure>\n\n\n\n<h3 class=\"wp-block-heading\">EEUU reitera apoyo a Ucrania<\/h3>\n\n\n\n<p>El presidente de Estados Unidos, Joe Biden, inst\u00f3 el lunes en su discurso a los l\u00edderes del G20 a apoyar la soberan\u00eda de Ucrania. \u201cEstados Unidos apoya firmemente la soberan\u00eda y la integridad territorial de Ucrania. Todos en esta mesa, en mi opini\u00f3n, deber\u00edan hacer lo mismo\u201d, dijo Biden el lunes.<\/p>\n\n\n\n<p>Su comentario lleg\u00f3 un d\u00eda despu\u00e9s de que reportes de prensa de las agencias&nbsp;<em>Reuters<\/em>&nbsp;y<em>&nbsp;AP<\/em>&nbsp;aseguraron, citando a un funcionario y otras fuentes conocedoras del asunto, que el gobierno de Biden habr\u00eda otorgado permiso a Ucrania para utilizar misiles de largo alcance suministrados por Estados Unidos para atacar dentro de Rusia.<\/p>\n\n\n\n<p><a href=\"https:\/\/www.vozdeamerica.com\/a\/eeuu-no-confirma-que-biden-permitio-a-ucrania-atacar-a-rusia-con-misiles-estadounidenses\/7867628.html\" target=\"_blank\" rel=\"noreferrer noopener\"><strong>La administraci\u00f3n de EEUU no ha confirmado los reportes<\/strong>&nbsp;<\/a>sobre esa decisi\u00f3n, que de producirse generar\u00eda m\u00e1s tensiones y acentuar\u00eda la implicaci\u00f3n de Washington en el conflicto.<\/p>\n\n\n\n<p><strong>Lea tambi\u00e9n:&nbsp;<a href=\"https:\/\/www.vozdeamerica.com\/a\/decision-biden-permitir-ucrania-use-misiles-estadounidenses-\/7868515.html\" target=\"_blank\" rel=\"noreferrer noopener\">\u00bfQu\u00e9 implica permitir que Ucrania use misiles estadounidenses?<\/a><\/strong><\/p>\n\n\n\n<figure class=\"wp-block-image\"><img decoding=\"async\" src=\"https:\/\/gdb.voanews.com\/35ced841-e73d-43b2-9ceb-5b01566b4203_w650_r0_s.jpg\" alt=\"El presidente de Estados Unidos, Joe Biden, asiste a la presentaci\u00f3n de la Alianza Global contra el Hambre y la Pobreza, en la Cumbre del G20 en el Museo de Arte Moderno de R\u00edo de Janeiro, Brasil, el lunes 18 de noviembre de 2024.\"\/><figcaption class=\"wp-element-caption\">El presidente de Estados Unidos, Joe Biden, asiste a la presentaci\u00f3n de la Alianza Global contra el Hambre y la Pobreza, en la Cumbre del G20 en el Museo de Arte Moderno de R\u00edo de Janeiro, Brasil, el lunes 18 de noviembre de 2024.<\/figcaption><\/figure>\n\n\n\n<h3 class=\"wp-block-heading\">\u00bfQu\u00e9 es el G20?<\/h3>\n\n\n\n<p>El G20 es un foro internacional que re\u00fane a los pa\u00edses con las \u201cmayores econom\u00edas\u201d del mundo. Su funci\u00f3n es la configuraci\u00f3n y el fortalecimiento de la arquitectura y gobernanza mundial en las cuestiones econ\u00f3micas internacionales.<\/p>\n\n\n\n<p>El foro cada a\u00f1o discute temas de salud, justicia social, cultura, cambio clim\u00e1tico, agricultura, turismo y lucha contra la corrupci\u00f3n.<\/p>\n\n\n\n<p>El G20 no cuenta con \u00f3rgano ni consejo ejecutivo, su presidencia es rotativa y dura un a\u00f1o. Sus decisiones no son vinculables jur\u00eddicamente para sus integrantes. Este a\u00f1o, Brasil est\u00e1 a cargo de la presidencia del G20.<\/p>\n\n\n\n<h3 class=\"wp-block-heading\">\u00bfC\u00f3mo surgi\u00f3?<\/h3>\n\n\n\n<p>El G20 fue concebido en 1999 como respuesta a la crisis financiera en Asia (1998), que aument\u00f3 el temor de un desastre econ\u00f3mico mundial. Y se ide\u00f3 como un espacio de coordinaci\u00f3n entre ministros de finanzas y presidentes de los bancos centrales de las principales econom\u00edas desarrolladas y emergentes.<\/p>\n\n\n\n<p>En 2018, tras la estela de la crisis financiera mundial, el G20 se elev\u00f3 a un espacio para jefes de Estado y de gobierno, donde pudieran encontrarse cada a\u00f1o durante dos d\u00edas. Entonces, fue designado como \u201cel principal foro para la cooperaci\u00f3n econ\u00f3mica internacional\u201d.<\/p>\n\n\n\n<p>Con los a\u00f1os, el G20 ha evolucionado en la agenda.<\/p>\n\n\n\n<p>Sud\u00e1frica asumir\u00e1 el pr\u00f3ximo 1 de diciembre y hasta el 31 de noviembre de 2025 la presidencia rotatoria del G20.<\/p>\n\n\n\n<h3 class=\"wp-block-heading\">\u00bfQui\u00e9nes participan en el G20?<\/h3>\n\n\n\n<p>Est\u00e1 conformado por 19 pa\u00edses y la Uni\u00f3n Europea (UE), y seg\u00fan datos oficiales, juntos representan el 85 % del Producto Interno Bruto (PIB) mundial, m\u00e1s del 17 % del comercio mundial y cerca de dos terceras partes de la poblaci\u00f3n del mundo.<\/p>\n\n\n\n<p>Los pa\u00edses que conforman el foro son Alemania, Arabia Saudita, Argentina, Australia, Brasil, Canad\u00e1, China, Estados Unidos, Francia, India, Indonesia, Italia, Jap\u00f3n, M\u00e9xico, Reino Unido, Rep\u00fablica de Corea, Rusia, Sud\u00e1frica, Turqu\u00eda y la Uni\u00f3n Europa (UE).<\/p>\n\n\n\n<p>Tambi\u00e9n participan ocho organizaciones internacionales. Entre ellas, la Organizaci\u00f3n de Naciones Unidas (ONU), el Fondo Monetario Internacional (FM), la Organizaci\u00f3n Mundial de la Salud (OMS) y el Banco Mundial (BM).<\/p>\n\n\n\n<figure class=\"wp-block-image\"><img decoding=\"async\" src=\"https:\/\/gdb.voanews.com\/86d3a297-5152-4b67-a92f-24b0fdd84d76_w650_r1_s.jpg\" alt=\"Sud\u00e1frica asumir\u00e1 el pr\u00f3ximo 1 de diciembre y hasta el 31 de noviembre de 2025 la presidencia rotatoria del G20.\"\/><figcaption class=\"wp-element-caption\">Sud\u00e1frica asumir\u00e1 el pr\u00f3ximo 1 de diciembre y hasta el 31 de noviembre de 2025 la presidencia rotatoria del G20.<\/figcaption><\/figure>\n","protected":false},"excerpt":{"rendered":"<p>Los l\u00edderes del G20 posan para una foto grupal en la Cumbre del G20 en R\u00edo de Janeiro, el lunes 18 de noviembre de 2024. (Eric Lee\/The New York Times v\u00eda AP, Pool) noviembre 19, 2024 &nbsp;Vea comentarios Los l\u00edderes del G2o concluyen este martes su cumbre anual en R\u00edo de Janeiro. Una declaraci\u00f3n conjunto [&hellip;]<\/p>\n","protected":false},"author":28,"featured_media":575657,"comment_status":"closed","ping_status":"closed","sticky":true,"template":"","format":"standard","meta":{"footnotes":""},"categories":[36,18,23],"tags":[],"class_list":["post-575656","post","type-post","status-publish","format-standard","has-post-thumbnail","hentry","category-hombresmujeresycosas","category-economia","category-internacional"],"_links":{"self":[{"href":"https:\/\/diariodominicano.com\/index.php?rest_route=\/wp\/v2\/posts\/575656","targetHints":{"allow":["GET"]}}],"collection":[{"href":"https:\/\/diariodominicano.com\/index.php?rest_route=\/wp\/v2\/posts"}],"about":[{"href":"https:\/\/diariodominicano.com\/index.php?rest_route=\/wp\/v2\/types\/post"}],"author":[{"embeddable":true,"href":"https:\/\/diariodominicano.com\/index.php?rest_route=\/wp\/v2\/users\/28"}],"replies":[{"embeddable":true,"href":"https:\/\/diariodominicano.com\/index.php?rest_route=%2Fwp%2Fv2%2Fcomments&post=575656"}],"version-history":[{"count":1,"href":"https:\/\/diariodominicano.com\/index.php?rest_route=\/wp\/v2\/posts\/575656\/revisions"}],"predecessor-version":[{"id":575658,"href":"https:\/\/diariodominicano.com\/index.php?rest_route=\/wp\/v2\/posts\/575656\/revisions\/575658"}],"wp:featuredmedia":[{"embeddable":true,"href":"https:\/\/diariodominicano.com\/index.php?rest_route=\/wp\/v2\/media\/575657"}],"wp:attachment":[{"href":"https:\/\/diariodominicano.com\/index.php?rest_route=%2Fwp%2Fv2%2Fmedia&parent=575656"}],"wp:term":[{"taxonomy":"category","embeddable":true,"href":"https:\/\/diariodominicano.com\/index.php?rest_route=%2Fwp%2Fv2%2Fcategories&post=575656"},{"taxonomy":"post_tag","embeddable":true,"href":"https:\/\/diariodominicano.com\/index.php?rest_route=%2Fwp%2Fv2%2Ftags&post=575656"}],"curies":[{"name":"wp","href":"https:\/\/api.w.org\/{rel}","templated":true}]}}