{"id":575652,"date":"2024-11-19T09:08:08","date_gmt":"2024-11-19T13:08:08","guid":{"rendered":"https:\/\/diariodominicano.com\/?p=575652"},"modified":"2024-11-19T09:11:25","modified_gmt":"2024-11-19T13:11:25","slug":"fiesta-nacional-de-monaco-ee-uu-felicita-al-gobierno-y-al-pueblo","status":"publish","type":"post","link":"https:\/\/diariodominicano.com\/?p=575652","title":{"rendered":"Fiesta Nacional de M\u00f3naco: EE UU felicita al Gobierno y al pueblo"},"content":{"rendered":"\n<p>Archivo: El secretario Antony J. Blinken<\/p>\n\n\n\n<p>19 de noviembre de 2024<\/p>\n\n\n\n<p>En nombre de los Estados Unidos de Am\u00e9rica, extiendo mis m\u00e1s sinceras felicitaciones al Gobierno y al pueblo de M\u00f3naco con motivo de\u00a0<em>la Fiesta del Pr\u00edncipe<\/em>, expres\u00f3 el martes el secretario de Estado Antony J. Blinken\u00a0.<\/p>\n\n\n\n<p>\u00abLos Estados Unidos y M\u00f3naco han disfrutado de una s\u00f3lida y duradera alianza durante 168 a\u00f1os. Nuestras naciones han trabajado juntas para defender los derechos humanos, promover la libertad y abordar desaf\u00edos globales como el cambio clim\u00e1tico. Elogio el liderazgo de Su Alteza Real el Pr\u00edncipe Alberto II en materia de conservaci\u00f3n ambiental y desarrollo sostenible, que sigue inspirando e impulsando los esfuerzos internacionales\u00bb.<\/p>\n\n\n\n<p>Manifest\u00f3 que Al celebrar este d\u00eda especial, conf\u00edo en que nuestra colaboraci\u00f3n se fortalecer\u00e1 a\u00fan m\u00e1s, basada en nuestros valores compartidos y nuestro compromiso con la democracia, los derechos humanos fundamentales y el estado de derecho, mientras trabajamos juntos para crear un mundo mejor para nuestros ciudadanos y las generaciones futuras.<\/p>\n\n\n\n<p>\u00abNuestros m\u00e1s c\u00e1lidos deseos para el pueblo de M\u00f3naco para un a\u00f1o venidero lleno de alegr\u00eda, paz y prosperidad\u00bb, concluy\u00f3\u2002Blinken.<\/p>\n\n\n\n<p>U.S. Department of State<\/p>\n\n\n\n<p>U.S. Department of State ()<\/p>\n\n\n\n<p><a target=\"_blank\" href=\"mailto:usstatebpa@public.govdelivery.com\" rel=\"noreferrer noopener\">usstatebpa@public.govdelivery.com<\/a><\/p>\n\n\n\n<p>Comunicado de prensa<\/p>\n","protected":false},"excerpt":{"rendered":"<p>Archivo: El secretario Antony J. Blinken 19 de noviembre de 2024 En nombre de los Estados Unidos de Am\u00e9rica, extiendo mis m\u00e1s sinceras felicitaciones al Gobierno y al pueblo de M\u00f3naco con motivo de\u00a0la Fiesta del Pr\u00edncipe, expres\u00f3 el martes el secretario de Estado Antony J. Blinken\u00a0. \u00abLos Estados Unidos y M\u00f3naco han disfrutado de [&hellip;]<\/p>\n","protected":false},"author":28,"featured_media":556695,"comment_status":"closed","ping_status":"closed","sticky":true,"template":"","format":"standard","meta":{"footnotes":""},"categories":[21,26,23],"tags":[],"class_list":["post-575652","post","type-post","status-publish","format-standard","has-post-thumbnail","hentry","category-cultura","category-efemerides","category-internacional"],"_links":{"self":[{"href":"https:\/\/diariodominicano.com\/index.php?rest_route=\/wp\/v2\/posts\/575652","targetHints":{"allow":["GET"]}}],"collection":[{"href":"https:\/\/diariodominicano.com\/index.php?rest_route=\/wp\/v2\/posts"}],"about":[{"href":"https:\/\/diariodominicano.com\/index.php?rest_route=\/wp\/v2\/types\/post"}],"author":[{"embeddable":true,"href":"https:\/\/diariodominicano.com\/index.php?rest_route=\/wp\/v2\/users\/28"}],"replies":[{"embeddable":true,"href":"https:\/\/diariodominicano.com\/index.php?rest_route=%2Fwp%2Fv2%2Fcomments&post=575652"}],"version-history":[{"count":2,"href":"https:\/\/diariodominicano.com\/index.php?rest_route=\/wp\/v2\/posts\/575652\/revisions"}],"predecessor-version":[{"id":575655,"href":"https:\/\/diariodominicano.com\/index.php?rest_route=\/wp\/v2\/posts\/575652\/revisions\/575655"}],"wp:featuredmedia":[{"embeddable":true,"href":"https:\/\/diariodominicano.com\/index.php?rest_route=\/wp\/v2\/media\/556695"}],"wp:attachment":[{"href":"https:\/\/diariodominicano.com\/index.php?rest_route=%2Fwp%2Fv2%2Fmedia&parent=575652"}],"wp:term":[{"taxonomy":"category","embeddable":true,"href":"https:\/\/diariodominicano.com\/index.php?rest_route=%2Fwp%2Fv2%2Fcategories&post=575652"},{"taxonomy":"post_tag","embeddable":true,"href":"https:\/\/diariodominicano.com\/index.php?rest_route=%2Fwp%2Fv2%2Ftags&post=575652"}],"curies":[{"name":"wp","href":"https:\/\/api.w.org\/{rel}","templated":true}]}}