{"id":575606,"date":"2024-11-19T01:54:59","date_gmt":"2024-11-19T05:54:59","guid":{"rendered":"https:\/\/diariodominicano.com\/?p=575606"},"modified":"2024-11-19T02:00:39","modified_gmt":"2024-11-19T06:00:39","slug":"presidente-abinader-recibe-en-palacio-nacional-al-vicepresidente-de-la-asamblea-nacional-de-la-republica-popular-china-li-hongzhong","status":"publish","type":"post","link":"https:\/\/diariodominicano.com\/?p=575606","title":{"rendered":"Presidente Abinader recibe al vicepresidente de la Asamblea Nacional de la Rep\u00fablica Popular China, Li Hongzhong"},"content":{"rendered":"\n<p>18 de Noviembre 2024 | 18:04<\/p>\n\n\n\n<figure class=\"wp-block-image\"><img decoding=\"async\" src=\"https:\/\/platform-cdn.sharethis.com\/img\/facebook.svg\" alt=\"facebook sharing button\"\/><\/figure>\n\n\n\n<figure class=\"wp-block-image\"><img decoding=\"async\" src=\"https:\/\/platform-cdn.sharethis.com\/img\/twitter.svg\" alt=\"twitter sharing button\"\/><\/figure>\n\n\n\n<figure class=\"wp-block-image\"><img decoding=\"async\" src=\"https:\/\/platform-cdn.sharethis.com\/img\/sharethis.svg\" alt=\"sharethis sharing button\"\/><\/figure>\n\n\n\n<p>Santo Domingo, RD. &#8211;<strong>El presidente Luis Abinader<\/strong>\u00a0recibi\u00f3, en el\u00a0<strong>Palacio Nacional,<\/strong>\u00a0la visita de una delegaci\u00f3n encabezada por el\u00a0<strong>vicepresidente de la Asamblea Nacional de la Rep\u00fablica Popular China<\/strong>\u00a0y miembro del\u00a0<strong>Bur\u00f3 Pol\u00edtico<\/strong>\u00a0del Comit\u00e9 Central del Partido Comunista,\u00a0<strong>Li Hongzhong<\/strong>, con la finalidad de continuar fortaleciendo los\u00a0<strong>lazos de cooperaci\u00f3n internacional<\/strong>\u00a0entre ambas naciones.\u00a0<\/p>\n\n\n\n<p>En el encuentro, realizado en el Sal\u00f3n Privado, participaron el presidente de la C\u00e1mara de Diputados,&nbsp;<strong>Alfredo Pacheco<\/strong>; los ministros, de Relaciones Exteriores,&nbsp;<strong>Roberto \u00c1lvarez<\/strong>; de la Presidencia,&nbsp;<strong>Jos\u00e9 Ignacio Paliza<\/strong>; el ministro para Pol\u00edticas de Integraci\u00f3n Regional de Rep\u00fablica Dominicana,&nbsp;<strong>Miguel Mej\u00eda<\/strong>, y el embajador de la Rep\u00fablica Popular China ante la Rep\u00fablica Dominicana,&nbsp;<strong>Chen Luning.<\/strong><\/p>\n\n\n\n<figure class=\"wp-block-image\"><img decoding=\"async\" src=\"https:\/\/presidencia.gob.do\/sites\/default\/files\/inline-images\/WhatsApp%20Image%202024-11-18%20at%2017.49.56.jpeg\" alt=\"\"\/><\/figure>\n\n\n\n<p><strong>Sobre Li Hongzhong<\/strong><\/p>\n\n\n\n<p><strong>Li Hongzhong, nacido en 1956<\/strong><\/p>\n\n\n\n<p>Actualmente es miembro del&nbsp;<strong>Bur\u00f3 Pol\u00edtico del Comit\u00e9 Central del PCCh<\/strong>&nbsp;y vicepresidente del&nbsp;<strong>Comit\u00e9 Permanente de la Asamblea Popular Nacional.&nbsp;<\/strong><\/p>\n\n\n\n<p>Se ha desempe\u00f1ado como vicegobernador de la\u00a0<strong>provincia de Guangdong<\/strong>, alcalde y secretario del\u00a0<strong>Comit\u00e9 Municipal del PCCh de Shenzhen<\/strong>, gobernador y secretario del\u00a0<strong>Comit\u00e9 provincial del PCCh de Hubei,<\/strong>\u00a0secretario del\u00a0<strong>Comit\u00e9 Municipal del PCCh de Tianjin.<\/strong><\/p>\n\n\n\n<p>Con informaci\u00f3n de la Presidencia de la Rep\u00fablica dominicana.<\/p>\n\n\n\n<p>#Abinader\u2003\u2003\u2003 #China\u2003\u2003\u2003\u2003#<strong>Li Hongzhong<\/strong>,<\/p>\n","protected":false},"excerpt":{"rendered":"<p>18 de Noviembre 2024 | 18:04 Santo Domingo, RD. &#8211;El presidente Luis Abinader\u00a0recibi\u00f3, en el\u00a0Palacio Nacional,\u00a0la visita de una delegaci\u00f3n encabezada por el\u00a0vicepresidente de la Asamblea Nacional de la Rep\u00fablica Popular China\u00a0y miembro del\u00a0Bur\u00f3 Pol\u00edtico\u00a0del Comit\u00e9 Central del Partido Comunista,\u00a0Li Hongzhong, con la finalidad de continuar fortaleciendo los\u00a0lazos de cooperaci\u00f3n internacional\u00a0entre ambas naciones.\u00a0 En el [&hellip;]<\/p>\n","protected":false},"author":28,"featured_media":575607,"comment_status":"closed","ping_status":"closed","sticky":true,"template":"","format":"standard","meta":{"footnotes":""},"categories":[20,26],"tags":[],"class_list":["post-575606","post","type-post","status-publish","format-standard","has-post-thumbnail","hentry","category-dominicana-hoy","category-efemerides"],"_links":{"self":[{"href":"https:\/\/diariodominicano.com\/index.php?rest_route=\/wp\/v2\/posts\/575606","targetHints":{"allow":["GET"]}}],"collection":[{"href":"https:\/\/diariodominicano.com\/index.php?rest_route=\/wp\/v2\/posts"}],"about":[{"href":"https:\/\/diariodominicano.com\/index.php?rest_route=\/wp\/v2\/types\/post"}],"author":[{"embeddable":true,"href":"https:\/\/diariodominicano.com\/index.php?rest_route=\/wp\/v2\/users\/28"}],"replies":[{"embeddable":true,"href":"https:\/\/diariodominicano.com\/index.php?rest_route=%2Fwp%2Fv2%2Fcomments&post=575606"}],"version-history":[{"count":5,"href":"https:\/\/diariodominicano.com\/index.php?rest_route=\/wp\/v2\/posts\/575606\/revisions"}],"predecessor-version":[{"id":575614,"href":"https:\/\/diariodominicano.com\/index.php?rest_route=\/wp\/v2\/posts\/575606\/revisions\/575614"}],"wp:featuredmedia":[{"embeddable":true,"href":"https:\/\/diariodominicano.com\/index.php?rest_route=\/wp\/v2\/media\/575607"}],"wp:attachment":[{"href":"https:\/\/diariodominicano.com\/index.php?rest_route=%2Fwp%2Fv2%2Fmedia&parent=575606"}],"wp:term":[{"taxonomy":"category","embeddable":true,"href":"https:\/\/diariodominicano.com\/index.php?rest_route=%2Fwp%2Fv2%2Fcategories&post=575606"},{"taxonomy":"post_tag","embeddable":true,"href":"https:\/\/diariodominicano.com\/index.php?rest_route=%2Fwp%2Fv2%2Ftags&post=575606"}],"curies":[{"name":"wp","href":"https:\/\/api.w.org\/{rel}","templated":true}]}}