{"id":575504,"date":"2024-11-18T20:49:42","date_gmt":"2024-11-19T00:49:42","guid":{"rendered":"https:\/\/diariodominicano.com\/?p=575504"},"modified":"2024-11-18T20:49:44","modified_gmt":"2024-11-19T00:49:44","slug":"infotep-integrara-las-micro-certificaciones-en-su-oferta-formativa","status":"publish","type":"post","link":"https:\/\/diariodominicano.com\/?p=575504","title":{"rendered":"INFOTEP integrar\u00e1 las micro certificaciones en su oferta formativa"},"content":{"rendered":"\n<p>\u00b7&nbsp;&nbsp;&nbsp;&nbsp;&nbsp;&nbsp;&nbsp;&nbsp;<em>Se trata de certificaciones de corto plazo que validan habilidades puntuales, expuso en una charla el experto Rodrigo Avenda\u00f1o<\/em><\/p>\n\n\n\n<p>Santo Domingo. -El Instituto Nacional de Formaci\u00f3n T\u00e9cnico Profesional (INFOTEP) est\u00e1 identificando oportunidades de integraci\u00f3n de microcertificaciones en su oferta formativa. En esa direcci\u00f3n, el experto internacional, Rodrigo Avenda\u00f1o ofreci\u00f3 la conferencia Microcertificaciones: El Futuro de la Formaci\u00f3n T\u00e9cnico Profesional (FTP) y la Puerta al \u00c9xito Empresarial.<\/p>\n\n\n\n<p>Al dar apertura a esta conferencia, el Director de Formaci\u00f3n Profesional del INFOTEP, Luis Beltr\u00e9, expuso que la misma forma parte de los lineamientos de trabajo dise\u00f1ados en la gesti\u00f3n del director de la instituci\u00f3n, Rafael Santos Bad\u00eda, con el Plan Estrat\u00e9gico Institucional 2024-2028 y con el Plan Operativo Anual.<\/p>\n\n\n\n<figure class=\"wp-block-image\"><img decoding=\"async\" src=\"https:\/\/diariodominicano.com\/wp-content\/uploads\/2024\/11\/Rodrigo-Avendano-ofrecio-la-conferencia-Microcertificaciones-1024x621.jpg\" alt=\"\"\/><\/figure>\n\n\n\n<p>Beltr\u00e9 anunci\u00f3 que esta actividad es el pre\u00e1mbulo para la implementaci\u00f3n de la primera microcertificaci\u00f3n en el INFOTEP.<\/p>\n\n\n\n<p>Aveda\u00f1o define las microcertificaciones como certificaciones de corto plazo que validan habilidades puntuales, \u00fatiles para el trabajo. Explica que suelen ser menos formales y no siempre est\u00e1n integradas en un sistema educativo.<\/p>\n\n\n\n<p>En su charla, dirigida a colaboradores del INFOTEP, dio a conocer la importancia y ventajas de las microcertificaciones. Dijo que fortalecen las competencias t\u00e9cnicas de los trabajadores, al mismo tiempo que responden eficientemente a las necesidades del sector empresarial.<\/p>\n\n\n\n<p>De igual manera analiz\u00f3 el concepto, c\u00f3mo funcionan, qu\u00e9 son, qu\u00e9 ventajas ofrecen a la FTP. Tambi\u00e9n su impacto en la empleabilidad y en la actualizaci\u00f3n de habilidades frente a nuevas tecnolog\u00edas.<\/p>\n\n\n\n<p>Las microcertificaciones tienen como prop\u00f3sito certificar habilidades espec\u00edficas, diferente a los cursos, en los cuales se adquieren conocimientos generales o de los workshops, cuyo objetivo es el aprendizaje pr\u00e1ctico y aplicado, enfocado en habilidades puntuales.<\/p>\n\n\n\n<p><strong><em>Caracter\u00edsticas de las microcertificaciones<\/em><\/strong><\/p>\n\n\n\n<p>Entre las caracter\u00edsticas deseables de estas certificaciones, el especialista en transformaci\u00f3n digital cit\u00f3 que son dirigidas, r\u00e1pidas, flexibles, aplicables; que incluyen evaluaci\u00f3n, son portables, requieren un tiempo de esfuerzo, tienen garant\u00eda, escala, reportes e identidad digital.<\/p>\n\n\n\n<p><strong><em>Beneficios para el sector empresarial<\/em><\/strong><\/p>\n\n\n\n<p>Rodrigo Avenda\u00f1o explic\u00f3 que las microcertificaciones cubren necesidades inmediatas en competencias t\u00e9cnicas y tecnol\u00f3gicas espec\u00edficas; establece un est\u00e1ndar de competencias en el mercado, facilitando la contrataci\u00f3n y promoci\u00f3n de personal.<\/p>\n\n\n\n<p>Adem\u00e1s, permiten formaci\u00f3n continua compatible con la jornada laboral, maximizando el aprendizaje sin interferir en el trabajo y optimizan el retorno de inversi\u00f3n en capacitaci\u00f3n mediante programas espec\u00edficos y de corta duraci\u00f3n y mejoran la capacidad de respuesta ante cambios tecnol\u00f3gicos, reduciendo brechas de habilidades.<\/p>\n\n\n\n<p><strong>Perfil del conferencista<\/strong><\/p>\n\n\n\n<p>Rodrigo Avenda\u00f1o es un profesional con casi 40 a\u00f1os de experiencia en la formaci\u00f3n y desarrollo de habilidades t\u00e9cnicas, y gesti\u00f3n consultiva B2B, especialmente en tecnolog\u00edas maduras en constante evoluci\u00f3n y emergentes, aplicadas a sectores clave en Am\u00e9rica Latina.<\/p>\n\n\n\n<p>Su trayectoria destaca por un enfoque integral en el dise\u00f1o, implementaci\u00f3n, operaci\u00f3n y gesti\u00f3n de soluciones tecnol\u00f3gicas avanzadas, abarcando los sectores empresarial y p\u00fablico, incluyendo entes de educaci\u00f3n superior, ciencia y tecnolog\u00eda, e institutos de formaci\u00f3n t\u00e9cnico profesional.<\/p>\n\n\n\n<p>Entre sus fortalezas principales se encuentra su habilidad para liderar proyectos de transformaci\u00f3n digital y consultor\u00eda t\u00e9cnica en organizaciones internacionales de alto prestigio como UNESCO, PNUD, OEI e ICAP.<\/p>\n","protected":false},"excerpt":{"rendered":"<p>\u00b7&nbsp;&nbsp;&nbsp;&nbsp;&nbsp;&nbsp;&nbsp;&nbsp;Se trata de certificaciones de corto plazo que validan habilidades puntuales, expuso en una charla el experto Rodrigo Avenda\u00f1o Santo Domingo. -El Instituto Nacional de Formaci\u00f3n T\u00e9cnico Profesional (INFOTEP) est\u00e1 identificando oportunidades de integraci\u00f3n de microcertificaciones en su oferta formativa. En esa direcci\u00f3n, el experto internacional, Rodrigo Avenda\u00f1o ofreci\u00f3 la conferencia Microcertificaciones: El Futuro de [&hellip;]<\/p>\n","protected":false},"author":7,"featured_media":575521,"comment_status":"closed","ping_status":"closed","sticky":false,"template":"","format":"standard","meta":{"footnotes":""},"categories":[36],"tags":[94],"class_list":["post-575504","post","type-post","status-publish","format-standard","has-post-thumbnail","hentry","category-hombresmujeresycosas","tag-infotep"],"_links":{"self":[{"href":"https:\/\/diariodominicano.com\/index.php?rest_route=\/wp\/v2\/posts\/575504","targetHints":{"allow":["GET"]}}],"collection":[{"href":"https:\/\/diariodominicano.com\/index.php?rest_route=\/wp\/v2\/posts"}],"about":[{"href":"https:\/\/diariodominicano.com\/index.php?rest_route=\/wp\/v2\/types\/post"}],"author":[{"embeddable":true,"href":"https:\/\/diariodominicano.com\/index.php?rest_route=\/wp\/v2\/users\/7"}],"replies":[{"embeddable":true,"href":"https:\/\/diariodominicano.com\/index.php?rest_route=%2Fwp%2Fv2%2Fcomments&post=575504"}],"version-history":[{"count":1,"href":"https:\/\/diariodominicano.com\/index.php?rest_route=\/wp\/v2\/posts\/575504\/revisions"}],"predecessor-version":[{"id":575522,"href":"https:\/\/diariodominicano.com\/index.php?rest_route=\/wp\/v2\/posts\/575504\/revisions\/575522"}],"wp:featuredmedia":[{"embeddable":true,"href":"https:\/\/diariodominicano.com\/index.php?rest_route=\/wp\/v2\/media\/575521"}],"wp:attachment":[{"href":"https:\/\/diariodominicano.com\/index.php?rest_route=%2Fwp%2Fv2%2Fmedia&parent=575504"}],"wp:term":[{"taxonomy":"category","embeddable":true,"href":"https:\/\/diariodominicano.com\/index.php?rest_route=%2Fwp%2Fv2%2Fcategories&post=575504"},{"taxonomy":"post_tag","embeddable":true,"href":"https:\/\/diariodominicano.com\/index.php?rest_route=%2Fwp%2Fv2%2Ftags&post=575504"}],"curies":[{"name":"wp","href":"https:\/\/api.w.org\/{rel}","templated":true}]}}