{"id":575503,"date":"2024-11-18T20:44:26","date_gmt":"2024-11-19T00:44:26","guid":{"rendered":"https:\/\/diariodominicano.com\/?p=575503"},"modified":"2024-11-18T20:44:28","modified_gmt":"2024-11-19T00:44:28","slug":"el-poder-del-cambio-determinante-de-la-ia-en-el-magno-evento-del-xxviii-congreso-hispanoamericano-de-prensa-en-la-universidad-autonoma-de-santo-domingo-uasd","status":"publish","type":"post","link":"https:\/\/diariodominicano.com\/?p=575503","title":{"rendered":"El poder del cambio determinante de la IA en el magno evento del XXVIII Congreso Hispanoamericano de Prensa en la\u00a0Universidad Aut\u00f3noma de Santo Domingo (UASD)"},"content":{"rendered":"\n<p>Por Araceli Aguilar Salgado <\/p>\n\n\n\n<p><strong><em>\u201d&nbsp;La tecnolog\u00eda sigue dando forma a nuestro mundo e impulsando avances sin precedentes en diversos campos. Desde potenciar la comunicaci\u00f3n y el periodismo para fomentar la conectividad global, la tecnolog\u00eda se ha convertido en una fuerza impulsora del cambio en la sociedad y en el mundo.\u201d Dr. Am\u00edn Cruz<\/em><\/strong><\/p>\n\n\n\n<p>Los cambios e interrupciones abruptas que generan las innovaciones tecnol\u00f3gicas son la constante en las comunicaciones de las sociedades de hoy; el hombre las enfrenta muchas veces sin an\u00e1lisis, permitiendo que su utilizaci\u00f3n y las alteraciones que ocasionan permeen la cotidianidad y se perciban como algo natural y normal.<\/p>\n\n\n\n<figure class=\"wp-block-gallery has-nested-images columns-default is-cropped wp-block-gallery-1 is-layout-flex wp-block-gallery-is-layout-flex\">\n<figure class=\"wp-block-image size-large\"><img loading=\"lazy\" decoding=\"async\" width=\"640\" height=\"360\" data-id=\"575515\" src=\"https:\/\/diariodominicano.com\/wp-content\/uploads\/2024\/11\/El-poder-del-cambio-determinante-de-la-IA-en-el-magno-evento-del-XXVIII-Congreso-Hispanoamericano-de-Prensa-en-UASD.jpg\" alt=\"\" class=\"wp-image-575515\" srcset=\"https:\/\/diariodominicano.com\/wp-content\/uploads\/2024\/11\/El-poder-del-cambio-determinante-de-la-IA-en-el-magno-evento-del-XXVIII-Congreso-Hispanoamericano-de-Prensa-en-UASD.jpg 640w, https:\/\/diariodominicano.com\/wp-content\/uploads\/2024\/11\/El-poder-del-cambio-determinante-de-la-IA-en-el-magno-evento-del-XXVIII-Congreso-Hispanoamericano-de-Prensa-en-UASD-300x169.jpg 300w\" sizes=\"auto, (max-width: 640px) 100vw, 640px\" \/><\/figure>\n<\/figure>\n\n\n\n<p>La invenci\u00f3n Internet dio lugar a una disrupci\u00f3n en las fronteras temporales y territoriales, en todo el mundo, sobre todo en las maneras de conectarnos y comunicarnos. El incesante desarrollo de la tecnolog\u00eda hace que aparezca un dualismo acerca de las consecuencias de esa comunicaci\u00f3n en la virtualidad, porque se vive un mundo completamente interconectado y, sin embargo, muchos argumentan que esto ha conllevado a una mayor fragmentaci\u00f3n.<\/p>\n\n\n\n<p>El poder disruptivo de la inteligencia artificial (IA) se propaga por el espacio informativo, en tiempos de intensa volatilidad pol\u00edtica y econ\u00f3mica en todo el mundo.<\/p>\n\n\n\n<figure class=\"wp-block-gallery has-nested-images columns-default is-cropped wp-block-gallery-2 is-layout-flex wp-block-gallery-is-layout-flex\">\n<figure class=\"wp-block-image size-large\"><img loading=\"lazy\" decoding=\"async\" width=\"816\" height=\"453\" data-id=\"575514\" src=\"https:\/\/diariodominicano.com\/wp-content\/uploads\/2024\/11\/El-poder-del-cambio-determinante-de-la-IA-en-el-magno-evento-del-XXVIII-Congreso-Hispanoamericano-de-Prensa-en-la-UASD.jpg\" alt=\"\" class=\"wp-image-575514\" srcset=\"https:\/\/diariodominicano.com\/wp-content\/uploads\/2024\/11\/El-poder-del-cambio-determinante-de-la-IA-en-el-magno-evento-del-XXVIII-Congreso-Hispanoamericano-de-Prensa-en-la-UASD.jpg 816w, https:\/\/diariodominicano.com\/wp-content\/uploads\/2024\/11\/El-poder-del-cambio-determinante-de-la-IA-en-el-magno-evento-del-XXVIII-Congreso-Hispanoamericano-de-Prensa-en-la-UASD-300x167.jpg 300w, https:\/\/diariodominicano.com\/wp-content\/uploads\/2024\/11\/El-poder-del-cambio-determinante-de-la-IA-en-el-magno-evento-del-XXVIII-Congreso-Hispanoamericano-de-Prensa-en-la-UASD-768x426.jpg 768w\" sizes=\"auto, (max-width: 816px) 100vw, 816px\" \/><\/figure>\n<\/figure>\n\n\n\n<p>Las guerras en Ucrania y Oriente, el cambio clim\u00e1tico, las secuelas de la pandemia y la recesi\u00f3n econ\u00f3mica han provocado en los medios una presi\u00f3n sin precedentes<\/p>\n\n\n\n<p>En este contexto (y con un pron\u00f3stico seg\u00fan el cual la gran mayor\u00eda de los contenidos de internet se producir\u00e1n sint\u00e9ticamente para 2026, los reporteros y las organizaciones period\u00edsticas deber\u00e1n replantearse, con cierta urgencia, su papel y su prop\u00f3sito.<\/p>\n\n\n\n<figure class=\"wp-block-gallery has-nested-images columns-default is-cropped wp-block-gallery-3 is-layout-flex wp-block-gallery-is-layout-flex\">\n<figure class=\"wp-block-image size-large\"><img loading=\"lazy\" decoding=\"async\" width=\"960\" height=\"720\" data-id=\"575513\" src=\"https:\/\/diariodominicano.com\/wp-content\/uploads\/2024\/11\/El-poder-del-cambio-determinante-de-la-IA-en-el-magno-evento-del-XXVIII-Congreso-Hispanoamericano-de-Prensa.jpg\" alt=\"\" class=\"wp-image-575513\" srcset=\"https:\/\/diariodominicano.com\/wp-content\/uploads\/2024\/11\/El-poder-del-cambio-determinante-de-la-IA-en-el-magno-evento-del-XXVIII-Congreso-Hispanoamericano-de-Prensa.jpg 960w, https:\/\/diariodominicano.com\/wp-content\/uploads\/2024\/11\/El-poder-del-cambio-determinante-de-la-IA-en-el-magno-evento-del-XXVIII-Congreso-Hispanoamericano-de-Prensa-300x225.jpg 300w, https:\/\/diariodominicano.com\/wp-content\/uploads\/2024\/11\/El-poder-del-cambio-determinante-de-la-IA-en-el-magno-evento-del-XXVIII-Congreso-Hispanoamericano-de-Prensa-768x576.jpg 768w, https:\/\/diariodominicano.com\/wp-content\/uploads\/2024\/11\/El-poder-del-cambio-determinante-de-la-IA-en-el-magno-evento-del-XXVIII-Congreso-Hispanoamericano-de-Prensa-816x612.jpg 816w\" sizes=\"auto, (max-width: 960px) 100vw, 960px\" \/><\/figure>\n<\/figure>\n\n\n\n<p>Sin embargo, no s\u00f3lo los contenidos van a experimentar una fuerte tensi\u00f3n: tambi\u00e9n la distribuci\u00f3n padecer\u00e1 una gran turbulencia.<\/p>\n\n\n\n<p>Por lo que las experiencias de b\u00fasqueda con IA generativa (SGE, por sus siglas en ingl\u00e9s) comenzar\u00e1n a diseminarse, junto con una serie de chatbots impulsados por la IA que ofrecer\u00e1n una forma m\u00e1s veloz e intuitiva de acceder a la informaci\u00f3n.<\/p>\n\n\n\n<p>Pero el cambio tambi\u00e9n trae consigo oportunidades, por lo que debemos de ir adapt\u00e1ndonos al nuevo mundo adoptar lo mejor de la inteligencia artificial y gestionar sus riesgos y lleg\u00f3 para quedarse en este mundo donde los cambios suceden a grandes velocidades y modifican las sociedades, las culturas y todas las formas de comunicaci\u00f3n que a diario se utilizan, por lo que el cambio es y ser\u00e1 mundial y cultural.<\/p>\n\n\n\n<p>El Congreso Hispanoamericano de Prensa y Universidades, junto a la Asociaci\u00f3n de Escuelas de Comunicaci\u00f3n (ADECOM), el Congreso Mundial de Prensa (CMP), el Colegio Dominicano de Periodistas (CDP) y el Sindicato Nacional de los Trabajadores de la Prensa (SNTP), se complacen en anunciar la celebraci\u00f3n del XXVIII Congreso Hispanoamericano de Prensa, la coyuntura actual bajo el lema:&nbsp;<strong>\u201cEl Rol de la Prensa en Tiempos de Crisis<\/strong>\u201d, con dedicaci\u00f3n especial, a tres ilustres personalidades: Dr. Javier Dar\u00edo Restrepo, padre de la \u00e9tica period\u00edstica en Am\u00e9rica Latina. Dr. Pr\u00edamo Rodr\u00edguez, fundador de la Universidad UTESA, Pedro Gil Iturbide, destacado periodista.<\/p>\n\n\n\n<p>Este importante evento se realizar\u00e1 en la Universidad Aut\u00f3noma de Santo Domingo (UASD) los d\u00edas mi\u00e9rcoles 27 de noviembre, de 8:00 a.m. a 5:00 p.m., y jueves 28 de noviembre de 2024, de 8:00 a.m. a 1:00 p.m., en los salones del Laboratorio de Tecnolog\u00eda de la UASD.<\/p>\n\n\n\n<p>La organizaci\u00f3n est\u00e1 a cargo de la destacada acad\u00e9mica Dra. C\u00e1ndida D\u00edaz, bajo la coordinaci\u00f3n del Dr. Am\u00edn Cruz, CEO, presidente fundador del Congreso Hispanoamericano de Prensa. Adem\u00e1s, cuenta con el apoyo del Lic. Aurelio Henr\u00edquez (CDP), el Lic. Jos\u00e9 Beato (SNTP), y un equipo comprometido de profesionales que trabajan para garantizar el \u00e9xito de esta vig\u00e9sima octava edici\u00f3n.<\/p>\n\n\n\n<p>El Congreso Hispanoamericano de Prensa re\u00fane a destacados expositores de Estados Unidos, Am\u00e9rica Latina y Europa, quienes compartir\u00e1n sus experiencias y perspectivas sobre temas fundamentales&nbsp;este conclave reunir\u00e1 y unificar\u00e1 lazos con profesionales de la comunicaci\u00f3n y del periodismo de diferentes pa\u00edses<\/p>\n\n\n\n<p>Con esta actividad, la Universidad de Santo Domingo ser\u00e1 el escenario id\u00f3neo para celebrar este magno evento de gran talla internacional y alta calidad acad\u00e9mica con conferencias magistrales, ponencias de periodistas renombrados y destacados profesores de&nbsp;periodismo dominicano y de otros pa\u00edses de Am\u00e9rica y Europa.<\/p>\n\n\n\n<p>Como el:&nbsp;Dr. Ignacio Ramonet,&nbsp;Dr. Carlos Aguasaco, Ing. Jesus Eduardo Villarroel,&nbsp;Maestro Ernesto R\u00edos Rocha,&nbsp;Dr. Javier Hoyos Angulo,&nbsp;Lic. Alicia Ortega, Dr. Luis Gonz\u00e1lez, Dra. Elvira Lora,&nbsp;Lic. Persio Maldonado,&nbsp;Lic. Aurelio Henr\u00edquez,&nbsp;Dra. Jeannette Patricia Jacobs Estrada, Dra. Ana Gabriela Hoyos Carvajal,&nbsp;,&nbsp;Lic. Jos\u00e9 Beato,&nbsp;Lic. Oscar L\u00f3pez Reyes, Lic. Leticia Centuri\u00f3n, Lic. Alex Urquidi, Lic. Rosa Encarnaci\u00f3n,&nbsp;Dra. Lissette Montol\u00edo&nbsp;entre otros,&nbsp;El evento tambi\u00e9n incluir\u00e1 un recital especial del cantautor Erol D\u00edaz.<\/p>\n\n\n\n<p>Extensi\u00f3n del Congreso, el Congreso se extiende a diversas provincias del pa\u00eds, llevando conocimiento y reflexi\u00f3n a comunidades locales: jueves 28 de noviembre: Biblioteca Nacional (6:00 &#8211; 9:00 p.m.); Catedral de San Francisco de Macor\u00eds (7:00 &#8211; 9:00 p.m.); viernes 29 de noviembre: Gobernaci\u00f3n de San Crist\u00f3bal (4:00 &#8211; 8:00 p.m.); Universidad Tecnol\u00f3gica de Santiago, UTESA, Gaspar Hern\u00e1ndez (4:00 &#8211; 8:00 p.m.); Universidad CURNA, UASD, Nagua (4:00 &#8211; 7:00 p.m.); s\u00e1bado 30 de noviembre: Hotel Melina, Hig\u00fcey (4:00 &#8211; 8:00 p.m.); domingo 1 de diciembre: Alianza Juvenil, La Romana (9:00 a.m. &#8211; 1:00 p.m.).<\/p>\n\n\n\n<p>Este congreso es abierto para todos los interesados registraci\u00f3n y\/o recibir m\u00e1s informes,<\/p>\n\n\n\n<p>Contacto para m\u00e1s informaci\u00f3n: P\u00e1gina web:&nbsp;<a href=\"http:\/\/www.congresodeprensa.org\/\" target=\"_blank\" rel=\"noreferrer noopener\">www.congresodeprensa.org<\/a>&nbsp;\/ Correo electr\u00f3nico:&nbsp;<a href=\"mailto:congresodeprensa.usa@gmail.com\" target=\"_blank\" rel=\"noreferrer noopener\">congresodeprensa.usa@gmail.com<\/a>&nbsp;\/ Tel\u00e9fonos: Dr. Am\u00edn Cruz: 809-376-1256, Lic. Aurelio Henr\u00edquez: 829-421-7108, Lic. Jos\u00e9 Beato: 809-398-5788.<\/p>\n\n\n\n<p>En donde con gusto les atenderemos. El costo del certificado del congreso es de US ($10.00 d\u00f3lares p\/p) y\/o RD ($500.00). El Congreso Hispanoamericano de Prensa como todas las actividades son sin fines de lucro.<\/p>\n\n\n\n<p>Todos los ingresos, de cualquier origen y naturaleza, se utilizan para el funcionamiento del mismo Congreso de Prensa.<\/p>\n\n\n\n<p>Les esperamos en este magno evento Internacional<\/p>\n\n\n\n<p><strong><em>\u00abLas tecnolog\u00edas han permitido a los periodistas hacer usos de nuevas plataformas como el internet y esto ha permitido transformase e innovarse en estos tiempos de la era digital\u201d&nbsp;Dr. Am\u00edn Cruz<\/em><\/strong><\/p>\n\n\n\n<p>Araceli Aguilar Salgado Periodista, Abogada, Ingeniera, Escritora, Analista y comentarista mexicana, del Estado de\u00a0Guerrero,\u00a0M\u00e9xico.\u00a0\u00a0<a href=\"mailto:E-mail%3Aperiodistaaaguilar@gmail.com\" target=\"_blank\" rel=\"noreferrer noopener\">E-mail:periodistaaaguilar@gmail.com<\/a> <\/p>\n","protected":false},"excerpt":{"rendered":"<p>Por Araceli Aguilar Salgado \u201d&nbsp;La tecnolog\u00eda sigue dando forma a nuestro mundo e impulsando avances sin precedentes en diversos campos. Desde potenciar la comunicaci\u00f3n y el periodismo para fomentar la conectividad global, la tecnolog\u00eda se ha convertido en una fuerza impulsora del cambio en la sociedad y en el mundo.\u201d Dr. Am\u00edn Cruz Los cambios [&hellip;]<\/p>\n","protected":false},"author":7,"featured_media":575516,"comment_status":"closed","ping_status":"closed","sticky":false,"template":"","format":"standard","meta":{"footnotes":""},"categories":[36],"tags":[922],"class_list":["post-575503","post","type-post","status-publish","format-standard","has-post-thumbnail","hentry","category-hombresmujeresycosas","tag-ia"],"_links":{"self":[{"href":"https:\/\/diariodominicano.com\/index.php?rest_route=\/wp\/v2\/posts\/575503","targetHints":{"allow":["GET"]}}],"collection":[{"href":"https:\/\/diariodominicano.com\/index.php?rest_route=\/wp\/v2\/posts"}],"about":[{"href":"https:\/\/diariodominicano.com\/index.php?rest_route=\/wp\/v2\/types\/post"}],"author":[{"embeddable":true,"href":"https:\/\/diariodominicano.com\/index.php?rest_route=\/wp\/v2\/users\/7"}],"replies":[{"embeddable":true,"href":"https:\/\/diariodominicano.com\/index.php?rest_route=%2Fwp%2Fv2%2Fcomments&post=575503"}],"version-history":[{"count":1,"href":"https:\/\/diariodominicano.com\/index.php?rest_route=\/wp\/v2\/posts\/575503\/revisions"}],"predecessor-version":[{"id":575517,"href":"https:\/\/diariodominicano.com\/index.php?rest_route=\/wp\/v2\/posts\/575503\/revisions\/575517"}],"wp:featuredmedia":[{"embeddable":true,"href":"https:\/\/diariodominicano.com\/index.php?rest_route=\/wp\/v2\/media\/575516"}],"wp:attachment":[{"href":"https:\/\/diariodominicano.com\/index.php?rest_route=%2Fwp%2Fv2%2Fmedia&parent=575503"}],"wp:term":[{"taxonomy":"category","embeddable":true,"href":"https:\/\/diariodominicano.com\/index.php?rest_route=%2Fwp%2Fv2%2Fcategories&post=575503"},{"taxonomy":"post_tag","embeddable":true,"href":"https:\/\/diariodominicano.com\/index.php?rest_route=%2Fwp%2Fv2%2Ftags&post=575503"}],"curies":[{"name":"wp","href":"https:\/\/api.w.org\/{rel}","templated":true}]}}