{"id":575502,"date":"2024-11-18T20:35:24","date_gmt":"2024-11-19T00:35:24","guid":{"rendered":"https:\/\/diariodominicano.com\/?p=575502"},"modified":"2024-11-18T20:35:27","modified_gmt":"2024-11-19T00:35:27","slug":"ministerio-publico-obtiene-20-anos-de-prision-contra-hombre-por-homicidio","status":"publish","type":"post","link":"https:\/\/diariodominicano.com\/?p=575502","title":{"rendered":"Ministerio P\u00fablico obtiene 20 a\u00f1os de prisi\u00f3n contra hombre por homicidio"},"content":{"rendered":"\n<p><strong>LAS MATAS DE FARF\u00c1N (Rep\u00fablica Dominicana).-<\/strong>&nbsp;A solicitud del Ministerio P\u00fablico, el Tribunal Colegiado de este distrito judicial dict\u00f3 una condena de 20 a\u00f1os de prisi\u00f3n en contra de un hombre por homicidio, en un hecho ocurrido el 1 de diciembre del a\u00f1o 2022, mientras se desplazaban en la comunidad de Matayaya, de este municipio.<\/p>\n\n\n\n<p>El Ministerio P\u00fablico, representado por la fiscal Diana Ram\u00edrez, demostr\u00f3 al tribunal, integrado por los jueces Blaury Luciano, Sauly Gonz\u00e1lez y Edward Ger\u00f3nimo, de manera irrefutable, la culpabilidad de Manuel Ogando Ogando, por su vinculaci\u00f3n en el homicidio del se\u00f1or David Bartolom\u00e9 Espinal.<\/p>\n\n\n\n<p>Durante las pesquisas, el Ministerio P\u00fablico estableci\u00f3 que Manuel Ogando Ogando, agredi\u00f3 con un arma blanca, tipo sevillana, sin mediar palabras al hoy occiso, ocasion\u00e1ndole seis heridas en diferentes partes del cuerpo, entre ellas una en la regi\u00f3n supraclavicular que, seg\u00fan el m\u00e9dico legista, le provoc\u00f3 la muerte, mientras se transportaban en un minib\u00fas marca Nissan color gris, placa 1101027, conducido por el se\u00f1or Teodoro Ogando Quevedo.<\/p>\n\n\n\n<p>Seg\u00fan detalla el expediente, la v\u00edctima y el victimario se dedicaban a la venta de pl\u00e1sticos en las calles y ten\u00edan como destino el municipio San Juan de la Maguana.<\/p>\n\n\n\n<p>La Fiscal\u00eda demostr\u00f3 que el hoy condenado, con sus acciones, falt\u00f3 a los art\u00edculos 295 y 304 del C\u00f3digo Penal Dominicano, y la Ley 631-16, para el Control y Regulaci\u00f3n de Armas, Municiones y Materiales Relacionados.<\/p>\n\n\n\n<p>Por decisi\u00f3n de los jueces, Manuel Ogando Ogando cumplir\u00e1 la condena en la c\u00e1rcel p\u00fablica de San Juan de la Maguana.<\/p>\n\n\n\n<p><strong>Direcci\u00f3n General de Comunicaci\u00f3n, Prensa, y RRPP<\/strong><strong><\/strong><\/p>\n\n\n\n<p>Ministerio P\u00fablico.&nbsp;R.D.<\/p>\n","protected":false},"excerpt":{"rendered":"<p>LAS MATAS DE FARF\u00c1N (Rep\u00fablica Dominicana).-&nbsp;A solicitud del Ministerio P\u00fablico, el Tribunal Colegiado de este distrito judicial dict\u00f3 una condena de 20 a\u00f1os de prisi\u00f3n en contra de un hombre por homicidio, en un hecho ocurrido el 1 de diciembre del a\u00f1o 2022, mientras se desplazaban en la comunidad de Matayaya, de este municipio. El [&hellip;]<\/p>\n","protected":false},"author":7,"featured_media":0,"comment_status":"closed","ping_status":"closed","sticky":false,"template":"","format":"standard","meta":{"footnotes":""},"categories":[24],"tags":[171],"class_list":["post-575502","post","type-post","status-publish","format-standard","hentry","category-justicia-y-derecho","tag-ministerio-publico"],"_links":{"self":[{"href":"https:\/\/diariodominicano.com\/index.php?rest_route=\/wp\/v2\/posts\/575502","targetHints":{"allow":["GET"]}}],"collection":[{"href":"https:\/\/diariodominicano.com\/index.php?rest_route=\/wp\/v2\/posts"}],"about":[{"href":"https:\/\/diariodominicano.com\/index.php?rest_route=\/wp\/v2\/types\/post"}],"author":[{"embeddable":true,"href":"https:\/\/diariodominicano.com\/index.php?rest_route=\/wp\/v2\/users\/7"}],"replies":[{"embeddable":true,"href":"https:\/\/diariodominicano.com\/index.php?rest_route=%2Fwp%2Fv2%2Fcomments&post=575502"}],"version-history":[{"count":1,"href":"https:\/\/diariodominicano.com\/index.php?rest_route=\/wp\/v2\/posts\/575502\/revisions"}],"predecessor-version":[{"id":575512,"href":"https:\/\/diariodominicano.com\/index.php?rest_route=\/wp\/v2\/posts\/575502\/revisions\/575512"}],"wp:attachment":[{"href":"https:\/\/diariodominicano.com\/index.php?rest_route=%2Fwp%2Fv2%2Fmedia&parent=575502"}],"wp:term":[{"taxonomy":"category","embeddable":true,"href":"https:\/\/diariodominicano.com\/index.php?rest_route=%2Fwp%2Fv2%2Fcategories&post=575502"},{"taxonomy":"post_tag","embeddable":true,"href":"https:\/\/diariodominicano.com\/index.php?rest_route=%2Fwp%2Fv2%2Ftags&post=575502"}],"curies":[{"name":"wp","href":"https:\/\/api.w.org\/{rel}","templated":true}]}}