{"id":575456,"date":"2024-11-18T14:11:54","date_gmt":"2024-11-18T18:11:54","guid":{"rendered":"https:\/\/diariodominicano.com\/?p=575456"},"modified":"2024-11-18T14:12:04","modified_gmt":"2024-11-18T18:12:04","slug":"mexico-plantea-en-g20-establecer-fondo-para-programa-de-reforestacion","status":"publish","type":"post","link":"https:\/\/diariodominicano.com\/?p=575456","title":{"rendered":"M\u00e9xico plantea en G20 establecer fondo para programa de reforestaci\u00f3n"},"content":{"rendered":"\n<figure class=\"wp-block-image\"><img decoding=\"async\" src=\"https:\/\/www.prensa-latina.cu\/wp-content\/uploads\/2024\/11\/armas-en-vida-1.webp\" alt=\"\" class=\"wp-image-1359592\"\/><\/figure>\n\n\n\n<p>Brasilia, 18 nov (Prensa Latina) La presidenta de M\u00e9xico, Claudia Sheinbaum, propuso hoy ante la Cumbre de L\u00edderes del G20 en Brasil establecer un fondo para financiar el programa de reforestaci\u00f3n m\u00e1s grande de la historia.<\/p>\n\n\n\n<ul class=\"wp-block-list\">\n<li><a href=\"https:\/\/www.prensa-latina.cu\/2024\/11\/18\/\"><time>noviembre 18, 2024 | 12:12<\/time><\/a><\/li>\n<\/ul>\n\n\n\n<ul class=\"wp-block-list\">\n<li><a href=\"https:\/\/www.prensa-latina.cu\/2024\/11\/18\/mexico-plantea-en-g20-establecer-fondo-para-programa-de-reforestacion\/#\"><\/a><\/li>\n\n\n\n<li><a href=\"https:\/\/www.prensa-latina.cu\/2024\/11\/18\/mexico-plantea-en-g20-establecer-fondo-para-programa-de-reforestacion\/#\"><\/a><\/li>\n\n\n\n<li><a href=\"https:\/\/www.prensa-latina.cu\/2024\/11\/18\/mexico-plantea-en-g20-establecer-fondo-para-programa-de-reforestacion\/#\"><\/a><\/li>\n\n\n\n<li><a href=\"https:\/\/www.prensa-latina.cu\/2024\/11\/18\/mexico-plantea-en-g20-establecer-fondo-para-programa-de-reforestacion\/#\"><\/a><\/li>\n<\/ul>\n\n\n\n<p>\u201cLa propuesta es establecer un fondo para destinar el uno por ciento del gasto militar de nuestros pa\u00edses para llevar a cabo el programa de reforestaci\u00f3n m\u00e1s grande de la historia\u201d, dijo la mandataria durante su primera intervenci\u00f3n en la cita con sede en R\u00edo de Janeiro.<\/p>\n\n\n\n<p>De acuerdo con la gobernante, ello \u201csignificar\u00eda liberar unos 24 mil millones de d\u00f3lares al a\u00f1o (12 veces lo que ya destina M\u00e9xico) para apoyar a seis millones de sembradores de \u00e1rboles que reforestar\u00edan 15 millones de hect\u00e1reas\u201d.<\/p>\n\n\n\n<p>\u201cAlgo as\u00ed como cuatro veces la superficie de Dinamarca, toda la de Guatemala, Belice y el Salvador juntos, o 30 por ciento la de Suecia\u201d, ilustr\u00f3.<\/p>\n\n\n\n<p>\u201cCon ello \u2013explic\u00f3-, ayudar\u00edamos a mitigar el calentamiento global y restaurar\u00edamos el tejido social ayudando a las comunidades a salir de la pobreza. La propuesta es dejar de sembrar guerras, sembremos paz y sembremos vida\u201d.<\/p>\n\n\n\n<p>Acerca del programa Sembrando Vida, implementado en el pa\u00eds norteamericano, precis\u00f3 que consiste en dar un jornal a las familias pobres del campo, capacitaci\u00f3n t\u00e9cnica para plantar \u00e1rboles maderables y frutales, as\u00ed como otros cultivos.<\/p>\n\n\n\n<p>Dirigimos cada a\u00f1o mil 700 millones de d\u00f3lares para apoyar a 439 mil familias en M\u00e9xico, y 40 mil en Guatemala, Honduras y El Salvador, detall\u00f3 la jefa de Estado, al subrayar que en seis a\u00f1os se han reforestado m\u00e1s de un mill\u00f3n de hect\u00e1reas con la siembra de mil 100 millones de \u00e1rboles.<\/p>\n\n\n\n<p>Ello, a\u00f1adi\u00f3, equivale a capturar anualmente 30 millones de toneladas de CO2.<\/p>\n\n\n\n<p>Calific\u00f3 de \u201cabsurdo, sinsentido, que haya m\u00e1s gasto en armas que para atender la pobreza o el cambio clim\u00e1tico\u201d.<\/p>\n\n\n\n<p>\u201cReducir\u00edamos la migraci\u00f3n, el hambre, si tan solo elevamos la palabra amor por encima del odio, la generosidad de la persona humilde y despose\u00edda, por encima de la avaricia y el deseo de dominaci\u00f3n\u201d, asever\u00f3.<\/p>\n\n\n\n<p>En su discurso, record\u00f3 que desde 2018 su pa\u00eds construye un nuevo rumbo gracias al pensamiento del Humanismo Mexicano y al modelo de la Econom\u00eda Moral, al tiempo que qued\u00f3 en el pasado el dogma neoliberal de que el mercado lo resolv\u00eda todo.<\/p>\n\n\n\n<p>Destac\u00f3 que M\u00e9xico es de las naciones de la Organizaci\u00f3n para la Cooperaci\u00f3n y el Desarrollo Econ\u00f3mico (OCDE) menos endeudados, con menor tasa de desempleo y donde el salario m\u00ednimo aument\u00f3 a m\u00e1s del doble en seis a\u00f1os.<\/p>\n\n\n\n<p>Sheinbaum participar\u00e1 en la tarde en otra sesi\u00f3n del encuentro, enfocada en la reforma de las instituciones de gobernanza global.<\/p>\n\n\n\n<p>Durante la cita del G20, se prev\u00e9 sostenga reuniones bilaterales con varios jefes de Estado, entre ellos, los presidentes de Brasil, Luiz In\u00e1cio Lula da Silva, y de Francia, Emmanuel Macron, as\u00ed como los primeros ministros de Canad\u00e1, Justin Trudeau, y de India, Narendra Modi.<\/p>\n\n\n\n<p>rgh\/las<\/p>\n","protected":false},"excerpt":{"rendered":"<p>Brasilia, 18 nov (Prensa Latina) La presidenta de M\u00e9xico, Claudia Sheinbaum, propuso hoy ante la Cumbre de L\u00edderes del G20 en Brasil establecer un fondo para financiar el programa de reforestaci\u00f3n m\u00e1s grande de la historia. \u201cLa propuesta es establecer un fondo para destinar el uno por ciento del gasto militar de nuestros pa\u00edses para [&hellip;]<\/p>\n","protected":false},"author":28,"featured_media":575457,"comment_status":"closed","ping_status":"closed","sticky":true,"template":"","format":"standard","meta":{"footnotes":""},"categories":[18,23,27],"tags":[],"class_list":["post-575456","post","type-post","status-publish","format-standard","has-post-thumbnail","hentry","category-economia","category-internacional","category-portada"],"_links":{"self":[{"href":"https:\/\/diariodominicano.com\/index.php?rest_route=\/wp\/v2\/posts\/575456","targetHints":{"allow":["GET"]}}],"collection":[{"href":"https:\/\/diariodominicano.com\/index.php?rest_route=\/wp\/v2\/posts"}],"about":[{"href":"https:\/\/diariodominicano.com\/index.php?rest_route=\/wp\/v2\/types\/post"}],"author":[{"embeddable":true,"href":"https:\/\/diariodominicano.com\/index.php?rest_route=\/wp\/v2\/users\/28"}],"replies":[{"embeddable":true,"href":"https:\/\/diariodominicano.com\/index.php?rest_route=%2Fwp%2Fv2%2Fcomments&post=575456"}],"version-history":[{"count":1,"href":"https:\/\/diariodominicano.com\/index.php?rest_route=\/wp\/v2\/posts\/575456\/revisions"}],"predecessor-version":[{"id":575458,"href":"https:\/\/diariodominicano.com\/index.php?rest_route=\/wp\/v2\/posts\/575456\/revisions\/575458"}],"wp:featuredmedia":[{"embeddable":true,"href":"https:\/\/diariodominicano.com\/index.php?rest_route=\/wp\/v2\/media\/575457"}],"wp:attachment":[{"href":"https:\/\/diariodominicano.com\/index.php?rest_route=%2Fwp%2Fv2%2Fmedia&parent=575456"}],"wp:term":[{"taxonomy":"category","embeddable":true,"href":"https:\/\/diariodominicano.com\/index.php?rest_route=%2Fwp%2Fv2%2Fcategories&post=575456"},{"taxonomy":"post_tag","embeddable":true,"href":"https:\/\/diariodominicano.com\/index.php?rest_route=%2Fwp%2Fv2%2Ftags&post=575456"}],"curies":[{"name":"wp","href":"https:\/\/api.w.org\/{rel}","templated":true}]}}