{"id":575435,"date":"2024-11-18T13:09:05","date_gmt":"2024-11-18T17:09:05","guid":{"rendered":"https:\/\/diariodominicano.com\/?p=575435"},"modified":"2024-11-18T13:53:22","modified_gmt":"2024-11-18T17:53:22","slug":"una-propuesta-para-imponer-un-impuesto-global-a-los-superricos-marca-comienzo-de-cumbre-del-g20","status":"publish","type":"post","link":"https:\/\/diariodominicano.com\/?p=575435","title":{"rendered":"Una propuesta para imponer un impuesto global a los \u00absuperricos\u00bb marca comienzo de Cumbre del G20\u00a0"},"content":{"rendered":"\n<p>El presidente de Chile, Gabriel Boric, habla junto al presidente de Brasil, Luiz In\u00e1cio Lula da Silva, durante el foro de alcaldes de las ciudades de los pa\u00edses del G20, en R\u00edo de Janeiro, Brasil, el 17 de noviembre de 2024. REUTERS\/Ricardo Moraes.<\/p>\n\n\n\n<p>noviembre 18, 2024<\/p>\n\n\n\n<ul class=\"wp-block-list\">\n<li><a href=\"https:\/\/www.vozdeamerica.com\/author\/adriana-nunez-rabascall\/jgqyv\">Adriana N\u00fa\u00f1ez Rabascall<\/a><\/li>\n<\/ul>\n\n\n\n<ul class=\"wp-block-list\">\n<li><a href=\"https:\/\/facebook.com\/sharer.php?u=https%3a%2f%2fwww.vozdeamerica.com%2fa%2funa-propuesta-de-impuestos-para-los-superricos-marca-comienzo-de-la-cumbre-del-g20%2f7867453.html\" target=\"_blank\" rel=\"noreferrer noopener\"><\/a><\/li>\n\n\n\n<li><a href=\"https:\/\/twitter.com\/share?url=https%3a%2f%2fwww.vozdeamerica.com%2fa%2funa-propuesta-de-impuestos-para-los-superricos-marca-comienzo-de-la-cumbre-del-g20%2f7867453.html&amp;text=Una+propuesta+para+imponer+un+impuesto+global+a+los+%22superricos%22+marca+comienzo+de+Cumbre+del+G20%c2%a0\" target=\"_blank\" rel=\"noreferrer noopener\"><\/a><\/li>\n\n\n\n<li><\/li>\n\n\n\n<li><a href=\"mailto:?body=https%3a%2f%2fwww.vozdeamerica.com%2fa%2funa-propuesta-de-impuestos-para-los-superricos-marca-comienzo-de-la-cumbre-del-g20%2f7867453.html&amp;subject=Una%20propuesta%20para%20imponer%20un%20impuesto%20global%20a%20los%20%22superricos%22%20marca%20comienzo%20de%20Cumbre%20del%20G20%C2%A0\"><\/a><\/li>\n<\/ul>\n\n\n\n<p><a href=\"https:\/\/www.vozdeamerica.com\/a\/una-propuesta-de-impuestos-para-los-superricos-marca-comienzo-de-la-cumbre-del-g20\/7867453.html#comments\">&nbsp;Vea comentarios&nbsp;(1)<\/a><\/p>\n\n\n\n<p>Entre lunes y martes se celebra la Cumbre de Jefes de Estado del G20 en la ciudad brasile\u00f1a de R\u00edo de Janeiro, donde militares y polic\u00edas custodian hoteles, playas y avenidas para garantizar la seguridad del importante evento.<\/p>\n\n\n\n<p>R\u00edo de Janeiro \u2014&nbsp;<\/p>\n\n\n\n<p>El presidente de Brasil, Luiz In\u00e1cio Lula da Silva lleva meses hablando del tema en diferentes foros internacionales: aplicar un impuesto de 2 % a 3.000 multimillonarios para financiar la lucha contra el hambre. Pero ahora lo pondr\u00e1 en la agenda de la cumbre de l\u00edderes de pa\u00edses del G20 que comienza este lunes en R\u00edo de Janeiro.<\/p>\n\n\n\n<p>Con ese plan se podr\u00edan recaudar entre 200.000 y 250.000 millones de d\u00f3lares, seg\u00fan su principal promotor, el economista franc\u00e9s Gabriel Zucman, profesor asociado de Pol\u00edticas P\u00fablicas y Econom\u00eda en la Universidad de California, con quien se ha asesorado Lula Da Silva.<\/p>\n\n\n\n<p>Zucman ha tenido el apoyo de Lula, quien desde la presidencia del G20 ha dado prioridad a los temas que conciernen a las naciones en v\u00edas de desarrollo, tales como la reducci\u00f3n de la brecha de desigualdad y las reformas a las instituciones multilaterales.<\/p>\n\n\n\n<p>\u00abMuchos insisten en dividir el mundo en amigos y enemigos, pero a los m\u00e1s vulnerables no les interesan las dicotom\u00edas simplistas\u00bb, dijo Lula el pasado mes de mayo.<\/p>\n\n\n\n<p>Creado en 1999, el G20 agrupa a 19 pa\u00edses y a dos organismos regionales: la Uni\u00f3n Africana y la Uni\u00f3n Europea. Sus miembros representan alrededor del 85 % del PIB mundial y m\u00e1s del 75 % del comercio mundial.<\/p>\n\n\n\n<p><strong>Lea tambi\u00e9n:&nbsp;<em><a href=\"https:\/\/www.vozdeamerica.com\/a\/ministros-ambientales-del-g20-aprueban-crear-un-fideicomiso-para-la-conservacion-de-los-bosques\/7810250.html\" target=\"_blank\" rel=\"noreferrer noopener\">Ministros ambientales del G20 aprueban crear fideicomiso para conservaci\u00f3n de bosques<\/a><\/em><\/strong><\/p>\n\n\n\n<p>Los pa\u00edses del G20 se comprometieron a \u00abcooperar para garantizar que los m\u00e1s ricos sean efectivamente gravados\u00bb, tras una reuni\u00f3n de los ministros de Finanzas del grupo celebrada en R\u00edo de Janeiro a finales de julio.<\/p>\n\n\n\n<p>La cumbre, el lunes se centrar\u00e1 en la presentaci\u00f3n oficial de la \u00abAqqqqqlianza Global contra el Hambre y la Pobreza\u00bb, propuesta por Lula, quien proviene del sector metal\u00fargico y naci\u00f3 en el seno de una familia sumida en la pobreza.<\/p>\n\n\n\n<p>Los analistas consideran que es pronto para saber si esta propuesta podr\u00eda avanzar entre los l\u00edderes del G20, en especial cuando la actual administraci\u00f3n dem\u00f3crata de Estados Unidos est\u00e1 de salida y un segundo gobierno no consecutivo del republicano Donald Trumpo comenzar\u00e1 el 20 de enero.<\/p>\n\n\n\n<p>Brasil ceder\u00e1 la presidencia rotativa del G20 a Sud\u00e1frica.<\/p>\n\n\n\n<p><strong>Lea tambi\u00e9n:&nbsp;<a href=\"https:\/\/www.vozdeamerica.com\/a\/del-eeuu-de-regreso-de-biden-al-eeuu-primero-de-trump-incognitas-en-el-foro-de-apec\/7863439.html\" target=\"_blank\" rel=\"noreferrer noopener\">Del \u00abEEUU de regreso\u00bb de Biden al \u00abEEUU primero\u00bb de Trump: inc\u00f3gnitas en el foro de la APEC<\/a><\/strong><\/p>\n\n\n\n<figure class=\"wp-block-image\"><img decoding=\"async\" src=\"https:\/\/gdb.voanews.com\/c2036c02-9a08-4a21-b846-4a30189b035f_w650_r0_s.jpg\" alt=\"R\u00edo de Janeiro. Cumbre del G20 del 2024. La ciudad de R\u00edo de Janeiro ya est\u00e1 lista para recibir a los l\u00edderes y ha reforzado su seguridad con unos 26.000 agentes de la polic\u00eda y del ej\u00e9rcito. [Foto: Adriana N\u00fa\u00f1ez]\"\/><figcaption class=\"wp-element-caption\">R\u00edo de Janeiro. Cumbre del G20 del 2024. La ciudad de R\u00edo de Janeiro ya est\u00e1 lista para recibir a los l\u00edderes y ha reforzado su seguridad con unos 26.000 agentes de la polic\u00eda y del ej\u00e9rcito. [Foto: Adriana N\u00fa\u00f1ez]<\/figcaption><\/figure>\n\n\n\n<h3 class=\"wp-block-heading\">Impuesto global en el contexto que se avecina<\/h3>\n\n\n\n<p>Consultado sobre el origen de la propuesta, el profesor asociado del Instituto de Relaciones Internacionales de la Universidad de Brasilia Roberto Goulart Menezes afirma que la idea no es nueva.<\/p>\n\n\n\n<p>Dijo adem\u00e1s que si bien \u00abel apoyo del presidente Joe Biden a la iniciativa es fundamental\u00bb, considera que con la llegada de Trump a la Casa Blanca podr\u00edan perder importancia las propuestas que avanzan desde el 2021.<\/p>\n\n\n\n<p>Goulart Menezes explic\u00f3 tambi\u00e9n que \u00abesto no impide que los pa\u00edses fuera del G20 lleven adelante la propuesta\u00bb.<\/p>\n\n\n\n<p>Jos\u00e9 Gonzales, economista, director de la firma de asesor\u00eda financiera CGC Advisors sostiene que \u00abcon la elecci\u00f3n en EEUU hoy d\u00eda los planteamientos van a ser distintos, de acuerdo con lo que ha planteado la administraci\u00f3n Trump\u00bb.<\/p>\n\n\n\n<p>Gonzales opina que la nueva administraci\u00f3n va a \u00abcontinuar con la reducci\u00f3n de esas cargas fiscales en los sectores de mayor ingreso. Eso va a plantear un ruido en una reuni\u00f3n del G20, donde el presidente de los Estados Unidos, Jos\u00e9 Biden, est\u00e1 de salida\u201d.<\/p>\n\n\n\n<p>Pero no solo ser\u00e1 la resistencia de Trump. Menezes est\u00e1 convencido de que otro mandatario que no ve con buenos ojos el plan de Lula es su hom\u00f3logo argentino, Javier Milei, quien participa por primera vez en un encuentro del G20.<\/p>\n\n\n\n<p>\u201cJavier Milei est\u00e1 en contra de la propuesta por su pol\u00edtica ultraliberal. Vale recordar que Argentina aprob\u00f3 en 2020 un impuesto a las grandes fortunas y recaud\u00f3 alrededor de 3.000 millones de d\u00f3lares\u00bb, destaca Menezes.<\/p>\n\n\n\n<figure class=\"wp-block-image\"><img decoding=\"async\" src=\"https:\/\/gdb.voanews.com\/2156985b-c459-46b0-8b91-fe0d1dc9b549_w650_r0_s.jpg\" alt=\"Patrullas y hombres fuertemente armados se pueden ver incluso en la popular playa de Copacabana, el domingo 17 de noviembre de 2024. [Foto: Adriana N\u00fa\u00f1ez]\"\/><figcaption class=\"wp-element-caption\">Patrullas y hombres fuertemente armados se pueden ver incluso en la popular playa de Copacabana, el domingo 17 de noviembre de 2024. [Foto: Adriana N\u00fa\u00f1ez]<\/figcaption><\/figure>\n\n\n\n<h3 class=\"wp-block-heading\">Copacabana militarizada<\/h3>\n\n\n\n<p>M\u00e1s all\u00e1 de la acogida que pueda o no tener la iniciativa de Lula, la ciudad ya est\u00e1 lista para recibir a los l\u00edderes y ha reforzado su seguridad con unos 26.000 agentes de la polic\u00eda y el ej\u00e9rcito, cuyas patrullas y hombres fuertemente armados se pueden ver incluso en la popular playa de Copacabana.<\/p>\n\n\n\n<p>La militarizaci\u00f3n de R\u00edo de Janeiro fue evidente despu\u00e9s de que el mi\u00e9rcoles se registraron dos explosiones cerca del Tribunal Supremo de Brasilia, la capital del pa\u00eds<\/p>\n\n\n\n<p>La Polic\u00eda Federal de Brasil dijo que no se trat\u00f3 de un hecho aislado y est\u00e1 siendo investigado por unidades antiterroristas.<\/p>\n\n\n\n<h3 class=\"wp-block-heading\">Cambio Clim\u00e1tico y desigualdad<\/h3>\n\n\n\n<p>Con la consigna de \u00abConstruir un mundo justo y un planeta sostenible\u00bb, se re\u00fane este a\u00f1o el grupo de pa\u00edses del G20, con una agenda que incluye la firma de compromisos para luchar contra la crisis clim\u00e1tica, seg\u00fan se rese\u00f1a en el portal oficial del G20.<\/p>\n\n\n\n<p>Sin embargo, los acuerdos podr\u00edan revertirse con la vuelta de Trump a la Casa Blanca, quien muestra escepticismo en este asunto.<\/p>\n\n\n\n<p>La cumbre de l\u00edderes en R\u00edo de Janeiro se lleva a cabo apenas dos d\u00edas despu\u00e9s de la celebraci\u00f3n en Lima del Foro Econ\u00f3mico de Cooperaci\u00f3n Econ\u00f3mica Asia Pacifico, en el que&nbsp;<a href=\"https:\/\/www.vozdeamerica.com\/a\/china-dispuesta-trabajar-nueva-administracion-trump-\/7866480.html\" target=\"_blank\" rel=\"noreferrer noopener\">coincidieron los presidentes de Estados Unidos Jos\u00e9 Biden y de China Xi Jinping<\/a>, quienes tambi\u00e9n est\u00e1n en R\u00edo.<\/p>\n\n\n\n<p>A juicio del economista Jos\u00e9 Gonzales, ambas naciones son cruciales para el G20: \u201cLa discusi\u00f3n privada entre los l\u00edderes es c\u00f3mo nos aglutinamos para compensar una administraci\u00f3n norteamericana que se podr\u00eda alejar de los conflictos internacionales, particularmente en Ucrania y en Israel, (con el regreso de Trump) y que se retraiga del comercio internacional, cosa que favorece a China\u00bb.<\/p>\n\n\n\n<p>Gonz\u00e1lez afirma que la atenci\u00f3n estar\u00e1 centrada en lo que \u00abdiga o haga Xi Jinping, pues el mayor socio comercial de Am\u00e9rica Latina es China\u00bb.<\/p>\n\n\n\n<p><strong><a href=\"https:\/\/www.vozdeamerica.com\/a\/lo-que-sabemos-del-megapuerto-de-peru-que-inaugura-esta-semana-el-presidente-de-china\/7861030.html\" target=\"_blank\" rel=\"noreferrer noopener\">Xi inaugur\u00f3 en Lima el Puerto de Chancay<\/a><\/strong>, una estructura de 1.500 metros, cuya construcci\u00f3n fue financiada en buena medida por capitales chinos. Esa terminal mar\u00edtima \u00abcapitalizar\u00e1 la mitad del comercio internacional entre China y Am\u00e9rica\u00bb, de acuerdo con Gonzales, cuando est\u00e9n listos los siete muelles que exhibir\u00e1.<\/p>\n","protected":false},"excerpt":{"rendered":"<p>El presidente de Chile, Gabriel Boric, habla junto al presidente de Brasil, Luiz In\u00e1cio Lula da Silva, durante el foro de alcaldes de las ciudades de los pa\u00edses del G20, en R\u00edo de Janeiro, Brasil, el 17 de noviembre de 2024. REUTERS\/Ricardo Moraes. noviembre 18, 2024 &nbsp;Vea comentarios&nbsp;(1) Entre lunes y martes se celebra la [&hellip;]<\/p>\n","protected":false},"author":28,"featured_media":575436,"comment_status":"closed","ping_status":"closed","sticky":true,"template":"","format":"standard","meta":{"footnotes":""},"categories":[36,18,23,27],"tags":[],"class_list":["post-575435","post","type-post","status-publish","format-standard","has-post-thumbnail","hentry","category-hombresmujeresycosas","category-economia","category-internacional","category-portada"],"_links":{"self":[{"href":"https:\/\/diariodominicano.com\/index.php?rest_route=\/wp\/v2\/posts\/575435","targetHints":{"allow":["GET"]}}],"collection":[{"href":"https:\/\/diariodominicano.com\/index.php?rest_route=\/wp\/v2\/posts"}],"about":[{"href":"https:\/\/diariodominicano.com\/index.php?rest_route=\/wp\/v2\/types\/post"}],"author":[{"embeddable":true,"href":"https:\/\/diariodominicano.com\/index.php?rest_route=\/wp\/v2\/users\/28"}],"replies":[{"embeddable":true,"href":"https:\/\/diariodominicano.com\/index.php?rest_route=%2Fwp%2Fv2%2Fcomments&post=575435"}],"version-history":[{"count":2,"href":"https:\/\/diariodominicano.com\/index.php?rest_route=\/wp\/v2\/posts\/575435\/revisions"}],"predecessor-version":[{"id":575439,"href":"https:\/\/diariodominicano.com\/index.php?rest_route=\/wp\/v2\/posts\/575435\/revisions\/575439"}],"wp:featuredmedia":[{"embeddable":true,"href":"https:\/\/diariodominicano.com\/index.php?rest_route=\/wp\/v2\/media\/575436"}],"wp:attachment":[{"href":"https:\/\/diariodominicano.com\/index.php?rest_route=%2Fwp%2Fv2%2Fmedia&parent=575435"}],"wp:term":[{"taxonomy":"category","embeddable":true,"href":"https:\/\/diariodominicano.com\/index.php?rest_route=%2Fwp%2Fv2%2Fcategories&post=575435"},{"taxonomy":"post_tag","embeddable":true,"href":"https:\/\/diariodominicano.com\/index.php?rest_route=%2Fwp%2Fv2%2Ftags&post=575435"}],"curies":[{"name":"wp","href":"https:\/\/api.w.org\/{rel}","templated":true}]}}