{"id":575424,"date":"2024-11-18T09:18:30","date_gmt":"2024-11-18T13:18:30","guid":{"rendered":"https:\/\/diariodominicano.com\/?p=575424"},"modified":"2024-11-18T09:18:39","modified_gmt":"2024-11-18T13:18:39","slug":"cop29-naciones-unidas-por-impulso-decisivo-a-financiacion-climatica","status":"publish","type":"post","link":"https:\/\/diariodominicano.com\/?p=575424","title":{"rendered":"COP29: Naciones Unidas por impulso decisivo a financiaci\u00f3n clim\u00e1tica"},"content":{"rendered":"\n<p>diariodominicano.com<\/p>\n\n\n\n<p>Naciones Unidas, 18 nov (Prensa Latina) Si algo caracteriza a los debates en curso en la COP29, en desarrollo en la capital de Azerbaiy\u00e1n, es el momento decisivo en que se celebra la cita para el impulso a la financiaci\u00f3n clim\u00e1tica.<\/p>\n\n\n\n<p>En un planeta plagado de preocupaciones como los conflictos en curso, la amenaza nuclear, el aumento de las desigualdades y la fragmentaci\u00f3n pol\u00edtica, aliviar el da\u00f1o del planeta ocupa un punto cr\u00edtico para resolver muchos de esos riesgos.<\/p>\n\n\n\n<p>Para el secretario general de la ONU, Ant\u00f3nio Guterres, 2024 result\u00f3 \u201cuna clase magistral sobre la destrucci\u00f3n del clima\u201d, con cifras r\u00e9cords de temperatura mes a mes, mientras el oc\u00e9ano report\u00f3 otros alarmantes \u00edndices de calentamiento.<\/p>\n\n\n\n<p>\u201cLa financiaci\u00f3n clim\u00e1tica no es caridad, es una inversi\u00f3n. La acci\u00f3n clim\u00e1tica no es opcional, es un imperativo\u201d, reconoci\u00f3 Guterres al insistir en la inversi\u00f3n de los m\u00e1s ricos frente a la amenaza de que la humanidad pague el precio.<\/p>\n\n\n\n<p>Seg\u00fan expertos, las decisiones que se tomen en Bak\u00fa durante la cita, que comenz\u00f3 el 11 de noviembre y se extender\u00e1 hasta el 22, tendr\u00e1n consecuencias de gran alcance para las generaciones futuras.<\/p>\n\n\n\n<p>Entre los principales puntos de an\u00e1lisis sobresalen el reclamo de los pa\u00edses en desarrollo, en particular los peque\u00f1os estados insulares y los pa\u00edses menos adelantados, por la desproporcionada vulnerabilidad a los impactos clim\u00e1ticos.<\/p>\n\n\n\n<p>Esas naciones enfrentan da\u00f1os como el aumento del nivel del mar, los fen\u00f3menos meteorol\u00f3gicos extremos y las sequ\u00edas que demandan mayor apoyo financiero para generar resiliencia, realizar la transici\u00f3n a econom\u00edas con bajas emisiones de carbono y compensar las p\u00e9rdidas y los da\u00f1os.<\/p>\n\n\n\n<p>Por ello, las principales voces de la ONU insisten en el imperativo de que los negociadores alcancen un acuerdo ambicioso que proporcione la financiaci\u00f3n necesaria para construir un futuro resiliente y con bajas emisiones de carbono para todos.<\/p>\n\n\n\n<p>De acuerdo con Simon Stiell, secretario ejecutivo de COP, la cita resulta el mejor escenario para que los l\u00edderes comprendan la necesidad de resultados s\u00f3lidos.<\/p>\n\n\n\n<p>El empeoramiento del cambio clim\u00e1tico y el da\u00f1o socioecon\u00f3mico que inflige significan que \u201cmiles de millones de personas simplemente no pueden permitirse que su gobierno abandone la COP29 sin un objetivo global de financiaci\u00f3n clim\u00e1tica\u201d, dijo Stiell. En paralelo a esos reclamos, los representantes de Naciones Unidas exigen al G20 liderar el cambio mientras el grupo se re\u00fane en Brasil para su reuni\u00f3n anual.<\/p>\n\n\n\n<p>La Cumbre del grupo debe enviar se\u00f1ales globales muy claras, dijo al respecto Stiell en un mensaje a la reuni\u00f3n.<\/p>\n\n\n\n<p>Entre otras, se espera de esos pa\u00edses industrializadas m\u00e1s subvenciones y financiaci\u00f3n en condiciones concesionales disponibles, una mayor reforma de los bancos multilaterales de desarrollo, junto a m\u00e1s presi\u00f3n para una transformaci\u00f3n real.<\/p>\n\n\n\n<p>\u201cEn tiempos turbulentos y en un mundo fracturado, los l\u00edderes del G20 deben se\u00f1alar alto y claro que la cooperaci\u00f3n internacional sigue siendo la mejor y \u00fanica oportunidad que tiene la humanidad para sobrevivir al calentamiento global. No hay otra manera\u201d, pidi\u00f3 Stiell.<\/p>\n\n\n\n<p>Por su parte, Guterres record\u00f3 que los pa\u00edses del G20, por definici\u00f3n, tienen un enorme peso econ\u00f3mico y ejercen una enorme influencia diplom\u00e1tica.<\/p>\n\n\n\n<p>\u201cSon muchos los desaf\u00edos, pero tambi\u00e9n muchas las posibles soluciones. El G20 debe dar ejemplo. Necesitamos aprovechar cada oportunidad para liderar acciones transformadoras en pos de un mundo m\u00e1s seguro, m\u00e1s pac\u00edfico y m\u00e1s sostenible\u201d, recalc\u00f3 el titular de la ONU.<\/p>\n\n\n\n<p>jf\/ebr<\/p>\n","protected":false},"excerpt":{"rendered":"<p>diariodominicano.com Naciones Unidas, 18 nov (Prensa Latina) Si algo caracteriza a los debates en curso en la COP29, en desarrollo en la capital de Azerbaiy\u00e1n, es el momento decisivo en que se celebra la cita para el impulso a la financiaci\u00f3n clim\u00e1tica. En un planeta plagado de preocupaciones como los conflictos en curso, la amenaza [&hellip;]<\/p>\n","protected":false},"author":5,"featured_media":575425,"comment_status":"closed","ping_status":"closed","sticky":true,"template":"","format":"standard","meta":{"footnotes":""},"categories":[23,27],"tags":[],"class_list":["post-575424","post","type-post","status-publish","format-standard","has-post-thumbnail","hentry","category-internacional","category-portada"],"_links":{"self":[{"href":"https:\/\/diariodominicano.com\/index.php?rest_route=\/wp\/v2\/posts\/575424","targetHints":{"allow":["GET"]}}],"collection":[{"href":"https:\/\/diariodominicano.com\/index.php?rest_route=\/wp\/v2\/posts"}],"about":[{"href":"https:\/\/diariodominicano.com\/index.php?rest_route=\/wp\/v2\/types\/post"}],"author":[{"embeddable":true,"href":"https:\/\/diariodominicano.com\/index.php?rest_route=\/wp\/v2\/users\/5"}],"replies":[{"embeddable":true,"href":"https:\/\/diariodominicano.com\/index.php?rest_route=%2Fwp%2Fv2%2Fcomments&post=575424"}],"version-history":[{"count":1,"href":"https:\/\/diariodominicano.com\/index.php?rest_route=\/wp\/v2\/posts\/575424\/revisions"}],"predecessor-version":[{"id":575426,"href":"https:\/\/diariodominicano.com\/index.php?rest_route=\/wp\/v2\/posts\/575424\/revisions\/575426"}],"wp:featuredmedia":[{"embeddable":true,"href":"https:\/\/diariodominicano.com\/index.php?rest_route=\/wp\/v2\/media\/575425"}],"wp:attachment":[{"href":"https:\/\/diariodominicano.com\/index.php?rest_route=%2Fwp%2Fv2%2Fmedia&parent=575424"}],"wp:term":[{"taxonomy":"category","embeddable":true,"href":"https:\/\/diariodominicano.com\/index.php?rest_route=%2Fwp%2Fv2%2Fcategories&post=575424"},{"taxonomy":"post_tag","embeddable":true,"href":"https:\/\/diariodominicano.com\/index.php?rest_route=%2Fwp%2Fv2%2Ftags&post=575424"}],"curies":[{"name":"wp","href":"https:\/\/api.w.org\/{rel}","templated":true}]}}