{"id":575416,"date":"2024-11-18T08:29:36","date_gmt":"2024-11-18T12:29:36","guid":{"rendered":"https:\/\/diariodominicano.com\/?p=575416"},"modified":"2024-11-18T13:03:16","modified_gmt":"2024-11-18T17:03:16","slug":"pld-conmemora-51-anos-de-su-fundacion-el-profesor-juan-bosch-da-pasos-para-la-formacion-de-lo-que-llamo-un-partido-unico-en-america-latina","status":"publish","type":"post","link":"https:\/\/diariodominicano.com\/?p=575416","title":{"rendered":"PLD conmemora 51 a\u00f1os de su fundaci\u00f3n"},"content":{"rendered":"\n<p>Recuerda el profesor Juan Bosch\u00a0\u00a0dio pasos para la formaci\u00f3n de lo que llam\u00f3 \u201cUn Partido \u00danico en Am\u00e9rica Latina\u201d<\/p>\n\n\n\n<p>diariodominicano.com<\/p>\n\n\n\n<p>Santo Domingo, R. D.,\u200218 de noviembre, 2024.-\u2002El Partido de la Liberaci\u00f3n Dominicana (PLD) record\u00f3 en este d\u00eda el acontecimiento, que menos de un mes despu\u00e9s, dio lugar al surgimiento de esa organizaci\u00f3n pol\u00edtica, considerada por su fundador, el ex Presidente de la Rep\u00fablica,\u00a0\u00a0el Profesor Juan Bosch, como su principal obra pol\u00edtica.\u00a0<\/p>\n\n\n\n<p>En las efem\u00e9rides del Partido de la Liberaci\u00f3n Dominicana se registra el 18 de noviembre de 1973 como la fecha en que el Profesor Juan Bosch, renunci\u00f3 a la presidencia y militancia del Partido Revolucionario Dominicano para formar, el PLD, el cual adelant\u00f3,&nbsp;&nbsp;surg\u00eda para completar la obra de Juan Pablo Duarte y los Trinitarios.<\/p>\n\n\n\n<p>La Secretar\u00eda de Comunicaciones del PLD en un despacho de prensa resalta este hecho hist\u00f3rico, que este d\u00eda lunes arriba a los 51 a\u00f1os, dando origen a la organizaci\u00f3n pol\u00edtica de mayores triunfos electorales y \u00fanicos con estructura real y efectiva en todos los rincones del pa\u00eds y en el exterior, donde residen los dominicanos y dominicanas.<\/p>\n\n\n\n<p>Se ha resaltado el gran valor y la determinaci\u00f3n del Profesor Juan Bosch, quien teniendo 64 a\u00f1os de edad, se embarc\u00f3 en la tarea de organizar un nuevo partido, que luego de consolidarse como fuerza pol\u00edtica, le llam\u00f3 \u201cUn Partido \u00danico en Am\u00e9rica Latina\u201d.<\/p>\n\n\n\n<p>En las rese\u00f1as period\u00edsticas de 1973 se apunta que el Profesor Juan Bosch, presidiendo una reuni\u00f3n de la direcci\u00f3n del PRD, partido que fundara conjuntamente con otros exiliados en Cuba en 1939, fue impactado por la forma en que uno de sus integrantes enfoc\u00f3 uno de los temas tratados y opt\u00f3 por retirarse de la misma: \u201cDon Juan se levant\u00f3 de la reuni\u00f3n y dijo de forma determinante que no regresaba\u201d, se rese\u00f1a en libros sobre la historia y or\u00edgenes del PLD.<\/p>\n\n\n\n<p>Menos de un mes despu\u00e9s, el 15 de diciembre de 1973, en la celebraci\u00f3n de su congreso constitutivo con el nombre Juan Pablo Duarte,&nbsp;&nbsp;se anuncia la formaci\u00f3n del Partido de la Liberaci\u00f3n Dominicana, acogiendo un tiempo despu\u00e9s, los colores morado y amarillo en su simbolog\u00eda. El Partido que ha impulsado las grandes transformaciones en Rep\u00fablica Dominicana<\/p>\n\n\n\n<p><strong>SECRETARIA COMUNICACIONES<\/strong><\/p>\n\n\n\n<p><strong>18 NOVIEMBRE 2024<\/strong><\/p>\n","protected":false},"excerpt":{"rendered":"<p>Recuerda el profesor Juan Bosch\u00a0\u00a0dio pasos para la formaci\u00f3n de lo que llam\u00f3 \u201cUn Partido \u00danico en Am\u00e9rica Latina\u201d diariodominicano.com Santo Domingo, R. D.,\u200218 de noviembre, 2024.-\u2002El Partido de la Liberaci\u00f3n Dominicana (PLD) record\u00f3 en este d\u00eda el acontecimiento, que menos de un mes despu\u00e9s, dio lugar al surgimiento de esa organizaci\u00f3n pol\u00edtica, considerada por [&hellip;]<\/p>\n","protected":false},"author":5,"featured_media":575417,"comment_status":"closed","ping_status":"closed","sticky":true,"template":"","format":"standard","meta":{"footnotes":""},"categories":[21,26,22,27],"tags":[],"class_list":["post-575416","post","type-post","status-publish","format-standard","has-post-thumbnail","hentry","category-cultura","category-efemerides","category-politica","category-portada"],"_links":{"self":[{"href":"https:\/\/diariodominicano.com\/index.php?rest_route=\/wp\/v2\/posts\/575416","targetHints":{"allow":["GET"]}}],"collection":[{"href":"https:\/\/diariodominicano.com\/index.php?rest_route=\/wp\/v2\/posts"}],"about":[{"href":"https:\/\/diariodominicano.com\/index.php?rest_route=\/wp\/v2\/types\/post"}],"author":[{"embeddable":true,"href":"https:\/\/diariodominicano.com\/index.php?rest_route=\/wp\/v2\/users\/5"}],"replies":[{"embeddable":true,"href":"https:\/\/diariodominicano.com\/index.php?rest_route=%2Fwp%2Fv2%2Fcomments&post=575416"}],"version-history":[{"count":2,"href":"https:\/\/diariodominicano.com\/index.php?rest_route=\/wp\/v2\/posts\/575416\/revisions"}],"predecessor-version":[{"id":575433,"href":"https:\/\/diariodominicano.com\/index.php?rest_route=\/wp\/v2\/posts\/575416\/revisions\/575433"}],"wp:featuredmedia":[{"embeddable":true,"href":"https:\/\/diariodominicano.com\/index.php?rest_route=\/wp\/v2\/media\/575417"}],"wp:attachment":[{"href":"https:\/\/diariodominicano.com\/index.php?rest_route=%2Fwp%2Fv2%2Fmedia&parent=575416"}],"wp:term":[{"taxonomy":"category","embeddable":true,"href":"https:\/\/diariodominicano.com\/index.php?rest_route=%2Fwp%2Fv2%2Fcategories&post=575416"},{"taxonomy":"post_tag","embeddable":true,"href":"https:\/\/diariodominicano.com\/index.php?rest_route=%2Fwp%2Fv2%2Ftags&post=575416"}],"curies":[{"name":"wp","href":"https:\/\/api.w.org\/{rel}","templated":true}]}}