{"id":575309,"date":"2024-11-17T21:42:14","date_gmt":"2024-11-18T01:42:14","guid":{"rendered":"https:\/\/diariodominicano.com\/?p=575309"},"modified":"2024-11-17T21:52:29","modified_gmt":"2024-11-18T01:52:29","slug":"grupo-blandino-entrega-tradicional-premiacion-agueda-blandino","status":"publish","type":"post","link":"https:\/\/diariodominicano.com\/?p=575309","title":{"rendered":"Grupo Blandino entrega tradicional premiaci\u00f3n Agueda Blandino"},"content":{"rendered":"\n<p>Walki Garc\u00eda, Rafael Su\u00e1rez, Virginia Arredondo y Frankl\u00edn Mej\u00eda.<\/p>\n\n\n\n<p><em>28 colaboradores fueron reconocidos por la empresa como est\u00edmulo y exaltaci\u00f3n de la calidad y eficiencia de sus servicios<\/em><\/p>\n\n\n\n<figure class=\"wp-block-image size-large\"><img loading=\"lazy\" decoding=\"async\" width=\"1024\" height=\"680\" src=\"https:\/\/diariodominicano.com\/wp-content\/uploads\/2024\/11\/2-2-1024x680.jpg\" alt=\"\" class=\"wp-image-575313\" srcset=\"https:\/\/diariodominicano.com\/wp-content\/uploads\/2024\/11\/2-2-1024x680.jpg 1024w, https:\/\/diariodominicano.com\/wp-content\/uploads\/2024\/11\/2-2-300x199.jpg 300w, https:\/\/diariodominicano.com\/wp-content\/uploads\/2024\/11\/2-2-768x510.jpg 768w, https:\/\/diariodominicano.com\/wp-content\/uploads\/2024\/11\/2-2-816x542.jpg 816w, https:\/\/diariodominicano.com\/wp-content\/uploads\/2024\/11\/2-2.jpg 1072w\" sizes=\"auto, (max-width: 1024px) 100vw, 1024px\" \/><\/figure>\n\n\n\n<p><strong>Nicol\u00e1s Pi\u00f1eyro y Mar\u00eda Fernanda Arredondo.<\/strong><\/p>\n\n\n\n<p><strong>Santo Domingo, RD. &#8211; <\/strong>En el marco de su 93 aniversario, el Grupo Blandino realiz\u00f3 la tradicional premiaci\u00f3n anual Do\u00f1a \u00c1gueda Blandino como reconocimiento a la excelencia de sus\u00a0colaboradores durante este a\u00f1o 2024.<\/p>\n\n\n\n<figure class=\"wp-block-image size-full\"><img loading=\"lazy\" decoding=\"async\" width=\"567\" height=\"712\" src=\"https:\/\/diariodominicano.com\/wp-content\/uploads\/2024\/11\/3-3.jpg\" alt=\"\" class=\"wp-image-575315\" srcset=\"https:\/\/diariodominicano.com\/wp-content\/uploads\/2024\/11\/3-3.jpg 567w, https:\/\/diariodominicano.com\/wp-content\/uploads\/2024\/11\/3-3-239x300.jpg 239w\" sizes=\"auto, (max-width: 567px) 100vw, 567px\" \/><\/figure>\n\n\n\n<p>Felipe Germ\u00e1n, Carolina Est\u00e9vez y Melissa S\u00e1nchez.<\/p>\n\n\n\n<p>Los distinguidos a la Excelencia fueron Rigoberto Acosta Dom\u00ednguez, en el \u00e1rea de operaciones; Elvira Bautista S\u00e1nchez, Servicios B\u00e1sicos; Nicol\u00e1s Francisco Pi\u00f1eyro, Operaciones; Yuskeily Carolina P\u00e9rez G\u00f3mez, Melissa Tavarez, en Mando Medios; Luis David Almonte, en gerencia corporativa y L\u00eda Jim\u00e9nez, en gerencia Institucional.<\/p>\n\n\n\n<figure class=\"wp-block-image size-large\"><img loading=\"lazy\" decoding=\"async\" width=\"1024\" height=\"680\" src=\"https:\/\/diariodominicano.com\/wp-content\/uploads\/2024\/11\/4-2-1024x680.jpg\" alt=\"\" class=\"wp-image-575317\" srcset=\"https:\/\/diariodominicano.com\/wp-content\/uploads\/2024\/11\/4-2-1024x680.jpg 1024w, https:\/\/diariodominicano.com\/wp-content\/uploads\/2024\/11\/4-2-300x199.jpg 300w, https:\/\/diariodominicano.com\/wp-content\/uploads\/2024\/11\/4-2-768x510.jpg 768w, https:\/\/diariodominicano.com\/wp-content\/uploads\/2024\/11\/4-2-816x542.jpg 816w, https:\/\/diariodominicano.com\/wp-content\/uploads\/2024\/11\/4-2.jpg 1072w\" sizes=\"auto, (max-width: 1024px) 100vw, 1024px\" \/><\/figure>\n\n\n\n<p>Melissa Tavarez y Jes\u00fas Arredondo.<\/p>\n\n\n\n<p>Adicionalmente Virginia Arredondo y Rafael Su\u00e1rez fueron reconocidos con el premio a la Fidelidad por sus 35 a\u00f1os de servicios ininterrumpidos.<\/p>\n\n\n\n<p>Tambi\u00e9n fueron distinguidos por sus 15 a\u00f1os de labores en la instituci\u00f3n el supervisor de servicios Turis Ram\u00edrez y Juan Rosario Rosario, por sus veinte a\u00f1os de esmerados servicios.<\/p>\n\n\n\n<figure class=\"wp-block-image size-large\"><img loading=\"lazy\" decoding=\"async\" width=\"1024\" height=\"680\" src=\"https:\/\/diariodominicano.com\/wp-content\/uploads\/2024\/11\/5-1024x680.jpg\" alt=\"\" class=\"wp-image-575319\" srcset=\"https:\/\/diariodominicano.com\/wp-content\/uploads\/2024\/11\/5-1024x680.jpg 1024w, https:\/\/diariodominicano.com\/wp-content\/uploads\/2024\/11\/5-300x199.jpg 300w, https:\/\/diariodominicano.com\/wp-content\/uploads\/2024\/11\/5-768x510.jpg 768w, https:\/\/diariodominicano.com\/wp-content\/uploads\/2024\/11\/5-816x542.jpg 816w, https:\/\/diariodominicano.com\/wp-content\/uploads\/2024\/11\/5.jpg 1072w\" sizes=\"auto, (max-width: 1024px) 100vw, 1024px\" \/><\/figure>\n\n\n\n<p><strong>Luis Almonte y Frankl\u00edn Mej\u00eda<\/strong><\/p>\n\n\n\n<p>Los galardonados recibieron certificados, placas y compensaciones en met\u00e1lico.<\/p>\n\n\n\n<p>Al intervenir en la ceremonia, el gerente de Talento Humano y Cultura Organizacional, Walki Garc\u00eda, resalt\u00f3 la entrega y eficiencia de los colaboradores y el denodado empe\u00f1o de la marca Blandino por implementar procesos y pol\u00edticas de alto nivel entre sus servidores como agentes del cambio en pro de la innovaci\u00f3n.<\/p>\n\n\n\n<figure class=\"wp-block-image size-large\"><img loading=\"lazy\" decoding=\"async\" width=\"1024\" height=\"680\" src=\"https:\/\/diariodominicano.com\/wp-content\/uploads\/2024\/11\/6-1024x680.jpg\" alt=\"\" class=\"wp-image-575321\" srcset=\"https:\/\/diariodominicano.com\/wp-content\/uploads\/2024\/11\/6-1024x680.jpg 1024w, https:\/\/diariodominicano.com\/wp-content\/uploads\/2024\/11\/6-300x199.jpg 300w, https:\/\/diariodominicano.com\/wp-content\/uploads\/2024\/11\/6-768x510.jpg 768w, https:\/\/diariodominicano.com\/wp-content\/uploads\/2024\/11\/6-816x542.jpg 816w, https:\/\/diariodominicano.com\/wp-content\/uploads\/2024\/11\/6.jpg 1072w\" sizes=\"auto, (max-width: 1024px) 100vw, 1024px\" \/><\/figure>\n\n\n\n<p><strong>Aneurys Feliz, Gianisse Genao y Juan Carlos Feliz.<\/strong><\/p>\n\n\n\n<p>En las palabras centrales del acto, el presidente ejecutivo del Grupo Blandino, Frankl\u00edn Mej\u00eda, sostuvo que la tradicional premiaci\u00f3n es la exaltaci\u00f3n por la empresa de su compromiso, esfuerzo y pasi\u00f3n por la excelencia de los colaboradores.<\/p>\n\n\n\n<p>\u201cHoy reconocimos el esfuerzo tesonero de muchos, cuya lealtad y fidelidad a las empresas del Grupo ha sido su sello distintivo por largos a\u00f1os, siendo ejemplo de motivaci\u00f3n para todos nosotros\u201d, apunt\u00f3.<\/p>\n\n\n\n<p>Se\u00f1al\u00f3 que \u201chan sido testigo del talento y la dedicaci\u00f3n los compa\u00f1eros en las siete categor\u00edas de premios, mostrando el inmenso valor que aporta a nuestra organizaci\u00f3n\u201d.<\/p>\n\n\n\n<p>Al final los presentes disfrutaron de un brindis preparado para la ocasi\u00f3n.<\/p>\n\n\n\n<p>Alexis Almonte<\/p>\n\n\n\n<p>Alexis Almonte (De tus contactos de Google)<\/p>\n\n\n\n<p><a target=\"_blank\" href=\"mailto:alexis.almonte@gmail.com\" rel=\"noreferrer noopener\">alexis.almonte@gmail.com<\/a><\/p>\n\n\n\n<p><\/p>\n","protected":false},"excerpt":{"rendered":"<p>Walki Garc\u00eda, Rafael Su\u00e1rez, Virginia Arredondo y Frankl\u00edn Mej\u00eda. 28 colaboradores fueron reconocidos por la empresa como est\u00edmulo y exaltaci\u00f3n de la calidad y eficiencia de sus servicios Nicol\u00e1s Pi\u00f1eyro y Mar\u00eda Fernanda Arredondo. Santo Domingo, RD. &#8211; En el marco de su 93 aniversario, el Grupo Blandino realiz\u00f3 la tradicional premiaci\u00f3n anual Do\u00f1a \u00c1gueda [&hellip;]<\/p>\n","protected":false},"author":2,"featured_media":575311,"comment_status":"closed","ping_status":"closed","sticky":true,"template":"","format":"standard","meta":{"footnotes":""},"categories":[36,25],"tags":[],"class_list":["post-575309","post","type-post","status-publish","format-standard","has-post-thumbnail","hentry","category-hombresmujeresycosas","category-gente"],"_links":{"self":[{"href":"https:\/\/diariodominicano.com\/index.php?rest_route=\/wp\/v2\/posts\/575309","targetHints":{"allow":["GET"]}}],"collection":[{"href":"https:\/\/diariodominicano.com\/index.php?rest_route=\/wp\/v2\/posts"}],"about":[{"href":"https:\/\/diariodominicano.com\/index.php?rest_route=\/wp\/v2\/types\/post"}],"author":[{"embeddable":true,"href":"https:\/\/diariodominicano.com\/index.php?rest_route=\/wp\/v2\/users\/2"}],"replies":[{"embeddable":true,"href":"https:\/\/diariodominicano.com\/index.php?rest_route=%2Fwp%2Fv2%2Fcomments&post=575309"}],"version-history":[{"count":3,"href":"https:\/\/diariodominicano.com\/index.php?rest_route=\/wp\/v2\/posts\/575309\/revisions"}],"predecessor-version":[{"id":575324,"href":"https:\/\/diariodominicano.com\/index.php?rest_route=\/wp\/v2\/posts\/575309\/revisions\/575324"}],"wp:featuredmedia":[{"embeddable":true,"href":"https:\/\/diariodominicano.com\/index.php?rest_route=\/wp\/v2\/media\/575311"}],"wp:attachment":[{"href":"https:\/\/diariodominicano.com\/index.php?rest_route=%2Fwp%2Fv2%2Fmedia&parent=575309"}],"wp:term":[{"taxonomy":"category","embeddable":true,"href":"https:\/\/diariodominicano.com\/index.php?rest_route=%2Fwp%2Fv2%2Fcategories&post=575309"},{"taxonomy":"post_tag","embeddable":true,"href":"https:\/\/diariodominicano.com\/index.php?rest_route=%2Fwp%2Fv2%2Ftags&post=575309"}],"curies":[{"name":"wp","href":"https:\/\/api.w.org\/{rel}","templated":true}]}}