{"id":575216,"date":"2024-11-17T10:28:46","date_gmt":"2024-11-17T14:28:46","guid":{"rendered":"https:\/\/diariodominicano.com\/?p=575216"},"modified":"2024-11-17T10:28:55","modified_gmt":"2024-11-17T14:28:55","slug":"municipio-dominicano-bayaguana-honro-a-luchador-cubano-mijain-lopez-fotos","status":"publish","type":"post","link":"https:\/\/diariodominicano.com\/?p=575216","title":{"rendered":"Municipio dominicano Bayaguana honr\u00f3 a luchador cubano Mija\u00edn L\u00f3pez (+Fotos)"},"content":{"rendered":"\n<p>Bayaguana, Rep\u00fablica Dominicana, 16 nov (Prensa Latina) El Ayuntamiento del municipio dominicano de Bayaguana declar\u00f3 hoy \u00abHijo Adoptivo\u00bb y \u00abHu\u00e9sped Distinguido\u00bb al cinco veces campe\u00f3n ol\u00edmpico de Cuba, Mija\u00edn L\u00f3pez, en reconocimiento a sus logros y aportes en el deporte.<\/p>\n\n\n\n<ul class=\"wp-block-list\">\n<li><a href=\"https:\/\/www.prensa-latina.cu\/2024\/11\/16\/\"><time>noviembre 16, 2024 | 20:47<\/time><\/a><\/li>\n<\/ul>\n\n\n\n<ul class=\"wp-block-list\">\n<li><a href=\"https:\/\/www.prensa-latina.cu\/2024\/11\/16\/municipio-dominicano-bayaguana-honro-a-luchador-cubano-mijain-lopez\/#\"><\/a><\/li>\n\n\n\n<li><a href=\"https:\/\/www.prensa-latina.cu\/2024\/11\/16\/municipio-dominicano-bayaguana-honro-a-luchador-cubano-mijain-lopez\/#\"><\/a><\/li>\n\n\n\n<li><a href=\"https:\/\/www.prensa-latina.cu\/2024\/11\/16\/municipio-dominicano-bayaguana-honro-a-luchador-cubano-mijain-lopez\/#\"><\/a><\/li>\n\n\n\n<li><a href=\"https:\/\/www.prensa-latina.cu\/2024\/11\/16\/municipio-dominicano-bayaguana-honro-a-luchador-cubano-mijain-lopez\/#\"><\/a><\/li>\n<\/ul>\n\n\n\n<p>Este \u00f3rgano del gobierno municipal de la provincia de Monte Plata distingui\u00f3 su haza\u00f1a en el deporte, sus valores y principios.<\/p>\n\n\n\n<p>Cientos de personas, entre deportistas, entrenadores y pueblo en general, manifestaron su cari\u00f1o y admiraci\u00f3n al gigante de la lucha grecorromana, en un acto celebrado en el Ayuntamiento.<\/p>\n\n\n\n<p>De igual manera, la Alcald\u00eda destac\u00f3 de manera especial su trayectoria deportiva y sobre todo su gran demostraci\u00f3n de aprecio, cari\u00f1o y respeto hacia el pueblo de Quisqueya y en particular de este municipio, cuna del deporte dominicano.<\/p>\n\n\n\n<figure class=\"wp-block-image\"><img decoding=\"async\" src=\"https:\/\/www.prensa-latina.cu\/wp-content\/uploads\/2024\/11\/Dominicana-Bayaguana-Mijain-Lopez1.jpg\" alt=\"\" class=\"wp-image-1356256\"\/><\/figure>\n\n\n\n<p>En la ocasi\u00f3n, Mija\u00edn L\u00f3pez, emocionado y feliz, agradeci\u00f3 a las autoridades, a la poblaci\u00f3n y en especial a Isaac Ogando, presidente de la Uni\u00f3n Deportiva Provincial e Inmortal del Deporte Dominicano.<\/p>\n\n\n\n<p>Juan C. Hubieres, presidente de la sala capitular del Ayuntamiento, expres\u00f3 que \u00ablas relaciones entre la Rep\u00fablica Dominicana y la siempre combatiente Cuba son muy estrechas, pero los v\u00ednculos con este municipio, dijo, lo son m\u00e1s, debido a la asistencia de ese hermano pa\u00eds a la preparaci\u00f3n de atletas locales que hoy son medallistas\u00bb.<\/p>\n\n\n\n<p>C\u00f3mo obviar que ante los embates que ha vivido nuestra Cuba, siempre ha sido puntera en la solidaridad con el mundo, puntualiz\u00f3 Hubieres.<\/p>\n\n\n\n<p>Durante su estancia en Bayaguana, el inmenso Mija\u00edn, quien hace solo unos meses, luego de lograr su quinta medalla ol\u00edmpica en Par\u00eds, bes\u00f3 el tapiz, se quit\u00f3 sus botas de lucha y las dej\u00f3 all\u00ed, tambi\u00e9n visit\u00f3 la casa del dirigente deportivo y amigo personal, Issac Ogando, quien anoche lo recibi\u00f3 con un abrazo en el aeropuerto internacional de Las Am\u00e9ricas.<\/p>\n\n\n\n<p>Cont\u00f3 Ogando, quien se autodefine revolucionario por convicci\u00f3n, que cuando vio al deportista dijo: \u00abHay Mija\u00edn para dos Olimpiadas m\u00e1s\u00bb.<\/p>\n\n\n\n<p>Mientras, el exalcalde de Bayaguana, Manuel Pantalio, expres\u00f3 su satisfacci\u00f3n por la visita del luchador y expres\u00f3 que su presencia no solo resalta la importancia del deporte en este municipio y en Monte Plata, sino que inspira a los j\u00f3venes atletas dominicanos a perseguir sus sue\u00f1os.<\/p>\n\n\n\n<p>\u00abEs un honor recibir a una figura tan ic\u00f3nica del deporte mundial. Su trayectoria es un ejemplo de esfuerzo y dedicaci\u00f3n\u201d, afirm\u00f3.<\/p>\n\n\n\n<figure class=\"wp-block-image\"><img decoding=\"async\" src=\"https:\/\/www.prensa-latina.cu\/wp-content\/uploads\/2024\/11\/Dominicana-Bayaguana-Mijain-Lopez2.jpg\" alt=\"\" class=\"wp-image-1356257\"\/><\/figure>\n\n\n\n<p>Durante la jornada, el tambi\u00e9n cinco veces campe\u00f3n mundial visit\u00f3 el Santuario Cristo de los Milagros de Bayaguana y el complejo deportivo de la localidad, junto al embajador de Cuba en este pa\u00eds, \u00c1ngel Arzuaga, funcionarios de la misi\u00f3n diplom\u00e1tica y sus familias, y autoridades del municipio.<\/p>\n\n\n\n<p>Ma\u00f1ana Mija\u00edn ser\u00e1 el invitado especial a la Ceremonia de Exaltaci\u00f3n al Pabell\u00f3n de la Fama, que tendr\u00e1 lugar en su sede del Centro Ol\u00edmpico Juan Pablo Duarte, en Santo Domingo.<\/p>\n\n\n\n<p>Durante el ceremonial, correspondiente a su 58 edici\u00f3n, ser\u00e1n entronizados los deportistas propulsores Mayo Sibilia y Luis \u00c1ngel Montalvo.<\/p>\n\n\n\n<p>Mientras que los exatletas elegidos son la karateca Ana Villanueva y la pesista Wendy Santana, V\u00edctor Estrella, en tenis de campo; F\u00e9lix Manuel D\u00edaz, en boxeo; Cristian Cruz; en voleibol; los ex peloteros profesional Fernando Hern\u00e1ndez y Octavio Dotel, Joel Ram\u00edrez y Jos\u00e9 Armando Castillo, en baloncesto y softbol, respectivamente.<\/p>\n\n\n\n<p>El lunes Mija\u00edn L\u00f3pez tambi\u00e9n ser\u00e1 declarado \u201cvisitante distinguido\u201d por la sala capitular de la ciudad de Ban\u00ed, provincia Peravia, cuna del General\u00edsimo M\u00e1ximo G\u00f3mez.<\/p>\n\n\n\n<p>lam\/mpv<\/p>\n","protected":false},"excerpt":{"rendered":"<p>Bayaguana, Rep\u00fablica Dominicana, 16 nov (Prensa Latina) El Ayuntamiento del municipio dominicano de Bayaguana declar\u00f3 hoy \u00abHijo Adoptivo\u00bb y \u00abHu\u00e9sped Distinguido\u00bb al cinco veces campe\u00f3n ol\u00edmpico de Cuba, Mija\u00edn L\u00f3pez, en reconocimiento a sus logros y aportes en el deporte. Este \u00f3rgano del gobierno municipal de la provincia de Monte Plata distingui\u00f3 su haza\u00f1a en [&hellip;]<\/p>\n","protected":false},"author":2,"featured_media":575217,"comment_status":"closed","ping_status":"closed","sticky":true,"template":"","format":"standard","meta":{"footnotes":""},"categories":[36,26],"tags":[],"class_list":["post-575216","post","type-post","status-publish","format-standard","has-post-thumbnail","hentry","category-hombresmujeresycosas","category-efemerides"],"_links":{"self":[{"href":"https:\/\/diariodominicano.com\/index.php?rest_route=\/wp\/v2\/posts\/575216","targetHints":{"allow":["GET"]}}],"collection":[{"href":"https:\/\/diariodominicano.com\/index.php?rest_route=\/wp\/v2\/posts"}],"about":[{"href":"https:\/\/diariodominicano.com\/index.php?rest_route=\/wp\/v2\/types\/post"}],"author":[{"embeddable":true,"href":"https:\/\/diariodominicano.com\/index.php?rest_route=\/wp\/v2\/users\/2"}],"replies":[{"embeddable":true,"href":"https:\/\/diariodominicano.com\/index.php?rest_route=%2Fwp%2Fv2%2Fcomments&post=575216"}],"version-history":[{"count":2,"href":"https:\/\/diariodominicano.com\/index.php?rest_route=\/wp\/v2\/posts\/575216\/revisions"}],"predecessor-version":[{"id":575219,"href":"https:\/\/diariodominicano.com\/index.php?rest_route=\/wp\/v2\/posts\/575216\/revisions\/575219"}],"wp:featuredmedia":[{"embeddable":true,"href":"https:\/\/diariodominicano.com\/index.php?rest_route=\/wp\/v2\/media\/575217"}],"wp:attachment":[{"href":"https:\/\/diariodominicano.com\/index.php?rest_route=%2Fwp%2Fv2%2Fmedia&parent=575216"}],"wp:term":[{"taxonomy":"category","embeddable":true,"href":"https:\/\/diariodominicano.com\/index.php?rest_route=%2Fwp%2Fv2%2Fcategories&post=575216"},{"taxonomy":"post_tag","embeddable":true,"href":"https:\/\/diariodominicano.com\/index.php?rest_route=%2Fwp%2Fv2%2Ftags&post=575216"}],"curies":[{"name":"wp","href":"https:\/\/api.w.org\/{rel}","templated":true}]}}