{"id":575191,"date":"2024-11-16T22:34:44","date_gmt":"2024-11-17T02:34:44","guid":{"rendered":"https:\/\/diariodominicano.com\/?p=575191"},"modified":"2024-11-16T22:34:48","modified_gmt":"2024-11-17T02:34:48","slug":"presidente-de-cuba-felicita-a-la-habana-en-su-aniversario-505","status":"publish","type":"post","link":"https:\/\/diariodominicano.com\/?p=575191","title":{"rendered":"Presidente de Cuba felicita a La Habana en su aniversario 505"},"content":{"rendered":"\n<p>La Habana, 16 nov (Prensa Latina) El presidente de Cuba, Miguel D\u00edaz-Canel, salud\u00f3 a esta capital, a prop\u00f3sito de cumplirse hoy su aniversario 505.<\/p>\n\n\n\n<ul class=\"wp-block-list\">\n<li><a href=\"https:\/\/www.prensa-latina.cu\/2024\/11\/16\/\"><time>noviembre 16, 2024 | 12:14<\/time><\/a><\/li>\n<\/ul>\n\n\n\n<ul class=\"wp-block-list\">\n<li><a href=\"https:\/\/www.prensa-latina.cu\/2024\/11\/16\/presidente-de-cuba-felicita-a-la-habana-en-su-aniversario-505\/#\"><\/a><\/li>\n\n\n\n<li><a href=\"https:\/\/www.prensa-latina.cu\/2024\/11\/16\/presidente-de-cuba-felicita-a-la-habana-en-su-aniversario-505\/#\"><\/a><\/li>\n\n\n\n<li><a href=\"https:\/\/www.prensa-latina.cu\/2024\/11\/16\/presidente-de-cuba-felicita-a-la-habana-en-su-aniversario-505\/#\"><\/a><\/li>\n\n\n\n<li><a href=\"https:\/\/www.prensa-latina.cu\/2024\/11\/16\/presidente-de-cuba-felicita-a-la-habana-en-su-aniversario-505\/#\"><\/a><\/li>\n<\/ul>\n\n\n\n<p>Felicidades, hermosa Habana, escribi\u00f3 el jefe de Estado en la red social X.<\/p>\n\n\n\n<p>Por ti, por ver cerradas las heridas que te dej\u00f3 el hurac\u00e1n y las que abre el tiempo implacable, trabajaremos sin reposo todos los d\u00edas, agreg\u00f3 el mandatario en un mensaje con la etiqueta #DePieYCombatiendo.<\/p>\n\n\n\n<p>Cada 16 de noviembre se festeja el aniversario de la fundaci\u00f3n de la Villa de San Crist\u00f3bal de La Habana, que est\u00e1 entre las siete primeras creadas por los espa\u00f1oles en Cuba.<\/p>\n\n\n\n<p>Este a\u00f1o, las celebraciones incluyen la campa\u00f1a de comunicaci\u00f3n Leales a La Habana, que rinde homenaje a la ciudad y a su historiador, Eusebio Leal Spengler (1942-2020).<\/p>\n\n\n\n<p>Asimismo, estar\u00e1n marcadas por la inauguraci\u00f3n de obras restauradas en la parte m\u00e1s antigua de la urbe, presentaciones de libros, exposiciones fotogr\u00e1ficas, la tradicional ceremonia de la vuelta a la Ceiba en el Templete, una gala y otros espect\u00e1culos culturales.<\/p>\n\n\n\n<p>rgh\/raj<\/p>\n","protected":false},"excerpt":{"rendered":"<p>La Habana, 16 nov (Prensa Latina) El presidente de Cuba, Miguel D\u00edaz-Canel, salud\u00f3 a esta capital, a prop\u00f3sito de cumplirse hoy su aniversario 505. Felicidades, hermosa Habana, escribi\u00f3 el jefe de Estado en la red social X. Por ti, por ver cerradas las heridas que te dej\u00f3 el hurac\u00e1n y las que abre el tiempo [&hellip;]<\/p>\n","protected":false},"author":2,"featured_media":575192,"comment_status":"closed","ping_status":"closed","sticky":true,"template":"","format":"standard","meta":{"footnotes":""},"categories":[21,26],"tags":[],"class_list":["post-575191","post","type-post","status-publish","format-standard","has-post-thumbnail","hentry","category-cultura","category-efemerides"],"_links":{"self":[{"href":"https:\/\/diariodominicano.com\/index.php?rest_route=\/wp\/v2\/posts\/575191","targetHints":{"allow":["GET"]}}],"collection":[{"href":"https:\/\/diariodominicano.com\/index.php?rest_route=\/wp\/v2\/posts"}],"about":[{"href":"https:\/\/diariodominicano.com\/index.php?rest_route=\/wp\/v2\/types\/post"}],"author":[{"embeddable":true,"href":"https:\/\/diariodominicano.com\/index.php?rest_route=\/wp\/v2\/users\/2"}],"replies":[{"embeddable":true,"href":"https:\/\/diariodominicano.com\/index.php?rest_route=%2Fwp%2Fv2%2Fcomments&post=575191"}],"version-history":[{"count":1,"href":"https:\/\/diariodominicano.com\/index.php?rest_route=\/wp\/v2\/posts\/575191\/revisions"}],"predecessor-version":[{"id":575193,"href":"https:\/\/diariodominicano.com\/index.php?rest_route=\/wp\/v2\/posts\/575191\/revisions\/575193"}],"wp:featuredmedia":[{"embeddable":true,"href":"https:\/\/diariodominicano.com\/index.php?rest_route=\/wp\/v2\/media\/575192"}],"wp:attachment":[{"href":"https:\/\/diariodominicano.com\/index.php?rest_route=%2Fwp%2Fv2%2Fmedia&parent=575191"}],"wp:term":[{"taxonomy":"category","embeddable":true,"href":"https:\/\/diariodominicano.com\/index.php?rest_route=%2Fwp%2Fv2%2Fcategories&post=575191"},{"taxonomy":"post_tag","embeddable":true,"href":"https:\/\/diariodominicano.com\/index.php?rest_route=%2Fwp%2Fv2%2Ftags&post=575191"}],"curies":[{"name":"wp","href":"https:\/\/api.w.org\/{rel}","templated":true}]}}