{"id":575177,"date":"2024-11-16T22:19:38","date_gmt":"2024-11-17T02:19:38","guid":{"rendered":"https:\/\/diariodominicano.com\/?p=575177"},"modified":"2024-11-16T23:02:08","modified_gmt":"2024-11-17T03:02:08","slug":"librerias-y-editoriales-celebran-exito-en-ventas-en-la-feria-del-libro-2024-cultura","status":"publish","type":"post","link":"https:\/\/diariodominicano.com\/?p=575177","title":{"rendered":"Librer\u00edas y editoriales celebran \u00e9xito en ventas en la Feria del Libro 2024: Cultura"},"content":{"rendered":"\n<p><strong><em>Los visitantes tambi\u00e9n se muestran satisfechos con la edici\u00f3n celebrada este a\u00f1o<\/em><\/strong><\/p>\n\n\n\n<figure class=\"wp-block-image size-large\"><img loading=\"lazy\" decoding=\"async\" width=\"1024\" height=\"461\" src=\"https:\/\/diariodominicano.com\/wp-content\/uploads\/2024\/11\/El-Pabellon-de-Comic-en-conferencia-1-1024x461.jpg\" alt=\"\" class=\"wp-image-575180\" srcset=\"https:\/\/diariodominicano.com\/wp-content\/uploads\/2024\/11\/El-Pabellon-de-Comic-en-conferencia-1-1024x461.jpg 1024w, https:\/\/diariodominicano.com\/wp-content\/uploads\/2024\/11\/El-Pabellon-de-Comic-en-conferencia-1-300x135.jpg 300w, https:\/\/diariodominicano.com\/wp-content\/uploads\/2024\/11\/El-Pabellon-de-Comic-en-conferencia-1-768x346.jpg 768w, https:\/\/diariodominicano.com\/wp-content\/uploads\/2024\/11\/El-Pabellon-de-Comic-en-conferencia-1-816x367.jpg 816w, https:\/\/diariodominicano.com\/wp-content\/uploads\/2024\/11\/El-Pabellon-de-Comic-en-conferencia-1.jpg 1448w\" sizes=\"auto, (max-width: 1024px) 100vw, 1024px\" \/><\/figure>\n\n\n\n<p><strong>Santo Domingo, RD.\u2013&nbsp;<\/strong>Representantes de librer\u00edas y editoriales nacionales e internacionales que participan en la XXVI Feria Internacional del Libro Santo Domingo (FILSD 2024) se han mostrado muy complacidos con los resultados de las ventas, las cuales consideran que han superado sus expectativas, a medida que se aproxima el cierre del evento, que tiene lugar este domingo 17 de noviembre.<\/p>\n\n\n\n<p>La esmerada organizaci\u00f3n y el confort en los pabellones son de los aspectos valorados por los libreros y editores que este a\u00f1o est\u00e1n presentes en esta fiesta literaria dedicada al escritor Mateo Morrison, muchos de los cuales afirmaron sentirse complacidos y con el inter\u00e9s de volver a participar en versiones futuras.<\/p>\n\n\n\n<p>La FILSD 2024, que tiene lugar en la Plaza de la Cultura Juan Pablo Duarte, con una dedicaci\u00f3n especial a la comunidad de Washington Heights, ha sido un espacio en el que distintas generaciones se han conectado con la lectura, seducidos por su lema \u201cLos libros conectan\u201d.<\/p>\n\n\n\n<p><a><\/a><strong>Editoras y librer\u00edas<\/strong><\/p>\n\n\n\n<p>V\u00edctor Abreu, propietario de SDQ Lee<strong>,<\/strong>&nbsp;librer\u00eda que participa por primera vez en la FILSD, se\u00f1al\u00f3 que las ventas estuvieron mejor de lo que esperaba, superando con creces las expectativas.<\/p>\n\n\n\n<p>De igual modo, Basilio Rodr\u00edguez Ca\u00f1eda, presidente del Grupo Editorial Sial Pigmali\u00f3n, radicado en Madrid, Espa\u00f1a, que tambi\u00e9n imprime y distribuye desde Colombia y M\u00e9xico, afirm\u00f3 que ha sido gratificante ver a visitantes de colegios, escuelas, universidades y p\u00fablico en general recorrer el recinto durante estos d\u00edas, y destac\u00f3 el entusiasmo con el que han recibido las propuestas literarias disponibles en su estand. Destac\u00f3 las buenas ventas que han tenido en lo que va de feria.<\/p>\n\n\n\n<p><a><\/a>Sergio Mu\u00f1oz, representante de la editorial y librer\u00eda Mar Adentro, expres\u00f3 su sorpresa al ver c\u00f3mo el p\u00fablico dominicano se ha interesado por la selecci\u00f3n de literatura mexicana que ofrecen en su expositor, la cual incluye g\u00e9neros como historia, poes\u00eda, novela, teatro y textos infantiles. Manifest\u00f3 que ha tenido tan buenas ventas que ha tenido que reponer libros.<\/p>\n\n\n\n<p>Por parte de Ediciones Universidad de Salamanca, Miguel Rejas asegur\u00f3 que esta es la segunda ocasi\u00f3n que participan en la Feria del Libro dominicana, afirmando que esta edici\u00f3n super\u00f3 en ventas a la del a\u00f1o pasado.<\/p>\n\n\n\n<p><a><\/a>Para Radham\u00e9s Ramos, de la librer\u00eda El Poeta<strong>,<\/strong>&nbsp;la experiencia ha sido muy positiva, ya que el p\u00fablico ha asistido masivamente al evento, pese a las inclemencias del tiempo. De los g\u00e9neros que m\u00e1s se han vendido en su estand, mencion\u00f3 la novela, historia, poes\u00eda y ensayo.<\/p>\n\n\n\n<p>Stephanie&nbsp;P\u00e9rez, de la librer\u00eda Casa Cal\u00edope, cuyo p\u00fablico es mayormente joven, expres\u00f3 que esta cita cultural ha elevado su calidad, y que las instalaciones techadas y climatizadas han sido un factor que ha contribuido al incremento de las visitas y las ventas.<\/p>\n\n\n\n<p><strong>Opiniones de los visitantes<\/strong><\/p>\n\n\n\n<p>Geraldo Guzm\u00e1n, acompa\u00f1ado de sus hijas, destac\u00f3 la amplia variedad de libros, la excelente organizaci\u00f3n y la acogida recibida. De su lado, Micaela Ovalles calific\u00f3 la Feria del Libro 2024 como exitosa, resaltando la cantidad de j\u00f3venes comprando libros.<\/p>\n\n\n\n<p>La estudiante de Odontolog\u00eda\u00a0Saeli Ruiz destac\u00f3 la diversidad de actividades y experiencias inmersivas, mientras que Kelvin Corniel se\u00f1al\u00f3 la gran variedad de t\u00edtulos y el inter\u00e9s del p\u00fablico por los libros. Finalmente, Tacha Gof elogi\u00f3 la organizaci\u00f3n, las instalaciones con aire acondicionado y la tranquilidad que ofrece el evento.<\/p>\n\n\n\n<p>Enlace de fotos WeTransfer:&nbsp;<a href=\"https:\/\/we.tl\/t-7WXAUjuiWX\" target=\"_blank\" rel=\"noreferrer noopener\">https:\/\/we.tl\/t-7WXAUjuiWX<\/a><\/p>\n\n\n\n<p>Enlace v\u00eddeo WeTransfer:&nbsp;<a href=\"https:\/\/we.tl\/t-KffIuuYDCK\" target=\"_blank\" rel=\"noreferrer noopener\">https:\/\/we.tl\/t-KffIuuYDCK<\/a><\/p>\n\n\n\n<p>Ministerio de Cultura de la Rep\u00fablica Dominicana<\/p>\n\n\n\n<p>Ministerio de Cultura de la Rep\u00fablica Dominicana (De tus contactos de Google)<\/p>\n\n\n\n<p><a target=\"_blank\" href=\"mailto:prensa@cultura.gob.do\" rel=\"noreferrer noopener\">prensa@cultura.gob.do<\/a><\/p>\n\n\n\n<figure class=\"wp-block-table\"><table><tbody><tr><td>&nbsp;<\/td><\/tr><\/tbody><\/table><\/figure>\n","protected":false},"excerpt":{"rendered":"<p>Los visitantes tambi\u00e9n se muestran satisfechos con la edici\u00f3n celebrada este a\u00f1o Santo Domingo, RD.\u2013&nbsp;Representantes de librer\u00edas y editoriales nacionales e internacionales que participan en la XXVI Feria Internacional del Libro Santo Domingo (FILSD 2024) se han mostrado muy complacidos con los resultados de las ventas, las cuales consideran que han superado sus expectativas, a [&hellip;]<\/p>\n","protected":false},"author":2,"featured_media":575178,"comment_status":"closed","ping_status":"closed","sticky":true,"template":"","format":"standard","meta":{"footnotes":""},"categories":[21,25],"tags":[],"class_list":["post-575177","post","type-post","status-publish","format-standard","has-post-thumbnail","hentry","category-cultura","category-gente"],"_links":{"self":[{"href":"https:\/\/diariodominicano.com\/index.php?rest_route=\/wp\/v2\/posts\/575177","targetHints":{"allow":["GET"]}}],"collection":[{"href":"https:\/\/diariodominicano.com\/index.php?rest_route=\/wp\/v2\/posts"}],"about":[{"href":"https:\/\/diariodominicano.com\/index.php?rest_route=\/wp\/v2\/types\/post"}],"author":[{"embeddable":true,"href":"https:\/\/diariodominicano.com\/index.php?rest_route=\/wp\/v2\/users\/2"}],"replies":[{"embeddable":true,"href":"https:\/\/diariodominicano.com\/index.php?rest_route=%2Fwp%2Fv2%2Fcomments&post=575177"}],"version-history":[{"count":2,"href":"https:\/\/diariodominicano.com\/index.php?rest_route=\/wp\/v2\/posts\/575177\/revisions"}],"predecessor-version":[{"id":575182,"href":"https:\/\/diariodominicano.com\/index.php?rest_route=\/wp\/v2\/posts\/575177\/revisions\/575182"}],"wp:featuredmedia":[{"embeddable":true,"href":"https:\/\/diariodominicano.com\/index.php?rest_route=\/wp\/v2\/media\/575178"}],"wp:attachment":[{"href":"https:\/\/diariodominicano.com\/index.php?rest_route=%2Fwp%2Fv2%2Fmedia&parent=575177"}],"wp:term":[{"taxonomy":"category","embeddable":true,"href":"https:\/\/diariodominicano.com\/index.php?rest_route=%2Fwp%2Fv2%2Fcategories&post=575177"},{"taxonomy":"post_tag","embeddable":true,"href":"https:\/\/diariodominicano.com\/index.php?rest_route=%2Fwp%2Fv2%2Ftags&post=575177"}],"curies":[{"name":"wp","href":"https:\/\/api.w.org\/{rel}","templated":true}]}}