{"id":575164,"date":"2024-11-16T22:00:58","date_gmt":"2024-11-17T02:00:58","guid":{"rendered":"https:\/\/diariodominicano.com\/?p=575164"},"modified":"2024-11-16T22:03:15","modified_gmt":"2024-11-17T02:03:15","slug":"teatro-guloya-invitado-a-festival-en-honduras-con-su-celebrada-pieza-otelo-sniff","status":"publish","type":"post","link":"https:\/\/diariodominicano.com\/?p=575164","title":{"rendered":"Teatro Guloya invitado a festival en Honduras con su celebrada pieza \u00abOtelo Sniff\u00bb"},"content":{"rendered":"\n<p>Claudio Rivera m\u00e1scara de Yago.<\/p>\n\n\n\n<p>En el marco de su 33 aniversario el Teatro Guloya ha sido invitado a participar de la VII Muestra Centroamericana de Teatro, Memorias de Centroam\u00e9rica y del Caribe, con su aclamada pieza \u201cOtelo Sniff\u201d en funciones a celebrarse en La Casa del Teatro Memorias, los d\u00edas 14, 15 y 16 de noviembre de este 2024. Dicha Muestra Teatral cuenta con la participaci\u00f3n de piezas teatrales de El Salvador, Guatemala, Honduras y Rep. Dominicana.<\/p>\n\n\n\n<figure class=\"wp-block-image size-large\"><img loading=\"lazy\" decoding=\"async\" width=\"819\" height=\"1024\" src=\"https:\/\/diariodominicano.com\/wp-content\/uploads\/2024\/11\/14-y-15-de-agosto-6-819x1024.png\" alt=\"\" class=\"wp-image-575165\" srcset=\"https:\/\/diariodominicano.com\/wp-content\/uploads\/2024\/11\/14-y-15-de-agosto-6-819x1024.png 819w, https:\/\/diariodominicano.com\/wp-content\/uploads\/2024\/11\/14-y-15-de-agosto-6-240x300.png 240w, https:\/\/diariodominicano.com\/wp-content\/uploads\/2024\/11\/14-y-15-de-agosto-6-768x960.png 768w, https:\/\/diariodominicano.com\/wp-content\/uploads\/2024\/11\/14-y-15-de-agosto-6-816x1020.png 816w, https:\/\/diariodominicano.com\/wp-content\/uploads\/2024\/11\/14-y-15-de-agosto-6.png 1080w\" sizes=\"auto, (max-width: 819px) 100vw, 819px\" \/><\/figure>\n\n\n\n<p>Interpretada por Claudio Rivera y codirigida por Viena Gonz\u00e1lez y Claudio Rivera, el teatro Guloya ha paseado su aclamada pieza \u201cOtelo Sniff\u201d por importantes escenarios de Costa Rica, Washington, Colombia, Santiago de Cuba.&nbsp;<\/p>\n\n\n\n<p>\u201cOtelo Sniff\u201d, es una adaptaci\u00f3n libre del cl\u00e1sico de William Shakespeare, \u201cOtelo, el Moro de Venecia\u201d. En esta versi\u00f3n de Guloya, se resit\u00faa hist\u00f3ricamente el conflicto en nuestra media isla. Lleno de referentes a la dictadura de Rafael Trujillo, nuestro Otelo tendr\u00e1 que v\u00e9rselas con sus celos y con los prejuicios e intrigas de toda una sociedad, encarnadas en el villano de Yago. Este creativo montaje\u00a0 refleja el rid\u00edculo que significa negarnos a nosotros mismos y que desde los principios del bien y el mal celebra nuestra probada capacidad de autodestrucci\u00f3n.<\/p>\n\n\n\n<p>Guloya agotar\u00e1 cuatro funciones, del jueves 14 al s\u00e1bado 16, en la\u00a0 Casa de Teatro Memorias, en Tegucigalpa. Tambi\u00e9n participar\u00e1 en un importante foro televisivo sobre el teatro Dominicano y Hondure\u00f1o.<\/p>\n\n\n\n<p><\/p>\n\n\n\n<p>Orlando Jerez<\/p>\n\n\n\n<p>Orlando Jerez (De tus contactos de Google)<\/p>\n\n\n\n<p><a target=\"_blank\" href=\"mailto:orlan2.jerez@gmail.com\" rel=\"noreferrer noopener\">orlan2.jerez@gmail.com<\/a><\/p>\n\n\n\n<p><\/p>\n","protected":false},"excerpt":{"rendered":"<p>Claudio Rivera m\u00e1scara de Yago. En el marco de su 33 aniversario el Teatro Guloya ha sido invitado a participar de la VII Muestra Centroamericana de Teatro, Memorias de Centroam\u00e9rica y del Caribe, con su aclamada pieza \u201cOtelo Sniff\u201d en funciones a celebrarse en La Casa del Teatro Memorias, los d\u00edas 14, 15 y 16 [&hellip;]<\/p>\n","protected":false},"author":2,"featured_media":575166,"comment_status":"closed","ping_status":"closed","sticky":true,"template":"","format":"standard","meta":{"footnotes":""},"categories":[21,36,25],"tags":[],"class_list":["post-575164","post","type-post","status-publish","format-standard","has-post-thumbnail","hentry","category-cultura","category-hombresmujeresycosas","category-gente"],"_links":{"self":[{"href":"https:\/\/diariodominicano.com\/index.php?rest_route=\/wp\/v2\/posts\/575164","targetHints":{"allow":["GET"]}}],"collection":[{"href":"https:\/\/diariodominicano.com\/index.php?rest_route=\/wp\/v2\/posts"}],"about":[{"href":"https:\/\/diariodominicano.com\/index.php?rest_route=\/wp\/v2\/types\/post"}],"author":[{"embeddable":true,"href":"https:\/\/diariodominicano.com\/index.php?rest_route=\/wp\/v2\/users\/2"}],"replies":[{"embeddable":true,"href":"https:\/\/diariodominicano.com\/index.php?rest_route=%2Fwp%2Fv2%2Fcomments&post=575164"}],"version-history":[{"count":3,"href":"https:\/\/diariodominicano.com\/index.php?rest_route=\/wp\/v2\/posts\/575164\/revisions"}],"predecessor-version":[{"id":575171,"href":"https:\/\/diariodominicano.com\/index.php?rest_route=\/wp\/v2\/posts\/575164\/revisions\/575171"}],"wp:featuredmedia":[{"embeddable":true,"href":"https:\/\/diariodominicano.com\/index.php?rest_route=\/wp\/v2\/media\/575166"}],"wp:attachment":[{"href":"https:\/\/diariodominicano.com\/index.php?rest_route=%2Fwp%2Fv2%2Fmedia&parent=575164"}],"wp:term":[{"taxonomy":"category","embeddable":true,"href":"https:\/\/diariodominicano.com\/index.php?rest_route=%2Fwp%2Fv2%2Fcategories&post=575164"},{"taxonomy":"post_tag","embeddable":true,"href":"https:\/\/diariodominicano.com\/index.php?rest_route=%2Fwp%2Fv2%2Ftags&post=575164"}],"curies":[{"name":"wp","href":"https:\/\/api.w.org\/{rel}","templated":true}]}}