{"id":575048,"date":"2024-11-16T10:13:35","date_gmt":"2024-11-16T14:13:35","guid":{"rendered":"https:\/\/diariodominicano.com\/?p=575048"},"modified":"2024-11-16T10:13:43","modified_gmt":"2024-11-16T14:13:43","slug":"artistas-del-ministerio-de-defensa-celebran-el-dia-del-musico","status":"publish","type":"post","link":"https:\/\/diariodominicano.com\/?p=575048","title":{"rendered":"Artistas del Ministerio de Defensa celebran el D\u00eda del M\u00fasico"},"content":{"rendered":"\n<p>diariodominicano.com<\/p>\n\n\n\n<p>Santo Domingo, R. D.,\u200216 de noviembre, 2024.-\u2002En un emotivo homenaje a la m\u00fasica y al talento, artistas del Coro del Ministerio de Defensa (MIDE), ofrecieron una destacada presentaci\u00f3n durante el programa radial\u00a0 J-5 Interactivo, que transmite la Radioemisora Cultural \u201cLa Voz de las Fuerzas Armadas\u201d.<\/p>\n\n\n\n<p>Con motivo del D\u00eda del M\u00fasico, talentos de las tres fuerzas militares resaltaron la dedicaci\u00f3n, disciplina y talento de los miembros de las FF.AA en su rol art\u00edstico, cultural y que aportan, a la amenizaci\u00f3n de eventos militares tradicionales y a la promoci\u00f3n de los valores culturales en el pa\u00eds.<\/p>\n\n\n\n<p>Durante la presentaci\u00f3n, el Segundo Teniente Ra\u00fal Santana, ERD., encargado del Departamento del Coro \u00abRam\u00f3n Mat\u00edas Mella\u00bb, la Teniente de Corbeta Felicia Rodr\u00edguez, ARD., cantante y solista, y el Sargento Mayor Ram\u00f3n Mata, ERD., tamborero y cantante, compartieron sus experiencias sobre la importancia de la formaci\u00f3n musical en sus carreras militares.<\/p>\n\n\n\n<p>Explicaron que reciben un entrenamiento especializado que, no solo desarrolla sus habilidades art\u00edsticas, sino que tambi\u00e9n fomenta la disciplina y el car\u00e1cter necesarios para cumplir con sus responsabilidades dentro de las Fuerzas Armadas. Este aprendizaje, adem\u00e1s, les ayuda a adaptarse a los diversos escenarios en los que se presentan, reafirmando su compromiso con la cultura y el servicio a la naci\u00f3n.<\/p>\n\n\n\n<p>\u201cNos sentimos orgullosos del talento y la dedicaci\u00f3n de cada miembro de nuestro coro, quienes, adem\u00e1s de sus responsabilidades militares, dedican tiempo y esfuerzo al arte musical, contribuyendo as\u00ed al desarrollo cultural de nuestra naci\u00f3n,\u201d expres\u00f3 el encargado del Coro del Ministerio de Defensa.<\/p>\n\n\n\n<p>\u201cLa m\u00fasica es un lenguaje universal que nos une como sociedad y enriquece nuestro esp\u00edritu. A trav\u00e9s de cada interpretaci\u00f3n, el Coro reafirma su compromiso con estos valores fundamentales\u201d, manifest\u00f3.<\/p>\n\n\n\n<p>La participaci\u00f3n del Coro en el J-5 Interactivo fue un recordatorio de la importancia de la m\u00fasica como medio de cohesi\u00f3n social y de la disposici\u00f3n de las FF AA para promover la cultura y el arte en la sociedad dominicana.<\/p>\n\n\n\n<p>En su intervenci\u00f3n en el programa el coro interpret\u00f3 temas como \u201cEl Cirineo\u201d, \u201cAdornemos\u201d, \u201cAl Mundo Paz\u201d y el \u201cCanto a Santa Cecilia\u201d, en honor a la patrona de los m\u00fasicos, cuya festividad se celebra el 22 de noviembre.<\/p>\n\n\n\n<p><strong><em>Departamento de Prensa<\/em><\/strong><\/p>\n\n\n\n<p><em><strong>Direcci\u00f3n de Asuntos Civiles del Estado Mayor Conjunto, J5<\/strong><\/em><\/p>\n\n\n\n<p><em><strong>Ministerio de Defensa de Rep\u00fablica Dominicana<\/strong><\/em><\/p>\n","protected":false},"excerpt":{"rendered":"<p>diariodominicano.com Santo Domingo, R. D.,\u200216 de noviembre, 2024.-\u2002En un emotivo homenaje a la m\u00fasica y al talento, artistas del Coro del Ministerio de Defensa (MIDE), ofrecieron una destacada presentaci\u00f3n durante el programa radial\u00a0 J-5 Interactivo, que transmite la Radioemisora Cultural \u201cLa Voz de las Fuerzas Armadas\u201d. Con motivo del D\u00eda del M\u00fasico, talentos de las [&hellip;]<\/p>\n","protected":false},"author":5,"featured_media":575050,"comment_status":"closed","ping_status":"closed","sticky":true,"template":"","format":"standard","meta":{"footnotes":""},"categories":[36,25,27],"tags":[],"class_list":["post-575048","post","type-post","status-publish","format-standard","has-post-thumbnail","hentry","category-hombresmujeresycosas","category-gente","category-portada"],"_links":{"self":[{"href":"https:\/\/diariodominicano.com\/index.php?rest_route=\/wp\/v2\/posts\/575048","targetHints":{"allow":["GET"]}}],"collection":[{"href":"https:\/\/diariodominicano.com\/index.php?rest_route=\/wp\/v2\/posts"}],"about":[{"href":"https:\/\/diariodominicano.com\/index.php?rest_route=\/wp\/v2\/types\/post"}],"author":[{"embeddable":true,"href":"https:\/\/diariodominicano.com\/index.php?rest_route=\/wp\/v2\/users\/5"}],"replies":[{"embeddable":true,"href":"https:\/\/diariodominicano.com\/index.php?rest_route=%2Fwp%2Fv2%2Fcomments&post=575048"}],"version-history":[{"count":1,"href":"https:\/\/diariodominicano.com\/index.php?rest_route=\/wp\/v2\/posts\/575048\/revisions"}],"predecessor-version":[{"id":575051,"href":"https:\/\/diariodominicano.com\/index.php?rest_route=\/wp\/v2\/posts\/575048\/revisions\/575051"}],"wp:featuredmedia":[{"embeddable":true,"href":"https:\/\/diariodominicano.com\/index.php?rest_route=\/wp\/v2\/media\/575050"}],"wp:attachment":[{"href":"https:\/\/diariodominicano.com\/index.php?rest_route=%2Fwp%2Fv2%2Fmedia&parent=575048"}],"wp:term":[{"taxonomy":"category","embeddable":true,"href":"https:\/\/diariodominicano.com\/index.php?rest_route=%2Fwp%2Fv2%2Fcategories&post=575048"},{"taxonomy":"post_tag","embeddable":true,"href":"https:\/\/diariodominicano.com\/index.php?rest_route=%2Fwp%2Fv2%2Ftags&post=575048"}],"curies":[{"name":"wp","href":"https:\/\/api.w.org\/{rel}","templated":true}]}}