{"id":575026,"date":"2024-11-16T09:57:56","date_gmt":"2024-11-16T13:57:56","guid":{"rendered":"https:\/\/diariodominicano.com\/?p=575026"},"modified":"2024-11-16T10:11:31","modified_gmt":"2024-11-16T14:11:31","slug":"estadia-de-bosch-en-espana","status":"publish","type":"post","link":"https:\/\/diariodominicano.com\/?p=575026","title":{"rendered":"ESTAD\u00cdA DE BOSCH EN ESPA\u00d1A"},"content":{"rendered":"\n<p>Bosch se despide de compa\u00f1eros en-Aeropuerto-de-Punta-Caucedo-antes de-viajar a Espa\u00f1a.<\/p>\n\n\n\n<p>Sebasti\u00e1n Del Pilar S\u00e1nchez<\/p>\n\n\n\n<p>A las 9:30 de la ma\u00f1ana del s\u00e1bado 26 de noviembre de 1966 el profesor Juan Bosch se desmont\u00f3 del veh\u00edculo que lo llev\u00f3 desde Santo Domingo hasta el aeropuerto Internacional de Punta Caucedo, para marchar con fines de descanso hacia varios pa\u00edses caribe\u00f1os y europeos, luego de participar en las elecciones del 1 de junio como candidato presidencial del Partido Revolucionario Dominicano (PRD) y dirigir la conflictiva cuarta convenci\u00f3n nacional de esa entidad pol\u00edtica, donde quiso evitar una crisis en sus filas producto del inter\u00e9s de varios de sus dirigentes en colaborar con el r\u00e9gimen del presidente Joaqu\u00edn Balaguer, que hab\u00eda nombrado como secretarios de Finanzas y de Industria y Comercio a los se\u00f1ores Antonio Mart\u00ednez Francisco y Jos\u00e9 Antonio Brea Pe\u00f1a.<\/p>\n\n\n\n<figure class=\"wp-block-image size-full\"><img loading=\"lazy\" decoding=\"async\" width=\"639\" height=\"731\" src=\"https:\/\/diariodominicano.com\/wp-content\/uploads\/2024\/11\/Pena-Gomez-despide-a-Bosch-en-Aeropuerto.jpg\" alt=\"\" class=\"wp-image-575031\" srcset=\"https:\/\/diariodominicano.com\/wp-content\/uploads\/2024\/11\/Pena-Gomez-despide-a-Bosch-en-Aeropuerto.jpg 639w, https:\/\/diariodominicano.com\/wp-content\/uploads\/2024\/11\/Pena-Gomez-despide-a-Bosch-en-Aeropuerto-262x300.jpg 262w\" sizes=\"auto, (max-width: 639px) 100vw, 639px\" \/><\/figure>\n\n\n\n<p>En la terminal a\u00e9rea el l\u00edder pol\u00edtico salud\u00f3 de modo efusivo al secretario general del partido blanco, Jos\u00e9 Francisco Pe\u00f1a G\u00f3mez y sus acompa\u00f1antes, quienes fueron a despedirlo para asegurarle que, independientemente del tiempo que se tomara en el extranjero, sus instrucciones ser\u00edan cumplidas al pie de la letra. A seguidas, camin\u00f3 junto a su asistente personal Domingo Mariotti hacia el avi\u00f3n de \u201cAerol\u00edneas Quisqueyana\u201d que lo llevar\u00eda hasta Caracas -con escala en Curazao-, donde desarrollar\u00eda en una semana una agenda netamente literaria sobre la promoci\u00f3n de su libro \u201cBol\u00edvar y la Guerra Social\u201d.<\/p>\n\n\n\n<figure class=\"wp-block-image size-full\"><img loading=\"lazy\" decoding=\"async\" width=\"691\" height=\"960\" src=\"https:\/\/diariodominicano.com\/wp-content\/uploads\/2024\/11\/BOSCH-SU-ESPOSA-CARMEN-QUIDIELLO-Y-AMIGOS.jpg\" alt=\"\" class=\"wp-image-575033\" srcset=\"https:\/\/diariodominicano.com\/wp-content\/uploads\/2024\/11\/BOSCH-SU-ESPOSA-CARMEN-QUIDIELLO-Y-AMIGOS.jpg 691w, https:\/\/diariodominicano.com\/wp-content\/uploads\/2024\/11\/BOSCH-SU-ESPOSA-CARMEN-QUIDIELLO-Y-AMIGOS-216x300.jpg 216w\" sizes=\"auto, (max-width: 691px) 100vw, 691px\" \/><\/figure>\n\n\n\n<p>Al finalizar su visita a Venezuela, Bosch abord\u00f3 un barco con destino a Barcelona, segunda ciudad m\u00e1s poblada de Espa\u00f1a, donde lo esperaba su esposa, la exprimera dama Carmen Quidiello Castillo y su hija B\u00e1rbara, para tomar enseguida la carretera hacia Madrid, donde vivir\u00edan temporalmente en un quinto piso de una urbanizaci\u00f3n situada al suroeste de la capital. En este lugar se mudaron a principios del mes de diciembre de 1966, ocupando un modesto apartamento amueblado, de dos habitaciones, donde Bosch realiz\u00f3 su primer contacto con la prensa internacional, a la que manifest\u00f3 que no estaba en Madrid en condici\u00f3n de exiliado, sino en labor intelectual \u201c<em>todo el tiempo que ustedes quieran<\/em>\u201d, aunque ah\u00ed le ser\u00eda imposible hallar el sosiego deseado para redactar con presteza la tesis agraria requerida por su partido y otros proyectos escriturales.<\/p>\n\n\n\n<p>El escritor y pol\u00edtico tampoco encontrar\u00eda en ese lugar un ambiente de paz para plasmar sus ideas, porque, como escritor de renombre y expresidente dominicano, su presencia en esta urbe generaba curiosidad p\u00fablica inevitable; sobre todo, habiendo sido v\u00edctima de un golpe de Estado que origin\u00f3 una guerra civil y una invasi\u00f3n extranjera, condenada en diversos lugares del mundo.<\/p>\n\n\n\n<p>Su nuevo hogar se convirti\u00f3 r\u00e1pidamente en centro noticioso observado de manera incesante por pol\u00edticos y periodistas, y en un escenario de peregrinaci\u00f3n intelectual de estudiantes, profesionales y acad\u00e9micos que deseaban conocerle. Muchos de esos visitantes les solicitaban entrevistas y charlas para centros culturales y educativos, o en nombre de los medios de comunicaci\u00f3n espa\u00f1oles, requer\u00edan sus opiniones sobre temas de inter\u00e9s p\u00fablico.&nbsp;<\/p>\n\n\n\n<p>Su segunda declaraci\u00f3n a la prensa se la dio a la revista \u00a1Ahora! y fue publicada el 20 de febrero de 1967. Aqu\u00ed trat\u00f3 el tema de los militares que lucharon en la revuelta de abril del 65 junto al coronel Francisco Caama\u00f1o por el retorno a la vida constitucional, los cuales, seg\u00fan dijo, estaban recibiendo maltratos del gobierno dominicano presidido por Joaqu\u00edn Balaguer, que lejos de reintegrarlos a los cuarteles estaba cancelando a muchos de ellos.&nbsp;<\/p>\n\n\n\n<figure class=\"wp-block-image size-full\"><img loading=\"lazy\" decoding=\"async\" width=\"720\" height=\"452\" src=\"https:\/\/diariodominicano.com\/wp-content\/uploads\/2024\/11\/Bosch-entrevistado-por-el-novelista-Angel-M.-De-Lera.jpg\" alt=\"\" class=\"wp-image-575035\" srcset=\"https:\/\/diariodominicano.com\/wp-content\/uploads\/2024\/11\/Bosch-entrevistado-por-el-novelista-Angel-M.-De-Lera.jpg 720w, https:\/\/diariodominicano.com\/wp-content\/uploads\/2024\/11\/Bosch-entrevistado-por-el-novelista-Angel-M.-De-Lera-300x188.jpg 300w\" sizes=\"auto, (max-width: 720px) 100vw, 720px\" \/><\/figure>\n\n\n\n<p>Poco despu\u00e9s, en la primera semana de marzo de 1967, convers\u00f3 en su hogar con el escritor \u00c1ngel M. De Lera, redactor del diario \u201cABC\u201d, sobre su obra literaria y la sencillez de su vida en Madrid, sin dejar de mencionar su origen espa\u00f1ol; su padre Jos\u00e9 Bosch Subirats era catal\u00e1n, de Tortosa y su madre, \u00c1ngela Gavi\u00f1o Costales, hija de gallego. La revista \u00a1Ahora!, en su edici\u00f3n del d\u00eda 6 de ese mes, se encarg\u00f3 de divulgar en Santo Domingo esta interesante entrevista, titulada \u201cJuan Bosch, escritor y americano y universal\u201d.<\/p>\n\n\n\n<p>Una semana m\u00e1s tarde, el diario \u201cABC\u201d public\u00f3 un art\u00edculo de Bosch, que ten\u00eda por t\u00edtulo \u201cQu\u00e9 est\u00e1 pasando en China\u201d, cuyo contenido fue reproducido \u00edntegramente por la revista criolla y comentado por la agencia de noticias estadounidense \u201cPrensa Asociada\u201d, dada su categor\u00eda de an\u00e1lisis agudo de la Revoluci\u00f3n Cultural en auge en esa naci\u00f3n asi\u00e1tica.<\/p>\n\n\n\n<figure class=\"wp-block-image size-full\"><img loading=\"lazy\" decoding=\"async\" width=\"720\" height=\"875\" src=\"https:\/\/diariodominicano.com\/wp-content\/uploads\/2024\/11\/Bosch.jpg\" alt=\"\" class=\"wp-image-575037\" srcset=\"https:\/\/diariodominicano.com\/wp-content\/uploads\/2024\/11\/Bosch.jpg 720w, https:\/\/diariodominicano.com\/wp-content\/uploads\/2024\/11\/Bosch-247x300.jpg 247w\" sizes=\"auto, (max-width: 720px) 100vw, 720px\" \/><\/figure>\n\n\n\n<p>El autor de La Ma\u00f1osa hizo una nueva exposici\u00f3n p\u00fablica el 14 de marzo de 1967, reclamando para la \u201cMadre Patria\u201d el liderato moral de Am\u00e9rica, al estimar \u201c<em>que aunque Espa\u00f1a prestaba asistencia diversa a los pa\u00edses americanos, se desarrollaba en forma aislada, y lo que necesita es que se integre en una atm\u00f3sfera de pueblos hisp\u00e1nicos<\/em>\u201d, mediante la programaci\u00f3n y desarrollo de \u201ccentros vivos de actividades culturales hispanoamericanas\u201d.&nbsp;<\/p>\n\n\n\n<p>El escritor destac\u00f3 entonces que reivindicaba \u201c<em>un liderato como el de un padre lleno de historia, que sigue con los hijos, aunque estos tengan su vida independiente<\/em>\u201d, y consider\u00f3 con un sentido propiamente cultural, que muchos novelistas espa\u00f1oles de esa \u00e9poca eran notables que sab\u00edan muy bien su oficio, aunque la novela espa\u00f1ola se hab\u00eda ce\u00f1ido a temas vigentes s\u00f3lo en Espa\u00f1a, que no eran de inter\u00e9s de los lectores fuera de su territorio.<\/p>\n\n\n\n<p>Igualmente lament\u00f3 que la tem\u00e1tica de la narrativa espa\u00f1ola no fuera universal y atribuy\u00f3 parte de la culpa a los editores que no se ocupaban de promocionar apropiadamente la producci\u00f3n literaria de sus autores, por estar aferrados a un tradicionalismo comercial que hab\u00eda periclitado, as\u00ed como a t\u00e9cnicas de difusi\u00f3n que eran \u201c<em>pobres, anticuadas, incapaces de afrontar el problema en los t\u00e9rminos de amplitud de mercados y competencia<\/em>\u201d<\/p>\n\n\n\n<p>Esa era la visi\u00f3n de un reconocido cuentista del Caribe que hab\u00eda hecho sus aportes a la lengua espa\u00f1ola por medio de numerosos ensayos, novelas y cuentos, como \u201cLa Ma\u00f1osa\u201d, \u201cCamino real\u201d, \u201cCuento de Navidad\u201d, \u201cCuentos escritos en el exilio\u201d, \u201cDos pesos de agua\u201d, \u201cLa muchacha de la Guaira\u201d, \u201cDavid: Biograf\u00eda de un rey\u201d, \u201cHostos, el sembrador\u201d, \u201cCuba, la isla fascinante\u201d, \u201cSim\u00f3n Bol\u00edvar, biograf\u00eda para escolares\u201d, \u201cTrujillo, causas de una tiran\u00eda sin ejemplo\u201d, \u201cBol\u00edvar y la guerra social\u201d y \u201cCrisis de la democracia de Am\u00e9rica en la Rep\u00fablica Dominicana\u201d.<\/p>\n\n\n\n<p><strong>La entrevista que incomoda a Bosch<\/strong><\/p>\n\n\n\n<p>El jueves 20 de abril de 1967, Bosch concedi\u00f3 una entrevista en Madrid al corresponsal de Prensa Asociada, Emilio Moya, la cual, al d\u00eda siguiente, fue la noticia de primera p\u00e1gina del peri\u00f3dico dominicano \u201cEl Caribe\u201d, con el titular: \u201c<em>Juan Bosch vuelve vaticinar revoluci\u00f3n sangrienta aqu\u00ed<\/em>\u201d, y un subt\u00edtulo sosteniendo que \u201c<em>el exmandatario viv\u00eda con su esposa en lujosa residencia al nordeste de Madrid<\/em>\u201d.<\/p>\n\n\n\n<p>Esta entrevista caus\u00f3 mucho revuelo en Santo Domingo y Espa\u00f1a, no s\u00f3lo porque vaticinaba \u201cnuevos derramamientos de sangre\u201d si no cesaba el estado de terror que prevalec\u00eda en el territorio dominicano, sino por el subt\u00edtulo ajeno al tema tratado por Bosch para recordar la conmemoraci\u00f3n del segundo aniversario de la guerra de abril de 1965, a su juicio la gesta hist\u00f3rica \u201c<em>m\u00e1s noble, heroica y costosa en vidas que se haya librado en la Rep\u00fablica Dominicana en su lucha centenaria por conquistar la libertad e implantar la justicia<\/em>\u201d.<\/p>\n\n\n\n<p>Bosch no esperaba que a su declaraci\u00f3n se le injertara una falsedad que pod\u00eda inducir al p\u00fablico a creer que sali\u00f3 de su pa\u00eds para vivir en Espa\u00f1a como el burgu\u00e9s que no era; por lo que, al ser un pol\u00edtico celoso con su imagen de hombre honesto, reaccion\u00f3 el 27 de abril de 1967, ante esta contrariedad inesperada, efectuando una rueda de prensa en su hogar para mostrar a los periodistas que viv\u00eda en casa modesta y alquilada.<\/p>\n\n\n\n<p>El expresidente calific\u00f3 de mentira incre\u00edble la desinformaci\u00f3n que le afectaba y revel\u00f3 que cuando llam\u00f3 a la estaci\u00f3n de Prensa Asociada en Madrid y habl\u00f3 con el periodista que lo hab\u00eda entrevistado, para preguntarle la raz\u00f3n de esa falacia, \u00e9ste \u201c<em>se defendi\u00f3 como gato bocarriba diciendo que \u00e9l no hab\u00eda cambiado mis declaraciones<\/em>\u201d; pero \u201c<em>hizo igual que el alacr\u00e1n, es decir, llevaba el veneno en la cola<\/em>\u201d.<\/p>\n\n\n\n<p>Poco m\u00e1s tarde, Harold K. Milks, jefe en Madrid de AP, rectific\u00f3 la informaci\u00f3n, al aclarar p\u00fablicamente que Bosch viv\u00eda junto a su esposa e hija \u201c<em>en un barrio donde los alquileres eran altos, pero su departamento era una vivienda modesta de dos dormitorios en un edificio donde los alquileres no son tan caros<\/em>\u201d.<\/p>\n\n\n\n<figure class=\"wp-block-image size-full\"><img loading=\"lazy\" decoding=\"async\" width=\"720\" height=\"477\" src=\"https:\/\/diariodominicano.com\/wp-content\/uploads\/2024\/11\/Playa-de-Benodorm.jpg\" alt=\"\" class=\"wp-image-575039\" srcset=\"https:\/\/diariodominicano.com\/wp-content\/uploads\/2024\/11\/Playa-de-Benodorm.jpg 720w, https:\/\/diariodominicano.com\/wp-content\/uploads\/2024\/11\/Playa-de-Benodorm-300x199.jpg 300w\" sizes=\"auto, (max-width: 720px) 100vw, 720px\" \/><\/figure>\n\n\n\n<p>Playa de Benidorm<\/p>\n\n\n\n<p><strong>Bosch en Benidorm<\/strong><\/p>\n\n\n\n<p>En el verano de 1967 Bosch y su esposa Carmen se mudaron a Benidorm, primer enclave tur\u00edstico del Mediterr\u00e1neo, en la provincia de Alicante, de la Comunidad Valenciana, situado a 461 kil\u00f3metros de Madrid, por carretera. All\u00ed se instal\u00f3 en un peque\u00f1o apartamento en el duod\u00e9cimo piso del edificio \u00abMar Balum\u00bb, donde reinaba una gran tranquilidad y un espacio de paz que no hab\u00eda palpado en la capital espa\u00f1ola, apropiado para meditar, estudiar y escribir.&nbsp;<\/p>\n\n\n\n<figure class=\"wp-block-image size-full\"><img loading=\"lazy\" decoding=\"async\" width=\"608\" height=\"960\" src=\"https:\/\/diariodominicano.com\/wp-content\/uploads\/2024\/11\/Pena-Gomez.jpg\" alt=\"\" class=\"wp-image-575042\" srcset=\"https:\/\/diariodominicano.com\/wp-content\/uploads\/2024\/11\/Pena-Gomez.jpg 608w, https:\/\/diariodominicano.com\/wp-content\/uploads\/2024\/11\/Pena-Gomez-190x300.jpg 190w\" sizes=\"auto, (max-width: 608px) 100vw, 608px\" \/><\/figure>\n\n\n\n<p>Jos\u00e9 Francisco Pe\u00f1a G\u00f3mez, secretario general del partido blanco, fue uno de los primeros dirigentes pol\u00edticos en volar desde Santo Domingo a Madrid, el 16 de junio de 1967, para visitar a su maestro y gu\u00eda en la pl\u00e1cida ciudad veraniega donde se encontraba, previo al viaje del ejecutivo perrede\u00edsta a Estocolmo, capital de Suecia, donde participar\u00eda, en compa\u00f1\u00eda del diputado Emmanuel Espinal, en el congreso del Partido Socialdem\u00f3crata Sueco, invitado por el primer ministro Tage Erlander, gran amigo de Bosch, quien hab\u00eda propiciado tres meses antes el primer acercamiento del partido blanco a la Internacional Socialista, durante la visita del expresidente dominicano a Suecia, entre el 26 de marzo y el 1 de abril de ese a\u00f1o.&nbsp;<\/p>\n\n\n\n<figure class=\"wp-block-image size-full\"><img loading=\"lazy\" decoding=\"async\" width=\"567\" height=\"830\" src=\"https:\/\/diariodominicano.com\/wp-content\/uploads\/2024\/11\/Jottin-Cury.jpg\" alt=\"\" class=\"wp-image-575044\" srcset=\"https:\/\/diariodominicano.com\/wp-content\/uploads\/2024\/11\/Jottin-Cury.jpg 567w, https:\/\/diariodominicano.com\/wp-content\/uploads\/2024\/11\/Jottin-Cury-205x300.jpg 205w\" sizes=\"auto, (max-width: 567px) 100vw, 567px\" \/><\/figure>\n\n\n\n<p>Otro personaje influyente en la sociedad dominicana y en las decisiones del primer poder del Estado, pasar\u00eda por Benidorm el 4 de noviembre de 1967, para entrevistarse con el profesor Juan Bosch y conocer sus opiniones sobre lo que ocurr\u00eda en ese momento en el mundo y especialmente en su pa\u00eds. Este era el destacado jurista Jottin Cury El\u00edas, presidente de la comisi\u00f3n pol\u00edtica del partido blanco y diputado l\u00edder de la minor\u00eda opositora en el Congreso, quien se encontraba en Espa\u00f1a desde el 31 de octubre, invitado por Bosch para que hiciera el largo recorrido de cuatro horas y 46 minutos desde Madrid hasta su hogar en la impresionante ciudad de rascacielos de quince y veinte pisos y de hermosas playas, llamada Benidorm, tambi\u00e9n conocida como la \u201cNueva York del Mediterr\u00e1neo espa\u00f1ol\u201d, donde viv\u00eda junto a su esposa, rodeado de turistas procedentes de diversos lugares, que todos los a\u00f1os iban hasta all\u00ed a vacacionar y disfrutar su belleza natural.<\/p>\n\n\n\n<p>El doctor Cury narr\u00f3 su experiencia de este viaje en un art\u00edculo publicado el 18 de diciembre de 1967 en la revista \u00a1Ahora!, titulado \u201c\u00bfBosch en un para\u00edso?\u201d, donde ofrec\u00eda una imagen viva de cu\u00e1nto hac\u00eda el l\u00edder pol\u00edtico en playas extranjeras. El excanciller del gobierno en armas del coronel Francisco Caama\u00f1o refiri\u00f3 que al llegar al edificio \u00abMar Balum\u00bb, hogar de Bosch en Benidorm, subi\u00f3 hasta su apartamento situado en el duod\u00e9cimo piso, donde viv\u00eda \u201c<em>entre muebles pobres, en uni\u00f3n de su esposa y una nativa que ayuda en los quehaceres dom\u00e9sticos<\/em>\u00ab, pudiendo observar que era un lugar bien peque\u00f1o, propio para una familia de dos y su mobiliario se compon\u00eda de varias sillas, un sof\u00e1, una mecedora, mesa y libros.&nbsp;<\/p>\n\n\n\n<p>Tras un fraternal saludo, el doctor Cury convers\u00f3 ampliamente con el l\u00edder perrede\u00edsta, logrando despejar la duda sembrada en su \u00e1nimo, desde ese mismo escenario por un amigo suyo que, en el mes de septiembre anterior, le envi\u00f3 una tarjeta postal de variados colores, con grandes edificios y playas, con una nota escrita con cierto sarcasmo pol\u00edtico que dec\u00eda: \u201c<em>Desde este bello lugar, donde tambi\u00e9n veranea tu jefe y maestro\u2026digo, profesor, te saluda cordialmente\u2026<\/em>\u201d. En clara alusi\u00f3n a la presencia en Benidorm del hombre que ten\u00eda ante s\u00ed.&nbsp;<\/p>\n\n\n\n<p>Por ello, estando ahora all\u00ed, conversando con Bosch, el doctor Cury pudo apreciar con sus propios ojos que \u00e9ste no veraneaba en ese sano y bello lugar. M\u00e1s bien se refugi\u00f3 en aquel para\u00edso terrenal no por placer, sino casi por obligaci\u00f3n para escribir su libro \u201cComposici\u00f3n Social Dominicana\u201d y su grandilocuente obra, \u201cDe Crist\u00f3bal Col\u00f3n a Fidel Castro, el Caribe, Frontera Imperial\u201d, adem\u00e1s de concluir la tesis agraria de su partido iniciada en Madrid. Incluso, el expresidente tuvo la confianza de confesarle que resid\u00eda en ese sitio porque el apartamento le fue cedido por un amigo para que se ahorrara un alquiler en Madrid, \u201c<em>cuyo pago supon\u00eda para \u00e9l un mensual quebradero de cabeza<\/em>\u201d, debido a que sus entradas, muy m\u00f3dicas, exig\u00edan econom\u00eda de ese tipo.<\/p>\n\n\n\n<p>Tambi\u00e9n le refiri\u00f3 que tanto en oto\u00f1o como en invierno, Benidorm era un pueblo solitario, de poco movimiento y que a sus 58 a\u00f1os, encaraba esa invernal soledad, incursionando en la pintura, la escultura y haciendo manualidades que lo manten\u00edan en acci\u00f3n constante.&nbsp;&nbsp;<\/p>\n\n\n\n<p>Tres meses despu\u00e9s de la visita del doctor Cury a Benidorm, el 24 de enero de 1968 regres\u00f3 Pe\u00f1a G\u00f3mez a esta ciudad, en compa\u00f1\u00eda de Jaime Cruz, su auxiliar de seguridad y de Domingo Mariotti, asistente de Bosch, para hablar con este sobre \u201c<em>importantes asuntos de actualidad<\/em>\u201d y trazar la l\u00ednea que sostendr\u00eda el partido blanco en ese nuevo a\u00f1o. Este encuentro fue aprovechado por el exmandatario para desplegar una actividad art\u00edstica utilizando de modelo a su apreciado disc\u00edpulo, tallando en arcilla su cabeza, tal como hab\u00eda hecho unos meses atr\u00e1s, esculpiendo las im\u00e1genes de do\u00f1a Carmen y su hijo Patricio.<\/p>\n\n\n\n<figure class=\"wp-block-image size-full\"><img loading=\"lazy\" decoding=\"async\" width=\"720\" height=\"599\" src=\"https:\/\/diariodominicano.com\/wp-content\/uploads\/2024\/11\/Bosch-prepara-busto-de-Pena-Gomez.jpg\" alt=\"\" class=\"wp-image-575046\" srcset=\"https:\/\/diariodominicano.com\/wp-content\/uploads\/2024\/11\/Bosch-prepara-busto-de-Pena-Gomez.jpg 720w, https:\/\/diariodominicano.com\/wp-content\/uploads\/2024\/11\/Bosch-prepara-busto-de-Pena-Gomez-300x250.jpg 300w\" sizes=\"auto, (max-width: 720px) 100vw, 720px\" \/><\/figure>\n\n\n\n<p>Bosch dio a conocer el busto del \u00abjoven y fogoso l\u00edder\u00bb a trav\u00e9s de fotograf\u00edas y una carta fechada el 16 de marzo de 1968, enviada al periodista Miguel Hern\u00e1ndez, redactor del peri\u00f3dico \u00abEl Nacional\u00bb y autor de la popular columna \u201cNovedades y comentarios\u201d, en la que le informaba que aparte de los numerosos escritos que hab\u00eda realizado en Benidorm, en sus ratos libres, desarrollaba con mucha pasi\u00f3n el arte de hacer paisajes, esculpir figuras humanas y hacer m\u00e1scaras t\u00edpicas dominicanas, como las utilizadas en los carnavales de La Vega, ya que aprendi\u00f3 este arte popular en sus a\u00f1os de infancia junto a su hermano Pepito, cuando en los primeros d\u00edas de enero de cada a\u00f1o, confeccionaban caretas y decoraciones carnavalescas que luego vend\u00edan en la ciudad.<\/p>\n\n\n\n<p>Igualmente dec\u00eda en su carta que estaba pensando en volver a Santo Domingo para realizar una exposici\u00f3n de sus obras, y dijo a modo de chanza, que pod\u00eda pintar por encima del nivel que se le atribu\u00eda al expresidente estadounidense Dwight David Eisenhower, cuyo pasatiempo era el dibujo, y al exprimer ministro ingl\u00e9s Winston Churchill, quien ten\u00eda como hobby pintar paisajes y bodegones.<\/p>\n\n\n\n<p>Entre abril y agosto de 1968, segundo a\u00f1o de su estad\u00eda en Benidorm, el expresidente recibi\u00f3 all\u00ed a los escritores Gabriel Garc\u00eda M\u00e1rquez, Emilio G. Loygorri y Juana Barn\u00e9s, as\u00ed como al periodista Alberto S\u00e1nchez P, enviado especial de la revista \u00a1Ahora! y autor de un reportaje titulado \u201cJuan Bosch escribe intensamente Benidorm\u201d. Tambi\u00e9n a sus compa\u00f1eros de partido Manolo Fern\u00e1ndez M\u00e1rmol y Rafael Gamundi Cordero, y al secretario general del Partido Comunista Dominicano (PCD), Narciso Isa Conde.<\/p>\n\n\n\n<p>A trav\u00e9s de Rafa Gamundi,&nbsp; el 20 de abril de 1967 Bosch recibi\u00f3 una misiva enviada desde Santo Domingo por el l\u00edder obrero Pedro Julio Evangelista,&nbsp; secretario general del bur\u00f3 sindical perrede\u00edsta, en respaldo a la nueva orientaci\u00f3n ideol\u00f3gica de su partido, que el exmandatario dar\u00eda a conocer m\u00e1s adelante con la presentaci\u00f3n de la&nbsp; tesis de la \u201cDictadura con Apoyo Popular\u201d, durante su participaci\u00f3n -como orador invitado- en el&nbsp; octavo congreso mundial de la Uni\u00f3n Internacional de J\u00f3venes Socialistas (IUSY), a celebrarse en el mes de junio en Estocolmo.<\/p>\n","protected":false},"excerpt":{"rendered":"<p>Bosch se despide de compa\u00f1eros en-Aeropuerto-de-Punta-Caucedo-antes de-viajar a Espa\u00f1a. Sebasti\u00e1n Del Pilar S\u00e1nchez A las 9:30 de la ma\u00f1ana del s\u00e1bado 26 de noviembre de 1966 el profesor Juan Bosch se desmont\u00f3 del veh\u00edculo que lo llev\u00f3 desde Santo Domingo hasta el aeropuerto Internacional de Punta Caucedo, para marchar con fines de descanso hacia varios [&hellip;]<\/p>\n","protected":false},"author":2,"featured_media":575027,"comment_status":"closed","ping_status":"closed","sticky":true,"template":"","format":"standard","meta":{"footnotes":""},"categories":[36,26,22,27],"tags":[],"class_list":["post-575026","post","type-post","status-publish","format-standard","has-post-thumbnail","hentry","category-hombresmujeresycosas","category-efemerides","category-politica","category-portada"],"_links":{"self":[{"href":"https:\/\/diariodominicano.com\/index.php?rest_route=\/wp\/v2\/posts\/575026","targetHints":{"allow":["GET"]}}],"collection":[{"href":"https:\/\/diariodominicano.com\/index.php?rest_route=\/wp\/v2\/posts"}],"about":[{"href":"https:\/\/diariodominicano.com\/index.php?rest_route=\/wp\/v2\/types\/post"}],"author":[{"embeddable":true,"href":"https:\/\/diariodominicano.com\/index.php?rest_route=\/wp\/v2\/users\/2"}],"replies":[{"embeddable":true,"href":"https:\/\/diariodominicano.com\/index.php?rest_route=%2Fwp%2Fv2%2Fcomments&post=575026"}],"version-history":[{"count":6,"href":"https:\/\/diariodominicano.com\/index.php?rest_route=\/wp\/v2\/posts\/575026\/revisions"}],"predecessor-version":[{"id":575047,"href":"https:\/\/diariodominicano.com\/index.php?rest_route=\/wp\/v2\/posts\/575026\/revisions\/575047"}],"wp:featuredmedia":[{"embeddable":true,"href":"https:\/\/diariodominicano.com\/index.php?rest_route=\/wp\/v2\/media\/575027"}],"wp:attachment":[{"href":"https:\/\/diariodominicano.com\/index.php?rest_route=%2Fwp%2Fv2%2Fmedia&parent=575026"}],"wp:term":[{"taxonomy":"category","embeddable":true,"href":"https:\/\/diariodominicano.com\/index.php?rest_route=%2Fwp%2Fv2%2Fcategories&post=575026"},{"taxonomy":"post_tag","embeddable":true,"href":"https:\/\/diariodominicano.com\/index.php?rest_route=%2Fwp%2Fv2%2Ftags&post=575026"}],"curies":[{"name":"wp","href":"https:\/\/api.w.org\/{rel}","templated":true}]}}